{"id":10065,"date":"2016-05-08T20:23:36","date_gmt":"2016-05-08T19:23:36","guid":{"rendered":"http:\/\/www.hamburg-fuer-die-elbe.de\/?p=10065"},"modified":"2016-09-14T11:00:04","modified_gmt":"2016-09-14T10:00:04","slug":"brand-ueber-der-peute","status":"publish","type":"post","link":"https:\/\/www.hamburg-fuer-die-elbe.de\/?p=10065","title":{"rendered":"Brand \u00fcber der Peute"},"content":{"rendered":"<p>Just zum Ende des Hafengeburtstages, ca. 20.00 Uhr,\u00a0 <a href=\"https:\/\/www.hamburg-fuer-die-elbe.de\/wordpress\/wp-content\/uploads\/2016\/05\/BrandPeute1.jpg\" target=\"_blank\"><img loading=\"lazy\" decoding=\"async\" class=\"alignright wp-image-10066\" src=\"https:\/\/www.hamburg-fuer-die-elbe.de\/wordpress\/wp-content\/uploads\/2016\/05\/BrandPeute1-300x225.jpg\" alt=\"BrandPeute1\" width=\"250\" height=\"188\" srcset=\"https:\/\/www.hamburg-fuer-die-elbe.de\/wordpress\/wp-content\/uploads\/2016\/05\/BrandPeute1-300x225.jpg 300w, https:\/\/www.hamburg-fuer-die-elbe.de\/wordpress\/wp-content\/uploads\/2016\/05\/BrandPeute1-768x576.jpg 768w, https:\/\/www.hamburg-fuer-die-elbe.de\/wordpress\/wp-content\/uploads\/2016\/05\/BrandPeute1-1024x768.jpg 1024w\" sizes=\"(max-width: 250px) 100vw, 250px\" \/><\/a>gibt es <a href=\"https:\/\/www.google.de\/url?sa=t&amp;rct=j&amp;q=&amp;esrc=s&amp;source=web&amp;cd=1&amp;cad=rja&amp;uact=8&amp;ved=0ahUKEwjE4-jzl8vMAhXEVBQKHcmmD0IQqQIIJTAA&amp;url=http%3A%2F%2Fwww.abendblatt.de%2Fhamburg%2Fhamburg-mitte%2Farticle207543301%2FLagerhalle-im-Hafen-brennt-Rauchpilz-ueber-Hamburg.html&amp;usg=AFQjCNF1c6mgqSJnxMDO0ExPg0dg-nN2mQ\" target=\"_blank\">Nachrichten \u00fcber einen Gro\u00dfbrand auf der Peute<\/a>, deren Brandwolken west-nord-westw\u00e4rts \u00fcber Hamburg fliegen. Entlang der Elbe sind diese Wolken \u00fcber den Hafen gen Ottensen, Othmarschen, Osdorf nun auch im 15 Kilometer Luftlinie entfernten Iserbrook angelangt. Es riecht nicht wirklich gesund&#8230;<\/p>\n<p><a href=\"https:\/\/www.hamburg-fuer-die-elbe.de\/wordpress\/wp-content\/uploads\/2016\/05\/BrandPeute2.jpg\" target=\"_blank\"><img loading=\"lazy\" decoding=\"async\" class=\"alignleft wp-image-10067 size-medium\" src=\"https:\/\/www.hamburg-fuer-die-elbe.de\/wordpress\/wp-content\/uploads\/2016\/05\/BrandPeute2-169x300.jpg\" alt=\"BrandPeute2\" width=\"169\" height=\"300\" srcset=\"https:\/\/www.hamburg-fuer-die-elbe.de\/wordpress\/wp-content\/uploads\/2016\/05\/BrandPeute2-169x300.jpg 169w, https:\/\/www.hamburg-fuer-die-elbe.de\/wordpress\/wp-content\/uploads\/2016\/05\/BrandPeute2-768x1365.jpg 768w, https:\/\/www.hamburg-fuer-die-elbe.de\/wordpress\/wp-content\/uploads\/2016\/05\/BrandPeute2-576x1024.jpg 576w, https:\/\/www.hamburg-fuer-die-elbe.de\/wordpress\/wp-content\/uploads\/2016\/05\/BrandPeute2.jpg 918w\" sizes=\"(max-width: 169px) 100vw, 169px\" \/><\/a>Auf dem NDR haben wir bislang nichts geh\u00f6rt, ob eine Gef\u00e4hrdung besteht, oder was an Giftstoffen aus der Lagerhalle nun in der Luft unterwegs ist. Wir w\u00fcnschen den Feuerwehrleuten toi, toi, toi und viel Erfolg.<\/p>\n<p>Es sei an dieser Stelle an den Brand Atlantic Cartier vom <a href=\"https:\/\/www.hamburg-fuer-die-elbe.de\/?p=7956\" target=\"_blank\">01.05.2013 am evangelischen Kirchentag in der HafenCity<\/a> erinnert. Ein Hafenbetrieb ist kein Picknick, insbesondere wenn dieser, wie in Hamburg, in der Innenstadt liegt. Auch <a href=\"http:\/\/www.spiegel.de\/panorama\/tianjin-explosion-erschuettert-chinesische-hafenstadt-a-1047892.html\" target=\"_blank\">Tianjin sei in Erinnerung gebracht<\/a> &#8211; wenn auch in Hamburg von Explosionen bislang nichts berichtet wurde.<\/p>\n<p>Auf <a href=\"http:\/\/www.hamburg.de\/warnungen\/\" target=\"_blank\">Katwarn<\/a>, dem Hamburger Warnsystem, ist kein Hinweis zu finden &#8211; ist das alles nur kondensierendes Rosenwasser, was wir schwarz am Himmel sehen? Der Gestank ist unver\u00e4ndert&#8230; Der <a href=\"https:\/\/www.ndr.de\/nachrichten\/hamburg\/Veddel-Schwierige-Suche-nach-Brandursache,veddel116.html\" target=\"_blank\" class=\"broken_link\">NDR hat nun etwas ver\u00f6ffentlicht<\/a> &#8211; es wird zum\u00a0 Ende des Hafengeburtstages nun von einem vorzeitigen Abbruch gesprochen.<\/p>\n","protected":false},"excerpt":{"rendered":"<p>Just zum Ende des Hafengeburtstages, ca. 20.00 Uhr,\u00a0 gibt es Nachrichten \u00fcber einen Gro\u00dfbrand auf der Peute, deren Brandwolken west-nord-westw\u00e4rts \u00fcber Hamburg fliegen. Entlang der Elbe sind diese Wolken \u00fcber den Hafen gen Ottensen, Othmarschen, Osdorf nun auch im 15 Kilometer Luftlinie entfernten Iserbrook angelangt. Es riecht nicht wirklich gesund&#8230; Auf dem NDR haben wir &hellip; <a href=\"https:\/\/www.hamburg-fuer-die-elbe.de\/?p=10065\" class=\"more-link\"><span class=\"screen-reader-text\">Brand \u00fcber der Peute<\/span> weiterlesen <span class=\"meta-nav\">&rarr;<\/span><\/a><\/p>\n","protected":false},"author":2,"featured_media":0,"comment_status":"closed","ping_status":"closed","sticky":false,"template":"","format":"standard","meta":{"footnotes":""},"categories":[1],"tags":[76,500,499],"_links":{"self":[{"href":"https:\/\/www.hamburg-fuer-die-elbe.de\/index.php?rest_route=\/wp\/v2\/posts\/10065"}],"collection":[{"href":"https:\/\/www.hamburg-fuer-die-elbe.de\/index.php?rest_route=\/wp\/v2\/posts"}],"about":[{"href":"https:\/\/www.hamburg-fuer-die-elbe.de\/index.php?rest_route=\/wp\/v2\/types\/post"}],"author":[{"embeddable":true,"href":"https:\/\/www.hamburg-fuer-die-elbe.de\/index.php?rest_route=\/wp\/v2\/users\/2"}],"replies":[{"embeddable":true,"href":"https:\/\/www.hamburg-fuer-die-elbe.de\/index.php?rest_route=%2Fwp%2Fv2%2Fcomments&post=10065"}],"version-history":[{"count":8,"href":"https:\/\/www.hamburg-fuer-die-elbe.de\/index.php?rest_route=\/wp\/v2\/posts\/10065\/revisions"}],"predecessor-version":[{"id":10457,"href":"https:\/\/www.hamburg-fuer-die-elbe.de\/index.php?rest_route=\/wp\/v2\/posts\/10065\/revisions\/10457"}],"wp:attachment":[{"href":"https:\/\/www.hamburg-fuer-die-elbe.de\/index.php?rest_route=%2Fwp%2Fv2%2Fmedia&parent=10065"}],"wp:term":[{"taxonomy":"category","embeddable":true,"href":"https:\/\/www.hamburg-fuer-die-elbe.de\/index.php?rest_route=%2Fwp%2Fv2%2Fcategories&post=10065"},{"taxonomy":"post_tag","embeddable":true,"href":"https:\/\/www.hamburg-fuer-die-elbe.de\/index.php?rest_route=%2Fwp%2Fv2%2Ftags&post=10065"}],"curies":[{"name":"wp","href":"https:\/\/api.w.org\/{rel}","templated":true}]}}