{"id":10117,"date":"2016-05-26T00:01:20","date_gmt":"2016-05-25T23:01:20","guid":{"rendered":"http:\/\/www.hamburg-fuer-die-elbe.de\/?p=10117"},"modified":"2016-05-25T19:44:47","modified_gmt":"2016-05-25T18:44:47","slug":"hafenplanungsunrecht","status":"publish","type":"post","link":"https:\/\/www.hamburg-fuer-die-elbe.de\/?p=10117","title":{"rendered":"Hafenplanungs(un)recht?"},"content":{"rendered":"<p>Sie erinnern sich? <a href=\"https:\/\/www.hamburg-fuer-die-elbe.de\/?p=6293\" target=\"_blank\">Vor etwa einem Jahr berichteten wir<\/a>, dass die HPA das Gebiet rund um den Vollh\u00f6fner Wald in Altenwerder vom Hafenerweiterungsgebiet in ein Hafennutzungsgebiet umwidmen wollte. <a href=\"https:\/\/www.hamburg-fuer-die-elbe.de\/?p=6545\" target=\"_blank\">Ein nicht bindendes Beteiligungsverfahren<\/a> folgte und dann war lange Zeit nichts mehr zu h\u00f6ren. <a href=\"https:\/\/www.hamburg-fuer-die-elbe.de\/?p=10034\" target=\"_blank\">Anfang Mai diesen Jahres<\/a> wurde <a href=\"https:\/\/www.hamburg-fuer-die-elbe.de\/wordpress\/wp-content\/uploads\/2015\/05\/Vollh\u00f6fenerWeiden1.jpg\" target=\"_blank\" rel=\"attachment wp-att-6298\"><img loading=\"lazy\" decoding=\"async\" class=\"wp-image-6298 alignright\" src=\"https:\/\/www.hamburg-fuer-die-elbe.de\/wordpress\/wp-content\/uploads\/2015\/05\/Vollh\u00f6fenerWeiden1.jpg\" alt=\"Vollh\u00f6fenerWeiden1\" width=\"285\" height=\"213\" \/><\/a>dann die \u00dcberf\u00fchrung des Gebiets &#8220;Altenwerder-West&#8221; vom Hamburger Senat beschlossen. Die Naturschutzverb\u00e4nde Nabu und <a href=\"http:\/\/bund-hamburg.bund.net\/index.php?id=4682&amp;tx_ttnews[tt_news]=41215&amp;tx_ttnews[backPid]=4647\" target=\"_blank\" class=\"broken_link\">BUND k\u00fcndigten an, Rechtsmittel dagegen einzulegen<\/a>.<\/p>\n<p><a href=\"https:\/\/hamburg.nabu.de\/umwelt-und-ressourcen\/altes-land\/18941.html\" target=\"_blank\">Das ist nun offenbar am 20.05.2016 erfolgt<\/a>. Im <a href=\"https:\/\/www.google.de\/url?sa=t&amp;rct=j&amp;q=&amp;esrc=s&amp;source=web&amp;cd=1&amp;cad=rja&amp;uact=8&amp;ved=0ahUKEwi3n8-T7fXMAhXKERQKHUZQA3IQFggdMAA&amp;url=http%3A%2F%2Fwww.abendblatt.de%2Fhamburg%2Farticle207587911%2FVerbaende-klagen-gegen-Abholzung-im-Hafen.html&amp;usg=AFQjCNHNyqcgV50yLCaxuiUHR217W8y91Q\" target=\"_blank\">Zentrum der Klage<\/a> steht die Hamburger Hafenplanungsverordnung bzw. das <a href=\"http:\/\/www.hamburg-port-authority.de\/de\/hafenkunden\/baugenehmigungen\/hafenplanungsrecht\/Seiten\/default.aspx\" target=\"_blank\">Hafenplanungsrecht<\/a>. Danach gibt es ein gesondertes Bauplanungsrecht fur das Hafengebiet und Teile der sonst \u00fcblichen Bauplanung und des Umweltschutzes werden dar\u00fcber ausgehebelt. So konnten Sie und wir beispielsweise erfahren, dass unsere Einw\u00e4nde gegen die Umwidmung des Gebietes um den Vollh\u00f6fner Wald einfach ignoriert werden. Die Umweltverb\u00e4nde stellen nun die Frage, ob das Sonderbebauungsrecht f\u00fcr den Hamburger Hafen noch zeitgem\u00e4\u00df und ob die Ignoranz gegen\u00fcber der Natur zul\u00e4ssig ist.<\/p>\n<p>Bevor hier wieder der Einwand kommt: Es geht doch nur um ein paar &#8220;Bl\u00fcmchen&#8221; und &#8220;Tierchen&#8221;. Daf\u00fcr sollen doch Arbeitspl\u00e4tze kommen. Fragen Sie sich mal, wieviele Arbeitspl\u00e4tze auf eine Logistikfl\u00e4che, die auch noch grunds\u00e4tzlich nur 1 &#8211; 2 st\u00f6ckig, daf\u00fcr aber in die Breite gebaut wird, tats\u00e4chlich entstehen werden. Neue Logistikanlagen werden ganz sicher vollautomatisiert sein. Massenweise Arbeitspl\u00e4tze werden nicht entstehen. Aber ganz sicher wird der LKW-Verkehr und damit die L\u00e4rm- und Luftbelastung f\u00fcr die Menschen in Moorburg und Francop massiv zunehmen. Und es geht um mehr als die &#8220;Bl\u00fcmchen&#8221; und &#8220;Tierchen&#8221; aus diesem Wald. Der Vollh\u00f6fner Wald ist <a href=\"https:\/\/www.hamburg-fuer-die-elbe.de\/?p=4885\" target=\"_blank\">Bestandteil eines Biotopverbundes<\/a>, der u.a. auch wegen der geplanten A26 bereits insgesamt in Gefahr ist.<\/p>\n","protected":false},"excerpt":{"rendered":"<p>Sie erinnern sich? Vor etwa einem Jahr berichteten wir, dass die HPA das Gebiet rund um den Vollh\u00f6fner Wald in Altenwerder vom Hafenerweiterungsgebiet in ein Hafennutzungsgebiet umwidmen wollte. Ein nicht bindendes Beteiligungsverfahren folgte und dann war lange Zeit nichts mehr zu h\u00f6ren. Anfang Mai diesen Jahres wurde dann die \u00dcberf\u00fchrung des Gebiets &#8220;Altenwerder-West&#8221; vom Hamburger &hellip; <a href=\"https:\/\/www.hamburg-fuer-die-elbe.de\/?p=10117\" class=\"more-link\"><span class=\"screen-reader-text\">Hafenplanungs(un)recht?<\/span> weiterlesen <span class=\"meta-nav\">&rarr;<\/span><\/a><\/p>\n","protected":false},"author":3,"featured_media":0,"comment_status":"closed","ping_status":"closed","sticky":false,"template":"","format":"standard","meta":{"footnotes":""},"categories":[1],"tags":[404,312,503,405],"_links":{"self":[{"href":"https:\/\/www.hamburg-fuer-die-elbe.de\/index.php?rest_route=\/wp\/v2\/posts\/10117"}],"collection":[{"href":"https:\/\/www.hamburg-fuer-die-elbe.de\/index.php?rest_route=\/wp\/v2\/posts"}],"about":[{"href":"https:\/\/www.hamburg-fuer-die-elbe.de\/index.php?rest_route=\/wp\/v2\/types\/post"}],"author":[{"embeddable":true,"href":"https:\/\/www.hamburg-fuer-die-elbe.de\/index.php?rest_route=\/wp\/v2\/users\/3"}],"replies":[{"embeddable":true,"href":"https:\/\/www.hamburg-fuer-die-elbe.de\/index.php?rest_route=%2Fwp%2Fv2%2Fcomments&post=10117"}],"version-history":[{"count":8,"href":"https:\/\/www.hamburg-fuer-die-elbe.de\/index.php?rest_route=\/wp\/v2\/posts\/10117\/revisions"}],"predecessor-version":[{"id":10127,"href":"https:\/\/www.hamburg-fuer-die-elbe.de\/index.php?rest_route=\/wp\/v2\/posts\/10117\/revisions\/10127"}],"wp:attachment":[{"href":"https:\/\/www.hamburg-fuer-die-elbe.de\/index.php?rest_route=%2Fwp%2Fv2%2Fmedia&parent=10117"}],"wp:term":[{"taxonomy":"category","embeddable":true,"href":"https:\/\/www.hamburg-fuer-die-elbe.de\/index.php?rest_route=%2Fwp%2Fv2%2Fcategories&post=10117"},{"taxonomy":"post_tag","embeddable":true,"href":"https:\/\/www.hamburg-fuer-die-elbe.de\/index.php?rest_route=%2Fwp%2Fv2%2Ftags&post=10117"}],"curies":[{"name":"wp","href":"https:\/\/api.w.org\/{rel}","templated":true}]}}