{"id":10178,"date":"2016-06-08T20:04:36","date_gmt":"2016-06-08T19:04:36","guid":{"rendered":"http:\/\/www.hamburg-fuer-die-elbe.de\/?p=10178"},"modified":"2016-09-17T14:35:10","modified_gmt":"2016-09-17T16:35:10","slug":"termin-gerichtsverhandlung","status":"publish","type":"post","link":"https:\/\/www.hamburg-fuer-die-elbe.de\/?p=10178","title":{"rendered":"Gerichtstermin"},"content":{"rendered":"<p><a href=\"https:\/\/www.hamburg-fuer-die-elbe.de\/wordpress\/wp-content\/uploads\/2014\/10\/BVerwGLeipzig21.jpg\"><img loading=\"lazy\" decoding=\"async\" class=\"alignright wp-image-3978\" src=\"https:\/\/www.hamburg-fuer-die-elbe.de\/wordpress\/wp-content\/uploads\/2014\/10\/BVerwGLeipzig21.jpg\" alt=\"BVerwGLeipzig2\" width=\"250\" height=\"154\" srcset=\"https:\/\/www.hamburg-fuer-die-elbe.de\/wordpress\/wp-content\/uploads\/2014\/10\/BVerwGLeipzig21.jpg 1267w, https:\/\/www.hamburg-fuer-die-elbe.de\/wordpress\/wp-content\/uploads\/2014\/10\/BVerwGLeipzig21-300x184.jpg 300w, https:\/\/www.hamburg-fuer-die-elbe.de\/wordpress\/wp-content\/uploads\/2014\/10\/BVerwGLeipzig21-1024x628.jpg 1024w, https:\/\/www.hamburg-fuer-die-elbe.de\/wordpress\/wp-content\/uploads\/2014\/10\/BVerwGLeipzig21-900x552.jpg 900w\" sizes=\"(max-width: 250px) 100vw, 250px\" \/><\/a>In seiner heutigen <a href=\"http:\/\/www.bverwg.de\/presse\/pressemitteilungen\/pressemitteilung.php?jahr=2016&amp;nr=50\" target=\"_blank\">Pressemitteilung teilte das Bundesverwaltungsgericht<\/a> in Leipzig mit, dass ein Termin zur erneuten m\u00fcndlichen Verhandlung der Elbvertiefung auf den 19.\u00a0 Dezember 2016 anberaumt wird. Die Verhandlung soll am 20. und 21.\u00a0Dezember\u00a02016 fortgesetzt werden.<\/p>\n<p>Endlich geht das Verfahren nun weiter. Ob noch vor Weihnachten diesen Jahres in Sachen Elbvertiefung eine Entscheidung des Gerichtes erfolgen wird, ist der Pressemitteilung nicht zu entnehmen. Der Hamburger Wirtschafts-Staatsrat, Herr Rolf B\u00f6singer jedenfalls \u00e4u\u00dfert sich sehr optimistisch in <a href=\"https:\/\/www.welt.de\/regionales\/hamburg\/article156069318\/Naechste-Verhandlung-zur-Elbvertiefung-vor-Weihnachten.html\" target=\"_blank\">der Welt <\/a>mit den Worten: &#8220;<em>Wir freuen uns, dass wir in diesem Jahr noch eine Entscheidung bekommen werden.<\/em>&#8221; Verhaltenere <a href=\"https:\/\/www.google.de\/url?sa=t&amp;rct=j&amp;q=&amp;esrc=s&amp;source=web&amp;cd=1&amp;cad=rja&amp;uact=8&amp;ved=0ahUKEwi_nfLAkpnNAhUcM8AKHcz8ChMQqQIIJjAA&amp;url=http%3A%2F%2Fwww.abendblatt.de%2Fwirtschaft%2Farticle207658909%2FElbvertiefung-Kommt-das-Urteil-noch-2016.html&amp;usg=AFQjCNEagCpP_NyNWtx7BjPtt9jf6Oge1w\" target=\"_blank\">Stimmen sind im Abendblatt<\/a> zu lesen.<\/p>\n<p><a href=\"https:\/\/www.hamburg-fuer-die-elbe.de\/wordpress\/wp-content\/uploads\/2014\/07\/BVerwGLeipzig9.jpg\" target=\"_blank\"><img loading=\"lazy\" decoding=\"async\" class=\"wp-image-4048 alignleft\" src=\"https:\/\/www.hamburg-fuer-die-elbe.de\/wordpress\/wp-content\/uploads\/2014\/07\/BVerwGLeipzig9.jpg\" alt=\"BVerwGLeipzig9\" width=\"250\" height=\"141\" srcset=\"https:\/\/www.hamburg-fuer-die-elbe.de\/wordpress\/wp-content\/uploads\/2014\/07\/BVerwGLeipzig9.jpg 816w, https:\/\/www.hamburg-fuer-die-elbe.de\/wordpress\/wp-content\/uploads\/2014\/07\/BVerwGLeipzig9-300x168.jpg 300w\" sizes=\"(max-width: 250px) 100vw, 250px\" \/><\/a>Kurz vor Weihnachten werden wir in jedem Falle wissen, wie sich der Containerumschlag in diesem Jahr in Hamburg und den Konkurrenzh\u00e4fen der Nordrange, Antwerpen und Rotterdam, entwickelt hat. So wie es seit langer Zeit aussieht, sind die exorbitanten Wachstumszahlen f\u00fcr alle H\u00e4fen Geschichte. Vielleicht k\u00f6nnen sich die konkurrierenden gro\u00dfen H\u00e4fen noch den einen oder anderen Container gegenseitig abgejagen &#8211; an j\u00e4hrliche Umschlagssteigerungen um Millionen von TEU glaubt aber die gesamte Hafenbranche schon lange nicht mehr.<\/p>\n<p>Trotzdem: In der <a href=\"http:\/\/www.fahrrinnenausbau.de\/Projektbuero\/dokumente\/Downloads\/b\/Bedarfsbegruendung.pdf\" target=\"_blank\">Bedarfsbegr\u00fcndung f\u00fcr die Elbvertiefung<\/a> ist auf Pdf-Seite 13 zu lesen: &#8220;<em>Damit ist auch f\u00fcr den Hamburger Hafen in Zukunft von einem weiteren Steigerungspotenzial des Umschlags auszugehen. &#8230; Hier sieht die ISL-Prognose f\u00fcr das Jahr 2015 ein Potenzial von etwa 18 Mio. TEU bzw. gut 23 Mio. TEU im Jahr 2020.<\/em>&#8221; Zur Erinnerung: in <a href=\"http:\/\/www.statistik-nord.de\/daten\/verkehr-umwelt-und-energie\/monatszahlen\/?inputTree%5B%5D=c%3A34&amp;prevInputTree%5B%5D=c%3A34&amp;inputTree%5B%5D=t%3A152&amp;prevInputTree%5B%5D=t%3A152&amp;filter%5Blocations%5D=&amp;filter%5Blocations%5D%5B%5D=2&amp;filter%5BstartYear%5D=2011\" target=\"_blank\">2015 wurden 8,5 Mio. TEU<\/a>, also nicht einmal die H\u00e4lfte des prognostizierten Potenzials umgeschlagen und trotzdem h\u00e4lt der Senat an dem Unsinn der Elbvertiefung fest.<\/p>\n<p>Auch dass die riesengro\u00dfen, aufgrund des o.a. Ladungsmangels leer anmutenden Schiffe ohne Tiefgangsprobleme die Elbe befahren, hindert den Senat nicht, an seinen Umschlagsvisionen und Elbvertiefungspl\u00e4nen festzuhalten. Unser Helmut Schmidt, der f\u00fcr <a href=\"http:\/\/www.bz-berlin.de\/deutschland\/wer-visionen-hat-sollte-zum-arzt-gehen-die-besten-zitate-von-helmut-schmidt\" target=\"_blank\" class=\"broken_link\">Visionen<\/a> nicht viel \u00fcbrig hatte, hat dem ersten B\u00fcrgermeister unserer Stadt, Herrn Olaf Scholz, noch im <a href=\"http:\/\/www.zeit.de\/2015\/37\/helmut-schmidt-olaf-scholz-interview\" target=\"_blank\">September 2015 in einem Zeit-Interview<\/a> die richtigen Fragen gestellt und seine eigene These samt Understatement-Schlusssatz aufgestellt: &#8220;<em>Meine These ist, dass der Hafen zwar wachsen wird, aber seine Bedeutung f\u00fcr die Stadt und f\u00fcr die Region abnehmen wird. Heute spielt der Hafen eine riesenhafte Rolle in der Vorstellung der Hamburger. In Wirklichkeit ist nebenan in Finkenwerder eine gr\u00f6\u00dfere Stadt entstanden. Und die Zukunft liegt im produktiven Gewerbe, nicht im Verkehr. Vielleicht irre ich mich.<\/em>&#8221;<\/p>\n<p>Nein, er hat sich bestimmt nicht geirrt! Aber um das alles geht es ja auch gar nicht mehr. Das Bundesverwaltungsgericht entscheidet nicht mehr um die &#8220;<strong>\u00f6konomischen Sachverhalte<\/strong>&#8221; &#8211; die sind in unserem Land, obwohl alle Prognosen vollst\u00e4ndig falsch waren und nachweislich kein Bedarf f\u00fcr eine Elbvertiefung besteht, durch das im Jahr 2012 abgeschlossene Planfeststellungsverfahren trotz umf\u00e4nglicher Einspr\u00fcche l\u00e4ngst abgehakt. Gerichtsklage war und ist f\u00fcr Otto-Normalb\u00fcrger zu diesen Sachverhalten nicht m\u00f6glich!<\/p>\n<p>\u00dcbrig geblieben sind die gerichtsf\u00e4higen &#8220;<strong>\u00f6kologischen Sachverhalte<\/strong>&#8220;, denen sich dankenswerterweise unsere Umweltverb\u00e4nde BUND, NABU und WWF angenommen haben. Auch ein Otto-Normalb\u00fcrger h\u00e4tte dieses wieder nicht gekonnt. So ist es gut, das stellvertretend f\u00fcr uns Otto-Normalb\u00fcrger wenigstens \u00fcber das Verbandsklagerecht die <a href=\"https:\/\/www.portaltideelbe.de\/Projekte\/elbservice\/index.html\" target=\"_blank\">Wiebelschmiele<\/a>, die <a href=\"https:\/\/de.wikipedia.org\/wiki\/Finte_%28Fisch%29\" target=\"_blank\">Finte<\/a>, der <a href=\"http:\/\/www.botanischerverein.de\/tl_files\/botanischer_verein\/dokumente_aktionenprojekte\/Flyer_Oenanthe_2015.pdf\" target=\"_blank\">Schierlingswasserfenchel<\/a>, die <a href=\"https:\/\/de.wikipedia.org\/wiki\/Lachseeschwalbe\" target=\"_blank\">Lachseeschwalbe<\/a> und der <a href=\"http:\/\/www.ndr.de\/fernsehen\/sendungen\/45_min\/video-podcast\/Elbvertiefung-Was-riskieren-wir,minuten1824.html\" target=\"_blank\">Pottwal <\/a>(bitte ansehen) und viele, viele andere Lebewesen Rechte einfordern d\u00fcrfen.<\/p>\n<p>Und es wird Zeit, dass der \u00f6konomische Unsinn zu Lasten der Menschen und Lebewesen an der Elbe per Gerichtsentscheid ein Ende findet. Ja, darauf freuen wir uns wirklich &#8211; auf einen solchen endg\u00fcltigen Entscheid des Bundesverwaltungsgerichtes.<\/p>\n","protected":false},"excerpt":{"rendered":"<p>In seiner heutigen Pressemitteilung teilte das Bundesverwaltungsgericht in Leipzig mit, dass ein Termin zur erneuten m\u00fcndlichen Verhandlung der Elbvertiefung auf den 19.\u00a0 Dezember 2016 anberaumt wird. Die Verhandlung soll am 20. und 21.\u00a0Dezember\u00a02016 fortgesetzt werden. Endlich geht das Verfahren nun weiter. Ob noch vor Weihnachten diesen Jahres in Sachen Elbvertiefung eine Entscheidung des Gerichtes erfolgen &hellip; <a href=\"https:\/\/www.hamburg-fuer-die-elbe.de\/?p=10178\" class=\"more-link\"><span class=\"screen-reader-text\">Gerichtstermin<\/span> weiterlesen <span class=\"meta-nav\">&rarr;<\/span><\/a><\/p>\n","protected":false},"author":2,"featured_media":0,"comment_status":"closed","ping_status":"closed","sticky":false,"template":"","format":"standard","meta":{"footnotes":""},"categories":[1,138],"tags":[44,46,47,168],"_links":{"self":[{"href":"https:\/\/www.hamburg-fuer-die-elbe.de\/index.php?rest_route=\/wp\/v2\/posts\/10178"}],"collection":[{"href":"https:\/\/www.hamburg-fuer-die-elbe.de\/index.php?rest_route=\/wp\/v2\/posts"}],"about":[{"href":"https:\/\/www.hamburg-fuer-die-elbe.de\/index.php?rest_route=\/wp\/v2\/types\/post"}],"author":[{"embeddable":true,"href":"https:\/\/www.hamburg-fuer-die-elbe.de\/index.php?rest_route=\/wp\/v2\/users\/2"}],"replies":[{"embeddable":true,"href":"https:\/\/www.hamburg-fuer-die-elbe.de\/index.php?rest_route=%2Fwp%2Fv2%2Fcomments&post=10178"}],"version-history":[{"count":8,"href":"https:\/\/www.hamburg-fuer-die-elbe.de\/index.php?rest_route=\/wp\/v2\/posts\/10178\/revisions"}],"predecessor-version":[{"id":10587,"href":"https:\/\/www.hamburg-fuer-die-elbe.de\/index.php?rest_route=\/wp\/v2\/posts\/10178\/revisions\/10587"}],"wp:attachment":[{"href":"https:\/\/www.hamburg-fuer-die-elbe.de\/index.php?rest_route=%2Fwp%2Fv2%2Fmedia&parent=10178"}],"wp:term":[{"taxonomy":"category","embeddable":true,"href":"https:\/\/www.hamburg-fuer-die-elbe.de\/index.php?rest_route=%2Fwp%2Fv2%2Fcategories&post=10178"},{"taxonomy":"post_tag","embeddable":true,"href":"https:\/\/www.hamburg-fuer-die-elbe.de\/index.php?rest_route=%2Fwp%2Fv2%2Ftags&post=10178"}],"curies":[{"name":"wp","href":"https:\/\/api.w.org\/{rel}","templated":true}]}}