{"id":10389,"date":"2016-09-14T21:46:25","date_gmt":"2016-09-14T20:46:25","guid":{"rendered":"http:\/\/www.hamburg-fuer-die-elbe.de\/?p=10389"},"modified":"2016-09-16T08:07:21","modified_gmt":"2016-09-16T07:07:21","slug":"geschmaeckle-von-welt","status":"publish","type":"post","link":"https:\/\/www.hamburg-fuer-die-elbe.de\/?p=10389","title":{"rendered":"Geschm\u00e4ckle von Welt"},"content":{"rendered":"<p><a href=\"https:\/\/www.hamburg-fuer-die-elbe.de\/wordpress\/wp-content\/uploads\/2016\/09\/Mann-ohne-Welt.jpg\"><img loading=\"lazy\" decoding=\"async\" class=\"alignright wp-image-10468\" src=\"https:\/\/www.hamburg-fuer-die-elbe.de\/wordpress\/wp-content\/uploads\/2016\/09\/Mann-ohne-Welt.jpg\" alt=\"mann-ohne-welt\" width=\"250\" height=\"406\" srcset=\"https:\/\/www.hamburg-fuer-die-elbe.de\/wordpress\/wp-content\/uploads\/2016\/09\/Mann-ohne-Welt.jpg 888w, https:\/\/www.hamburg-fuer-die-elbe.de\/wordpress\/wp-content\/uploads\/2016\/09\/Mann-ohne-Welt-185x300.jpg 185w, https:\/\/www.hamburg-fuer-die-elbe.de\/wordpress\/wp-content\/uploads\/2016\/09\/Mann-ohne-Welt-768x1248.jpg 768w, https:\/\/www.hamburg-fuer-die-elbe.de\/wordpress\/wp-content\/uploads\/2016\/09\/Mann-ohne-Welt-630x1024.jpg 630w\" sizes=\"(max-width: 250px) 100vw, 250px\" \/><\/a>Die Welt \u00e4ndert sich &#8211; welch eine schlaue Weisheit. Bei der Zeitung &#8220;DIE WELT&#8221; hat sich in diesem Monat das gesamte Internetoutfit zum 12.09.2016 neu erfunden, so dass wir statt dem markanten Welt-Globus inmitten des Namens der Zeitung seit kurzer Zeit einen blauen Balken mit dem verk\u00fcrzten Titel &#8220;Welt N24&#8221; finden. Das alles interessiert uns nur wenig &#8211; wichtig ist es aber, um der nachfolgenden anr\u00fcchig anmutenden Geschichte folgen zu k\u00f6nnen.<\/p>\n<p>Die Verk\u00fcndung des Weserurteils stand bekannterma\u00dfen Anfang September 2016 kurz vor der T\u00fcr. Was w\u00fcrde in Sachen Elbvertiefung passieren, wenn das Urteil so ausf\u00e4llt, dass die Weservertiefung einen D\u00e4mpfer erhalten w\u00fcrde? Diese Bef\u00fcrchtung scheinen finanzkr\u00e4ftige Bef\u00fcrworter der Elbvertiefung gehabt haben, so dass diese entschieden haben m\u00fcssen, unmittelbar vor dem Weserurteil etwas Positives und Verharmlosendes in Sachen Elbe zu ver\u00f6ffentlichen. Wissenschaftlich anmutend sollte der Inhalt sein, zugleich medial modern leicht verdaulich und insbesondere die mit der Vertiefung einhergehenden massiven Probleme mussten verschwindend klein gegen das sogenannte &#8220;\u00f6ffentliche Interesse&#8221; dargestellt werden.<\/p>\n<p>Am 01.09.2016 begann diese Kampagne mit einem <a href=\"https:\/\/www.welt.de\/regionales\/hamburg\/article157920818\/Ein-neuer-Blick-auf-die-Elbvertiefung.html\" target=\"_blank\">Interview unseres Wirtschaftssenators in der Welt <\/a>mit der vollmundigen Ank\u00fcndigung &#8220;<em>Multimedia-Special: Ein neuer Blick auf die Elbvertiefung<\/em>&#8221; ?\u00a0 Wir lesen: &#8220;<em>So werden erstmals mehrere Animationen \u2013 auch in 3D \u2013 pr\u00e4sentiert, die zeigen, wie die Elbe im Allgemeinen und ihr Flussbett im Besonderen aussehen. Realisiert wurden sie von einem Team des Labors f\u00fcr Geoinformatik und Geovisualisierung der HafenCity Universit\u00e4t (HCU). Abgerundet wird der virtuelle Tauchgang und das Multimedia-Special mit 360-Grad-Videos des Hamburger Hafens inklusive eines Interviews mit Jens Meier, dem Chef der <a class=\"o-link\" title=\"Nachrichten, Bilder, Videos und Reisetipps zu Hamburg finden Sie auf unserer Themenseite.\" href=\"https:\/\/www.welt.de\/themen\/hamburg-staedtereise\/\" name=\"inlineLink_\">Hamburg<\/a> Port Authority (HPA), sowie Grafiken, Bildern und kleineren Erkl\u00e4rst\u00fccken zur Elbvertiefung.&#8221;<\/em><\/p>\n<p>Am 04.09.2016 wird in der Welt am Sonntag nachgelegt: &#8220;<span class=\"o-headline c-headline c-dreifaltigkeit__headline \" data-qa=\"Headline\"><a href=\"https:\/\/www.welt.de\/print\/wams\/hamburg\/article157946318\/Tiefer-Einblick.html\" target=\"_blank\"><em>Tiefer Einblick<\/em><\/a>&#8221; lautet der neue Artikel. &#8220;<em>Manchmal kann es dem Frieden dienen, eine 3-D-Brille aufzusetzen. Dann zum Beispiel, wenn man dadurch das komplexe und umstrittene Thema Elbvertiefung wesentlich klarer sieht. Wenn man dadurch deutlicher erkennen kann, wie der Fluss momentan aussieht \u2013 und wie er nach der Vertiefung und Verbreiterung aussehen k\u00f6nnte.<\/em>&#8221; Wir erfahren, dass das Multimedia-Special mit dem Link <em>www.welt.de\/elbvertiefung<\/em> am Dienstag (06.09.2016) ver\u00f6ffentlicht werden soll.<br \/>\n<\/span><\/p>\n<p>Wir w\u00fcrden jetzt einen journalistischen Beitrag mit viel Recherche, Hintergr\u00fcnden, Fakten und Interviews von Bef\u00fcrwortern und Gegnern erwarten. Was w\u00fcrden Sie erwarten?<\/p>\n<p>Am 07.09.2016, 09:30 Uhr ist es dann soweit.<strong> Im noch alten Welt-Outfit<\/strong> finden wir auf der Weltseite an oberster Stelle unter der Rubrik <a href=\"https:\/\/www.hamburg-fuer-die-elbe.de\/wordpress\/wp-content\/uploads\/2016\/09\/Welt-Bildschirmfoto-2016-09-07-um-10.02.33.png\" target=\"_blank\"><img loading=\"lazy\" decoding=\"async\" class=\"alignright wp-image-10460\" src=\"https:\/\/www.hamburg-fuer-die-elbe.de\/wordpress\/wp-content\/uploads\/2016\/09\/Welt-Bildschirmfoto-2016-09-07-um-10.02.33.png\" alt=\"welt-bildschirmfoto-2016-09-07-um-10-02-33\" width=\"450\" height=\"239\" srcset=\"https:\/\/www.hamburg-fuer-die-elbe.de\/wordpress\/wp-content\/uploads\/2016\/09\/Welt-Bildschirmfoto-2016-09-07-um-10.02.33.png 968w, https:\/\/www.hamburg-fuer-die-elbe.de\/wordpress\/wp-content\/uploads\/2016\/09\/Welt-Bildschirmfoto-2016-09-07-um-10.02.33-300x160.png 300w, https:\/\/www.hamburg-fuer-die-elbe.de\/wordpress\/wp-content\/uploads\/2016\/09\/Welt-Bildschirmfoto-2016-09-07-um-10.02.33-768x409.png 768w\" sizes=\"(max-width: 450px) 100vw, 450px\" \/><\/a>&#8220;Regionales&#8221; den Hinweis auf den nun zur Interaktiv-Reportage mutierten Artikel &#8220;So haben Sie die Elbe noch nie gesehen&#8221;. Beim Klicken auf den Titel landen wir nun auf dem <a href=\"http:\/\/www.welt.de\/lesestueck\/2016\/elbvertiefung\/\">lange angek\u00fcndigten Artikel<\/a>.<\/p>\n<p>Doch Obacht: in ganz kleiner Schrift steht neben dem Artikel &#8220;<strong>Anzeige<\/strong>&#8220;. Dieses ist also kein redaktioneller Beitrag der Welt, sondern eine von zahlenden Kunden finanzierte Werbeanzeige. Wir k\u00f6nnen es nicht glauben, schlie\u00dflich stehen doch zwei Weltredakteure mit ihrem Namen hinter diesem Elbvertiefungs-Special. Ein Irrtum?<\/p>\n<p><a href=\"https:\/\/www.hamburg-fuer-die-elbe.de\/wordpress\/wp-content\/uploads\/2016\/09\/Welt-Bildschirmphoto-2016-09-10-um-10.10.17.png\" target=\"_blank\"><img loading=\"lazy\" decoding=\"async\" class=\"alignleft wp-image-10461\" src=\"https:\/\/www.hamburg-fuer-die-elbe.de\/wordpress\/wp-content\/uploads\/2016\/09\/Welt-Bildschirmphoto-2016-09-10-um-10.10.17.png\" alt=\"welt-bildschirmphoto-2016-09-10-um-10-10-17\" width=\"400\" height=\"256\" srcset=\"https:\/\/www.hamburg-fuer-die-elbe.de\/wordpress\/wp-content\/uploads\/2016\/09\/Welt-Bildschirmphoto-2016-09-10-um-10.10.17.png 972w, https:\/\/www.hamburg-fuer-die-elbe.de\/wordpress\/wp-content\/uploads\/2016\/09\/Welt-Bildschirmphoto-2016-09-10-um-10.10.17-300x192.png 300w, https:\/\/www.hamburg-fuer-die-elbe.de\/wordpress\/wp-content\/uploads\/2016\/09\/Welt-Bildschirmphoto-2016-09-10-um-10.10.17-768x491.png 768w\" sizes=\"(max-width: 400px) 100vw, 400px\" \/><\/a>Nein, auch die n\u00e4chsten Tage finden wir in der Rubrik &#8220;Regionales&#8221; immer wieder den Hinweis auf diese &#8220;<strong>Anzeige<\/strong>&#8221; an allererster Stelle der Hamburger Themenliste. So zum Beispiel am\u00a0 10.09.2016 um 10:10 Uhr und auch noch am 11.09.2016 um 20:28 Uhr, wie die beigef\u00fcgten Bildschirmphotos zeigen. Am 12.09.2016 \u00e4ndert sich die Gestaltung des Welt Internetauftritts im Sinne der einf\u00fchrenden Worte &#8211; der gesamte als &#8220;<strong>Anzeige<\/strong>&#8221; <a href=\"https:\/\/www.hamburg-fuer-die-elbe.de\/wordpress\/wp-content\/uploads\/2016\/09\/Welt.Bildschirmfoto-2016-09-11-um-20.28.47.png\" target=\"_blank\"><img loading=\"lazy\" decoding=\"async\" class=\"alignright wp-image-10462\" src=\"https:\/\/www.hamburg-fuer-die-elbe.de\/wordpress\/wp-content\/uploads\/2016\/09\/Welt.Bildschirmfoto-2016-09-11-um-20.28.47.png\" alt=\"welt-bildschirmfoto-2016-09-11-um-20-28-47\" width=\"400\" height=\"256\" srcset=\"https:\/\/www.hamburg-fuer-die-elbe.de\/wordpress\/wp-content\/uploads\/2016\/09\/Welt.Bildschirmfoto-2016-09-11-um-20.28.47.png 972w, https:\/\/www.hamburg-fuer-die-elbe.de\/wordpress\/wp-content\/uploads\/2016\/09\/Welt.Bildschirmfoto-2016-09-11-um-20.28.47-300x192.png 300w, https:\/\/www.hamburg-fuer-die-elbe.de\/wordpress\/wp-content\/uploads\/2016\/09\/Welt.Bildschirmfoto-2016-09-11-um-20.28.47-768x492.png 768w\" sizes=\"(max-width: 400px) 100vw, 400px\" \/><\/a>gekennzeichnete Text verschwindet.<\/p>\n<p>&#8220;<a href=\"https:\/\/de.wikipedia.org\/wiki\/Teaser\" target=\"_blank\">Teaser<\/a>&#8221; nennt man diese Form der Werbung unter Marketingfachleuten: ein <b>Anriss(text),<\/b> der ein kurzes Text- oder Bildelement, zeigt, das zum Weiterlesen, -h\u00f6ren, -sehen, -klicken verleiten soll. Ein Teaser verschwindet und wird nicht als journalistischer Beitrag wieder aufrufbar archiviert. Warum auch? Ist doch nur Werbung! Ach ja, und nach dem Auslaufen der &#8220;Anzeige&#8221; am 11.09.2016, abends folgte am n\u00e4chsten Tag das Urteil in Sachen Weservertiefung vom Bundesverwaltungsgericht.<\/p>\n<p>Das oben zitierte Multimedia-Special (&#8220;Anzeige&#8221;) ist nat\u00fcrlich pro Elbvertiefung. Der Sachverhalt wird mit viel Persil, Perwoll und von keinem weniger als HPA-Gesch\u00e4ftsf\u00fchrer Herrn Jens Meier unter Verwendung vieler bunter Bilder und bei Fehlen jeglicher journalistischer Recherche weich, harmlos und flauschig gewaschen. Allein die Wortwahl: &#8220;<em>Vertieft wird der Fahrweg nicht durchgehend, sondern speziell dort, wo Bodenwellen, Falten, Spitzen am Grund der Elbe Schiffen im Weg sind, &#8230;<\/em>&#8221; zeigt, wer der Auftraggeber sein m\u00fcsste. Vergleich Sie mal <a href=\"http:\/\/www.fahrrinnenausbau.de\/downloads\/fahrrinnenanpassung.pdf\" target=\"_blank\">diesen Text mit der Graphik der Elbvertiefungsbrosch\u00fcre aus dem Jahr 2006<\/a>, Seite 12. Dort sind die Spitzen und Bodenwellen zu sehen, die laut der Graphik auf Seite 14 der Brosch\u00fcre immerhin eine Baggermenge von sage und schreibe 38,5 Millionen Kubikmeter, d.h. 38,5 Milliarden St\u00fcck Milcht\u00fcten a einem Liter, ergeben. Unvorstellbar! Zum Vergleich: &#8220;I<em>m Jahr 2014 lieferten \u00fcber vier Millionen Tiere in der Bundesrepublik rund <strong>30,8 Milliarden Liter Milch<\/strong>. Damit k\u00f6nnte man etwa 8200 olympische Schwimmbecken f\u00fcllen.<\/em>&#8221; <a href=\"http:\/\/www.yumda.de\/news\/148604\/milchverbrauch-in-deutschland.html\" target=\"_blank\">schreibt der Fachinformationsdienst der Lebensmittelindustrie Yumda<\/a>.<\/p>\n<p>Wer diese &#8220;Anzeige&#8221; in der Welt geschaltet hat, wissen wir nicht. Wir gehen von einem ordentlichen Eurobetrag aus, der in die Hand genommen wurde, um die Seiten zu gestalten und die Journalisten zu bezahlen. Obwohl rechtlich durch den Hinweis <strong>&#8220;Anzeige&#8221;<\/strong> alles in Ordnung zu sein scheint, hinterl\u00e4sst das schon alles ein gewaltiges Geschm\u00e4ckle. Aber, das kennen wir nun zur Gen\u00fcge von den Verantwortlichen rund um die Elbvertiefung&#8230;<\/p>\n<p>Ach ja, unser Bundesverkehrsminister, Herr Alexander Dobrindt, war am vergangenen Dienstag in Hamburg. NDR 90,3 berichtet, &#8220;<a href=\"http:\/\/www.ndr.de\/nachrichten\/hamburg\/Verkehrsminister-plant-schon-mit-Elbvertiefung,elbvertiefung584.html\" target=\"_blank\">Verkehrsminister plant mit der Elbvertiefung<\/a>&#8220;. Denken wir an die Ausl\u00e4ndermaut, ist das doch schon fast ein Omen, oder? Mit dem<br \/>\nRichterspruch in Sachen Elbvertiefung rechnet Herr Dobrindt <strong>bis M\u00e4rz kommenden Jahres<\/strong>. Sch\u00f6n, wir freuen uns mit ihm!<\/p>\n","protected":false},"excerpt":{"rendered":"<p>Die Welt \u00e4ndert sich &#8211; welch eine schlaue Weisheit. Bei der Zeitung &#8220;DIE WELT&#8221; hat sich in diesem Monat das gesamte Internetoutfit zum 12.09.2016 neu erfunden, so dass wir statt dem markanten Welt-Globus inmitten des Namens der Zeitung seit kurzer Zeit einen blauen Balken mit dem verk\u00fcrzten Titel &#8220;Welt N24&#8221; finden. Das alles interessiert uns &hellip; <a href=\"https:\/\/www.hamburg-fuer-die-elbe.de\/?p=10389\" class=\"more-link\"><span class=\"screen-reader-text\">Geschm\u00e4ckle von Welt<\/span> weiterlesen <span class=\"meta-nav\">&rarr;<\/span><\/a><\/p>\n","protected":false},"author":2,"featured_media":0,"comment_status":"closed","ping_status":"closed","sticky":false,"template":"","format":"standard","meta":{"footnotes":""},"categories":[1,11],"tags":[168,516],"_links":{"self":[{"href":"https:\/\/www.hamburg-fuer-die-elbe.de\/index.php?rest_route=\/wp\/v2\/posts\/10389"}],"collection":[{"href":"https:\/\/www.hamburg-fuer-die-elbe.de\/index.php?rest_route=\/wp\/v2\/posts"}],"about":[{"href":"https:\/\/www.hamburg-fuer-die-elbe.de\/index.php?rest_route=\/wp\/v2\/types\/post"}],"author":[{"embeddable":true,"href":"https:\/\/www.hamburg-fuer-die-elbe.de\/index.php?rest_route=\/wp\/v2\/users\/2"}],"replies":[{"embeddable":true,"href":"https:\/\/www.hamburg-fuer-die-elbe.de\/index.php?rest_route=%2Fwp%2Fv2%2Fcomments&post=10389"}],"version-history":[{"count":10,"href":"https:\/\/www.hamburg-fuer-die-elbe.de\/index.php?rest_route=\/wp\/v2\/posts\/10389\/revisions"}],"predecessor-version":[{"id":10573,"href":"https:\/\/www.hamburg-fuer-die-elbe.de\/index.php?rest_route=\/wp\/v2\/posts\/10389\/revisions\/10573"}],"wp:attachment":[{"href":"https:\/\/www.hamburg-fuer-die-elbe.de\/index.php?rest_route=%2Fwp%2Fv2%2Fmedia&parent=10389"}],"wp:term":[{"taxonomy":"category","embeddable":true,"href":"https:\/\/www.hamburg-fuer-die-elbe.de\/index.php?rest_route=%2Fwp%2Fv2%2Fcategories&post=10389"},{"taxonomy":"post_tag","embeddable":true,"href":"https:\/\/www.hamburg-fuer-die-elbe.de\/index.php?rest_route=%2Fwp%2Fv2%2Ftags&post=10389"}],"curies":[{"name":"wp","href":"https:\/\/api.w.org\/{rel}","templated":true}]}}