{"id":10603,"date":"2016-09-21T11:45:56","date_gmt":"2016-09-21T09:45:56","guid":{"rendered":"http:\/\/www.hamburg-fuer-die-elbe.de\/?p=10603"},"modified":"2016-09-21T11:45:56","modified_gmt":"2016-09-21T09:45:56","slug":"entbehrbarer-kaufmann","status":"publish","type":"post","link":"https:\/\/www.hamburg-fuer-die-elbe.de\/?p=10603","title":{"rendered":"EntBehrbarer Kaufmann"},"content":{"rendered":"<p><a href=\"https:\/\/www.hamburg-fuer-die-elbe.de\/wordpress\/wp-content\/uploads\/2016\/01\/Handelskammer.jpg\" target=\"_blank\"><img loading=\"lazy\" decoding=\"async\" class=\"alignright wp-image-9025\" src=\"https:\/\/www.hamburg-fuer-die-elbe.de\/wordpress\/wp-content\/uploads\/2016\/01\/Handelskammer.jpg\" alt=\"Handelskammer\" width=\"254\" height=\"191\" srcset=\"https:\/\/www.hamburg-fuer-die-elbe.de\/wordpress\/wp-content\/uploads\/2016\/01\/Handelskammer.jpg 864w, https:\/\/www.hamburg-fuer-die-elbe.de\/wordpress\/wp-content\/uploads\/2016\/01\/Handelskammer-300x225.jpg 300w, https:\/\/www.hamburg-fuer-die-elbe.de\/wordpress\/wp-content\/uploads\/2016\/01\/Handelskammer-768x576.jpg 768w\" sizes=\"(max-width: 254px) 100vw, 254px\" \/><\/a>Die Versammlung Eines Ehrbaren Kaufmann zu Hamburg kennen Sie und wir bislang als Polterstunde einer Hamburger Kaufmannschaft, die wir aufgrund der Wortwahl des Pr\u00e4ses anl\u00e4sslich seiner allj\u00e4hrlichen Rede als nur wenig ehrbar erachtet haben. Wir erinnern an die markigen Worte des Handelskammer Pr\u00e4ses, Herrn Fritz Horst Melsheimer von Ende 2014 zum <a href=\"https:\/\/www.hamburg-fuer-die-elbe.de\/?p=4597\" target=\"_blank\">Verbandsklagerecht in Sachen Elbvertiefung<\/a> und von Ende 2015 zum <a href=\"https:\/\/www.hamburg-fuer-die-elbe.de\/?p=9019\" target=\"_blank\">Olympia-Referendum<\/a>.<\/p>\n<p>Dass dieser unser Polter-Eindruck uns auch nicht in unserem Rechtsempfinden get\u00e4uscht hat, k\u00f6nnen wir heute dem <a href=\"https:\/\/www.google.de\/url?sa=t&amp;rct=j&amp;q=&amp;esrc=s&amp;source=web&amp;cd=1&amp;cad=rja&amp;uact=8&amp;ved=0ahUKEwjhj5zerZ7PAhVMtBoKHTAHBzUQqQIIJjAA&amp;url=http%3A%2F%2Fwww.abendblatt.de%2Fhamburg%2Farticle208268785%2FUrteil-Kammer-Praeses-Melsheimer-hat-das-Gesetz-gebrochen.html&amp;usg=AFQjCNHt49GTV0tIGvWsNeiH01R3j0-O5g\" target=\"_blank\">Hamburger Abendblatt<\/a> entnehmen. Dort lesen wir: &#8220;<em>Das Verwaltungsgericht Hamburg wertete am Dienstag Teile der Rede von Pr\u00e4ses Fritz Horst Melsheimer bei der Versammlung eines Ehrenbaren Kaufmanns am 31. Dezember 2015 als rechtswidrig.<\/em>&#8221; In dem gut geschriebenen Artikel freuen wir uns nicht nur \u00fcber die klaren Worte des Richters zu den Worten von Herrn Melsheimer.<\/p>\n<p><a href=\"https:\/\/www.hamburg-fuer-die-elbe.de\/wordpress\/wp-content\/uploads\/2014\/12\/Handelskammer2.jpg\"><img loading=\"lazy\" decoding=\"async\" class=\"alignright size-full wp-image-4612\" src=\"https:\/\/www.hamburg-fuer-die-elbe.de\/wordpress\/wp-content\/uploads\/2014\/12\/Handelskammer2.jpg\" alt=\"Handelskammer2\" width=\"2122\" height=\"241\" srcset=\"https:\/\/www.hamburg-fuer-die-elbe.de\/wordpress\/wp-content\/uploads\/2014\/12\/Handelskammer2.jpg 2122w, https:\/\/www.hamburg-fuer-die-elbe.de\/wordpress\/wp-content\/uploads\/2014\/12\/Handelskammer2-300x34.jpg 300w, https:\/\/www.hamburg-fuer-die-elbe.de\/wordpress\/wp-content\/uploads\/2014\/12\/Handelskammer2-1024x116.jpg 1024w, https:\/\/www.hamburg-fuer-die-elbe.de\/wordpress\/wp-content\/uploads\/2014\/12\/Handelskammer2-900x102.jpg 900w\" sizes=\"(max-width: 2122px) 100vw, 2122px\" \/><\/a>&#8220;<em>Die &#8221; Fundamentalkritik&#8221; an der direkten Demokratie und der Ausdruck &#8221; Hamburg-Syndrom&#8221; allerdings seien rechtswidrig, da damit die gesetzlichen Grenzen des erlaubten \u00fcberschritten worden seien. &#8221; Syndrom&#8221; sei ein Begriff aus der Medizin f\u00fcr eine Krankheit, der hier nicht passe, so der Richter. Die Aussage des Pr\u00e4ses, die direkte Demokratie sei &#8220;strukturell f\u00fcr sachgerechte Entscheidungen untauglich&#8221; sei zudem &#8220;empirisch schlicht nicht belegbar&#8221;<\/em>&#8220;.<\/p>\n<p>Wir denken, dass etwas \u00e4hnliches zu den Aussagen von Herrn Melsheimer zum Verbandsklagerecht in Sachen Elbvertiefung gesagt werden k\u00f6nnte. Da war es keine Krankheit, sondern die EU, auf der rumgedroschen wurde. Nimmt man die damaligen Worte des Herrn Melsheimer und vergleicht diese mit den geplanten Schiedsgerichten bei TTIP und Konsorten, kann man ahnen, wo im Freihandel der Hammer h\u00e4ngen soll.<\/p>\n<p>Ein gutes Urteil. Wir danken <a href=\"https:\/\/www.google.de\/url?sa=t&amp;rct=j&amp;q=&amp;esrc=s&amp;source=web&amp;cd=6&amp;ved=0ahUKEwii-dmhvp7PAhXmKMAKHa-5COEQFghCMAU&amp;url=https%3A%2F%2Fwww.bffk.de%2Ffiles%2F6pressemitteilung.pdf&amp;usg=AFQjCNE6Az0jqswiRYGRgRSFmGuLuCW4fg&amp;cad=rja\" target=\"_blank\">dem Kl\u00e4ger<\/a>, dass er mit dem heutigen Urteil einem wesentlichen Teil der Hamburger Kaufleute wieder zu Ehren verholfen hat und gratulieren!<\/p>\n","protected":false},"excerpt":{"rendered":"<p>Die Versammlung Eines Ehrbaren Kaufmann zu Hamburg kennen Sie und wir bislang als Polterstunde einer Hamburger Kaufmannschaft, die wir aufgrund der Wortwahl des Pr\u00e4ses anl\u00e4sslich seiner allj\u00e4hrlichen Rede als nur wenig ehrbar erachtet haben. Wir erinnern an die markigen Worte des Handelskammer Pr\u00e4ses, Herrn Fritz Horst Melsheimer von Ende 2014 zum Verbandsklagerecht in Sachen Elbvertiefung &hellip; <a href=\"https:\/\/www.hamburg-fuer-die-elbe.de\/?p=10603\" class=\"more-link\"><span class=\"screen-reader-text\">EntBehrbarer Kaufmann<\/span> weiterlesen <span class=\"meta-nav\">&rarr;<\/span><\/a><\/p>\n","protected":false},"author":2,"featured_media":0,"comment_status":"closed","ping_status":"closed","sticky":false,"template":"","format":"standard","meta":{"footnotes":""},"categories":[1,11],"tags":[298,238,299],"_links":{"self":[{"href":"https:\/\/www.hamburg-fuer-die-elbe.de\/index.php?rest_route=\/wp\/v2\/posts\/10603"}],"collection":[{"href":"https:\/\/www.hamburg-fuer-die-elbe.de\/index.php?rest_route=\/wp\/v2\/posts"}],"about":[{"href":"https:\/\/www.hamburg-fuer-die-elbe.de\/index.php?rest_route=\/wp\/v2\/types\/post"}],"author":[{"embeddable":true,"href":"https:\/\/www.hamburg-fuer-die-elbe.de\/index.php?rest_route=\/wp\/v2\/users\/2"}],"replies":[{"embeddable":true,"href":"https:\/\/www.hamburg-fuer-die-elbe.de\/index.php?rest_route=%2Fwp%2Fv2%2Fcomments&post=10603"}],"version-history":[{"count":4,"href":"https:\/\/www.hamburg-fuer-die-elbe.de\/index.php?rest_route=\/wp\/v2\/posts\/10603\/revisions"}],"predecessor-version":[{"id":10607,"href":"https:\/\/www.hamburg-fuer-die-elbe.de\/index.php?rest_route=\/wp\/v2\/posts\/10603\/revisions\/10607"}],"wp:attachment":[{"href":"https:\/\/www.hamburg-fuer-die-elbe.de\/index.php?rest_route=%2Fwp%2Fv2%2Fmedia&parent=10603"}],"wp:term":[{"taxonomy":"category","embeddable":true,"href":"https:\/\/www.hamburg-fuer-die-elbe.de\/index.php?rest_route=%2Fwp%2Fv2%2Fcategories&post=10603"},{"taxonomy":"post_tag","embeddable":true,"href":"https:\/\/www.hamburg-fuer-die-elbe.de\/index.php?rest_route=%2Fwp%2Fv2%2Ftags&post=10603"}],"curies":[{"name":"wp","href":"https:\/\/api.w.org\/{rel}","templated":true}]}}