{"id":10887,"date":"2016-12-05T20:52:02","date_gmt":"2016-12-05T18:52:02","guid":{"rendered":"http:\/\/www.hamburg-fuer-die-elbe.de\/?p=10887"},"modified":"2016-12-05T20:52:02","modified_gmt":"2016-12-05T18:52:02","slug":"hamburg-sued-und-folgen","status":"publish","type":"post","link":"https:\/\/www.hamburg-fuer-die-elbe.de\/?p=10887","title":{"rendered":"Hamburg S\u00fcd und Folgen"},"content":{"rendered":"<p>Auch wenn noch diverse Kartellbeh\u00f6rden gefragt werden m\u00fcssen, der Deal zwischen <a href=\"https:\/\/www.hamburg-fuer-die-elbe.de\/?p=10867\" target=\"_blank\">Hamburg S\u00fcd<\/a> und <a href=\"http:\/\/investor.maersk.com\/releasedetail.cfm?ReleaseID=1001645\" target=\"_blank\" class=\"broken_link\">Maersk<\/a> ist ziemlich wahrscheinlich durch. Wie wir erfahren durften, soll unser <a href=\"https:\/\/www.google.de\/url?sa=t&amp;rct=j&amp;q=&amp;esrc=s&amp;source=web&amp;cd=1&amp;cad=rja&amp;uact=8&amp;ved=0ahUKEwjru6mVhtbQAhWCPxQKHac8DJ0QFggkMAA&amp;url=http%3A%2F%2Fwww.abendblatt.de%2Fwirtschaft%2Farticle208853569%2FHamburg-Sued-soll-weitermachen-wie-bisher.html&amp;usg=AFQjCNFd84kUD_jqL4NUfDr3qYCRJZEXLw\" target=\"_blank\">Wirtschaftssenator Herr Frank Horch den Verkaufsprozess<\/a> intensiv mit begleitet haben. Wenn das tats\u00e4chlich so war, sind wir platt. Wie kann es sein, dass ein Hamburger Wirtschaftssenator so unverantwortlich mit Hamburger Arbeitspl\u00e4tzen umgeht. In Zusammenhang mit der geplanten Elbvertiefung ist doch immer davon die Rede, dass &#8220;einzelne Bl\u00fcmchen und Tierchen&#8221; nichts Wert sind im Vergleich zu vermeintlichen Arbeitspl\u00e4tzen im und um den Hafen herum.<a href=\"https:\/\/www.hamburg-fuer-die-elbe.de\/wordpress\/wp-content\/uploads\/2016\/12\/Hamburg-S\u00fcd-3-e1480618611916.jpg\" target=\"_blank\"><img loading=\"lazy\" decoding=\"async\" class=\"alignright wp-image-10880 size-medium\" src=\"https:\/\/www.hamburg-fuer-die-elbe.de\/wordpress\/wp-content\/uploads\/2016\/12\/Hamburg-S\u00fcd-3-e1480618611916-169x300.jpg\" alt=\"hamburg-sued-3\" width=\"169\" height=\"300\" srcset=\"https:\/\/www.hamburg-fuer-die-elbe.de\/wordpress\/wp-content\/uploads\/2016\/12\/Hamburg-S\u00fcd-3-e1480618611916-169x300.jpg 169w, https:\/\/www.hamburg-fuer-die-elbe.de\/wordpress\/wp-content\/uploads\/2016\/12\/Hamburg-S\u00fcd-3-e1480618611916-576x1024.jpg 576w, https:\/\/www.hamburg-fuer-die-elbe.de\/wordpress\/wp-content\/uploads\/2016\/12\/Hamburg-S\u00fcd-3-e1480618611916.jpg 752w\" sizes=\"(max-width: 169px) 100vw, 169px\" \/><\/a><\/p>\n<p>Wir verstehen die <a href=\"https:\/\/www.google.de\/url?sa=t&amp;rct=j&amp;q=&amp;esrc=s&amp;source=web&amp;cd=1&amp;cad=rja&amp;uact=8&amp;ved=0ahUKEwivx7Ogh9bQAhWHxRQKHQqDAJ0QqQIIJTAA&amp;url=https%3A%2F%2Fwww.abendblatt.de%2Fwirtschaft%2Farticle208857921%2FDemo-der-Hamburg-Sued-Mitarbeiter-fuer-ihre-Arbeitsplaetze.html&amp;usg=AFQjCNFyTD1LjBKiaX7CD3ubiS8Hfst-mA\" target=\"_blank\">Kolleginnen und Kollegen der Hamburg S\u00fcd Unternehmen<\/a>, die f\u00fcr den Erhalt des Unternehmensstandorts in Hamburg und ihre Arbeitspl\u00e4tze demonstriert haben. Wir vermuten ebenfalls, dass nach einer &#8220;Kulanzzeit&#8221; die Konzernzentrale und viele Arbeitspl\u00e4tze verloren gehen werden. Auch an dem gro\u00dfen und m\u00e4chtigen Unternehmen Maersk geht die (selbstgemachte) Frachtratenkrise nicht vorbei und wurde bereits durch einen drastischen Personalabbau begleitet. Maersk hat lediglich mehr Spielraum, die Krise weiter zu befeuern und am Ende aus einem &#8220;konsolidierten Reedereimarkt&#8221; (hei\u00dft: Konkurrenten in die Insolvenz treiben und\/oder aufkaufen) gest\u00e4rkt heraus zu kommen. Und wir k\u00f6nnen die Mitarbeiterinnen und Mitarbeiter der Hamburg S\u00fcd Unternehmen nur bitten, sich besser nicht auf Herrn Frank Horch zu verlassen (siehe oben). Der Umgang mit anderen Arbeitnehmer z.B. vom BUSS Hansa Terminal kundet von dem Einsatzwillen des Herrn Horch.<\/p>\n<p>Dem Hamburger Hafenblatt f\u00e4llt nicht viel zum Thema Verkauf der Reederei ein. Sowohl im Leitartikel &#8220;<a href=\"https:\/\/www.google.de\/url?sa=t&amp;rct=j&amp;q=&amp;esrc=s&amp;source=web&amp;cd=1&amp;cad=rja&amp;uact=8&amp;ved=0ahUKEwjczdWHi9bQAhWrAMAKHU2pDUAQFggkMAA&amp;url=http%3A%2F%2Fwww.abendblatt.de%2Fmeinung%2Farticle208853589%2FMaritimer-Ausverkauf-in-Hamburg.html&amp;usg=AFQjCNFCjwYkolpJXv6l6d21J56l-2KeeQ\" target=\"_blank\">Maritimer Ausverkauf in Hamburg<\/a>&#8221; als auch <a href=\"https:\/\/www.google.de\/url?sa=t&amp;rct=j&amp;q=&amp;esrc=s&amp;source=web&amp;cd=1&amp;cad=rja&amp;uact=8&amp;ved=0ahUKEwjo88jyitbQAhXKKMAKHUHNDtQQqQIIJzAA&amp;url=https%3A%2F%2Fwww.abendblatt.de%2Fhamburg%2Farticle208855183%2FFamilienzwist-bei-Oetker-fuehrte-zum-Reederei-Verkauf.html&amp;usg=AFQjCNEZ2rVF866QV8QfxiNTRT2RqFlVKQ\" target=\"_blank\">in einem weiteren Artikel<\/a> vom 02.12.2016 wird noch mal nachgetreten und das Scheitern des Zusammengehens von Hamburg S\u00fcd und Hapag Lloyd einzig und allein auf die Oetker-Familie zur\u00fcck gef\u00fchrt. Ob und welchen Anteil die Eigent\u00fcmer von Hapag Lloyd daran hatten, wird ausgeblendet, das passt nicht ins Bild von der erfolgreichen Unternehmerin Stadt Hamburg und Herrn Michael K\u00fchne.<a href=\"https:\/\/www.hamburg-fuer-die-elbe.de\/wordpress\/wp-content\/uploads\/2014\/11\/Maersk2.jpg\" target=\"_blank\"><img loading=\"lazy\" decoding=\"async\" class=\"alignleft wp-image-3890\" src=\"https:\/\/www.hamburg-fuer-die-elbe.de\/wordpress\/wp-content\/uploads\/2014\/11\/Maersk2-287x300.jpg\" alt=\"Maersk2\" width=\"185\" height=\"194\" srcset=\"https:\/\/www.hamburg-fuer-die-elbe.de\/wordpress\/wp-content\/uploads\/2014\/11\/Maersk2-287x300.jpg 287w, https:\/\/www.hamburg-fuer-die-elbe.de\/wordpress\/wp-content\/uploads\/2014\/11\/Maersk2-900x939.jpg 900w, https:\/\/www.hamburg-fuer-die-elbe.de\/wordpress\/wp-content\/uploads\/2014\/11\/Maersk2.jpg 905w\" sizes=\"(max-width: 185px) 100vw, 185px\" \/><\/a><\/p>\n<p>Uns hingegen stellen sich weitere Fragen bez\u00fcglich der Auswirkungen auf Hamburg. Maersk bevorzugt die Zusammenarbeit mit Eurogate-Terminals, Hamburg S\u00fcd war bisher Kunde von der HHLA am CTB. Wird die HHLA einen guten Kunden verlieren? <a href=\"http:\/\/www.alphaliner.com\/top100\/index.php\" target=\"_blank\">Laut Alphaliner<\/a> hat Hamburg S\u00fcd z. Zt. 118 Schiffe eingesetzt, davon lediglich 44 eigene, der Rest ist gechartert.\u00a0 Maersk verf\u00fcgt \u00fcber 263 eigene und 367 gecharterte Schiffe. In 2017 bis 2018 sollen insgesamt \u00fcber 367.000 TEU Kapazit\u00e4t bei Maersk hinzu in Form von sieben 3.600 TEU-Schiffen, elf 19.630 TEU-Schiffen und neun 14.000 TEU-Schiffen (<a href=\"http:\/\/files.shareholder.com\/downloads\/ABEA-3GG91Y\/3364107873x0x915072\/058FACFC-D897-4C6E-914D-0FA0E694F1DB\/Maersk_Q3_2016_Appendix.pdf\" target=\"_blank\" class=\"broken_link\">Maersk Q3-2016 Bericht zu Strategie und Auftritt, Folie 34<\/a>).<\/p>\n<p>Was das mit Hamburg zu tun hat, fragen Sie? Na, Maersk will sicherlich vor allem die <a href=\"https:\/\/www.hamburg-fuer-die-elbe.de\/wordpress\/wp-content\/uploads\/2014\/10\/HSH-Nordbank1.jpg\" target=\"_blank\"><img loading=\"lazy\" decoding=\"async\" class=\"alignright wp-image-3961\" src=\"https:\/\/www.hamburg-fuer-die-elbe.de\/wordpress\/wp-content\/uploads\/2014\/10\/HSH-Nordbank1-300x167.jpg\" alt=\"HSH-Nordbank\" width=\"277\" height=\"154\" srcset=\"https:\/\/www.hamburg-fuer-die-elbe.de\/wordpress\/wp-content\/uploads\/2014\/10\/HSH-Nordbank1-300x167.jpg 300w, https:\/\/www.hamburg-fuer-die-elbe.de\/wordpress\/wp-content\/uploads\/2014\/10\/HSH-Nordbank1.jpg 784w\" sizes=\"(max-width: 277px) 100vw, 277px\" \/><\/a>eigenen Schiffe auslasten. Vermutlich hat die Reederei ob ihrer Gr\u00f6\u00dfe auch preisg\u00fcnstigere Chartervertr\u00e4ge als Hamburg S\u00fcd. Wir fragen uns, welche Charter-Reedereien hinter den 78 gecharterten Schiffe von Hamburg S\u00fcd stecken, die bekannten Hamburger? Wenn ja, droht erneut Ungemach bei diesen Reedereien und finanzielle Not. Diese Not wird sich dann auf die R\u00fcckzahlung von Schiffskrediten bei der HSH Nordbank auswirken? Und dann stellt sich wieder die Frage, ob diese Kredite im Portfolio von Hamburg und Kiel sind und am Ende wir Steuerzahler nach dem Verlust von Arbeitspl\u00e4tzen auch noch die Kreditausf\u00e4lle an die HSH Nordbank werden zahlen d\u00fcrfen.<\/p>\n<p>In Sachebn Hamburg S\u00fcd hatte unser Hamburger Senat ein Totalversagen gezeigt. Wir halten daran fest, dass unser <a href=\"https:\/\/www.hamburg-fuer-die-elbe.de\/?p=10867\" target=\"_blank\">B\u00fcrgermeister seinen erforderlichen Einsatz<\/a> vergeigt hat. Was wird er in K\u00fcrze noch alles vergeigen?<\/p>\n<p>&nbsp;<\/p>\n","protected":false},"excerpt":{"rendered":"<p>Auch wenn noch diverse Kartellbeh\u00f6rden gefragt werden m\u00fcssen, der Deal zwischen Hamburg S\u00fcd und Maersk ist ziemlich wahrscheinlich durch. Wie wir erfahren durften, soll unser Wirtschaftssenator Herr Frank Horch den Verkaufsprozess intensiv mit begleitet haben. Wenn das tats\u00e4chlich so war, sind wir platt. Wie kann es sein, dass ein Hamburger Wirtschaftssenator so unverantwortlich mit Hamburger &hellip; <a href=\"https:\/\/www.hamburg-fuer-die-elbe.de\/?p=10887\" class=\"more-link\"><span class=\"screen-reader-text\">Hamburg S\u00fcd und Folgen<\/span> weiterlesen <span class=\"meta-nav\">&rarr;<\/span><\/a><\/p>\n","protected":false},"author":3,"featured_media":0,"comment_status":"closed","ping_status":"closed","sticky":false,"template":"","format":"standard","meta":{"footnotes":""},"categories":[1,11],"tags":[96,103,59],"_links":{"self":[{"href":"https:\/\/www.hamburg-fuer-die-elbe.de\/index.php?rest_route=\/wp\/v2\/posts\/10887"}],"collection":[{"href":"https:\/\/www.hamburg-fuer-die-elbe.de\/index.php?rest_route=\/wp\/v2\/posts"}],"about":[{"href":"https:\/\/www.hamburg-fuer-die-elbe.de\/index.php?rest_route=\/wp\/v2\/types\/post"}],"author":[{"embeddable":true,"href":"https:\/\/www.hamburg-fuer-die-elbe.de\/index.php?rest_route=\/wp\/v2\/users\/3"}],"replies":[{"embeddable":true,"href":"https:\/\/www.hamburg-fuer-die-elbe.de\/index.php?rest_route=%2Fwp%2Fv2%2Fcomments&post=10887"}],"version-history":[{"count":11,"href":"https:\/\/www.hamburg-fuer-die-elbe.de\/index.php?rest_route=\/wp\/v2\/posts\/10887\/revisions"}],"predecessor-version":[{"id":10938,"href":"https:\/\/www.hamburg-fuer-die-elbe.de\/index.php?rest_route=\/wp\/v2\/posts\/10887\/revisions\/10938"}],"wp:attachment":[{"href":"https:\/\/www.hamburg-fuer-die-elbe.de\/index.php?rest_route=%2Fwp%2Fv2%2Fmedia&parent=10887"}],"wp:term":[{"taxonomy":"category","embeddable":true,"href":"https:\/\/www.hamburg-fuer-die-elbe.de\/index.php?rest_route=%2Fwp%2Fv2%2Fcategories&post=10887"},{"taxonomy":"post_tag","embeddable":true,"href":"https:\/\/www.hamburg-fuer-die-elbe.de\/index.php?rest_route=%2Fwp%2Fv2%2Ftags&post=10887"}],"curies":[{"name":"wp","href":"https:\/\/api.w.org\/{rel}","templated":true}]}}