{"id":10939,"date":"2016-12-06T22:04:11","date_gmt":"2016-12-06T20:04:11","guid":{"rendered":"http:\/\/www.hamburg-fuer-die-elbe.de\/?p=10939"},"modified":"2016-12-06T22:09:23","modified_gmt":"2016-12-06T20:09:23","slug":"leipziger-allerlei","status":"publish","type":"post","link":"https:\/\/www.hamburg-fuer-die-elbe.de\/?p=10939","title":{"rendered":"Leipziger Allerlei"},"content":{"rendered":"<p><a href=\"https:\/\/www.hamburg-fuer-die-elbe.de\/wordpress\/wp-content\/uploads\/2016\/05\/BaggerOdin.jpg\" target=\"_blank\"><img loading=\"lazy\" decoding=\"async\" class=\"alignright wp-image-10041\" src=\"https:\/\/www.hamburg-fuer-die-elbe.de\/wordpress\/wp-content\/uploads\/2016\/05\/BaggerOdin.jpg\" alt=\"BaggerOdin\" width=\"250\" height=\"188\" srcset=\"https:\/\/www.hamburg-fuer-die-elbe.de\/wordpress\/wp-content\/uploads\/2016\/05\/BaggerOdin.jpg 664w, https:\/\/www.hamburg-fuer-die-elbe.de\/wordpress\/wp-content\/uploads\/2016\/05\/BaggerOdin-300x225.jpg 300w\" sizes=\"(max-width: 250px) 100vw, 250px\" \/><\/a>In der <a href=\"http:\/\/www.hamburg.de\/pressearchiv-fhh\/7580000\/2016-12-06-bue-forum-tiedeelbe\/\" target=\"_blank\">Pressemitteilung der Hamburger Umweltbeh\u00f6rde<\/a> BUE mit dem Titel &#8220;<span id=\"title\">Die Zukunft der Elbe gemeinsam gestalten&#8221; lesen wir: <\/span><\/p>\n<p><span id=\"title\">&#8220;<em>Hamburgs Erster B\u00fcrgermeister, Olaf Scholz, hat heute den Startschuss f\u00fcr das \u201eForum Tideelbe\u201c gegeben \u2013 einer neuen Institution, deren\u00a0 Ziel es ist, die nachhaltige Entwicklung der Tideelbe gemeinsam voranzutreiben. Damit folgt der Hamburger Senat seinem im Koalitionsvertrag abgegebenen Versprechen, eine \u00c4stuarpartnerschaft entlang der Unterelbe zusammen mit Schleswig-Holstein, Niedersachsen und des Bundes ins Leben zu rufen.<\/em>&#8221;\u00a0<\/span>Einfach toll &#8211; scheint unser B\u00fcrgermeister\u00a0wohl \u00fcber die Pl\u00e4ne zur Elbvertiefung bislang vergessen zu haben! Und sogar\u00a0<a href=\"https:\/\/de.wikipedia.org\/wiki\/Nachhaltigkeit\" target=\"_blank\">nachhaltig <\/a>soll es jetzt vorangetrieben werden&#8230;<\/p>\n<p><span id=\"title\">Und dann lesen wir einen Schwall an Meinungen von vermeintlich leidenschaftlichen Umweltsch\u00fctzern, die ihre &#8220;gr\u00fcne&#8221; Leidenschaft f\u00fcr die \u00d6kologie unserer Elbe bislang nur heimlich mit der Taschenlampe unter der Bettdecke aus\u00fcben konnten: allen voran unser erster B\u00fcrgermeister Herr Olaf Scholz, gefolgt von den Senatoren f\u00fcr Umwelt und Wirtschaft, den Herren Kerstan und Horch, \u00fcber die &#8220;gr\u00fcnen&#8221; Umweltminister aus Schleswig-Holstein und Niedersachsen, den Herren Habeck und Wenzel, bis hin zum Pr\u00e4sidenten der Generaldirektion Wasserstra\u00dfen- und Schifffahrt des Bundes. Alle scheinen sich so richtig zu freuen, dass ein Hamburger B\u00fcrgermeister endlich zum Forum eingeladen hat und es kaum erwarten k\u00f6nnen, ihrer bislang verheimlichten <em>&#8220;Libido&#8221; f\u00fcr die Elbe<\/em> nachkommen zu k\u00f6nnen.<\/span><\/p>\n<p><a href=\"https:\/\/www.hamburg-fuer-die-elbe.de\/wordpress\/wp-content\/uploads\/2015\/04\/AlexandervonHumboldtBagger.jpg\" target=\"_blank\"><img loading=\"lazy\" decoding=\"async\" class=\"wp-image-6138 alignleft\" src=\"https:\/\/www.hamburg-fuer-die-elbe.de\/wordpress\/wp-content\/uploads\/2015\/04\/AlexandervonHumboldtBagger.jpg\" alt=\"AlexandervonHumboldtBagger\" width=\"250\" height=\"152\" \/><\/a>Dieses \u00fcberraschende, nachhaltig anmutende und Leidenschaft verspr\u00fchende \u00a0&#8220;<a href=\"https:\/\/de.wikipedia.org\/wiki\/Coming-out\" target=\"_blank\">Coming Out<\/a>&#8221; zur Elb\u00f6kologie ist beeindruckend! Noch vor wenigen Tagen mussten sich all diese anscheinend im Untergrund agierenden\u00a0Politiker und Staatsverwalter mit schweren Fragen der \u00d6konomie, zur Sedimentbaggerei, zu Fusionen und Pleiten von Reedereien sowie versenkten HSH-Nordbank-Milliarden besch\u00e4ftigen. Dem ist nun ein Ende gesetzt: sie d\u00fcrfen sich &#8220;nachhaltig&#8221; in der \u00d6kologie engagieren statt ausschlie\u00dflich der \u00d6konomie verpflichtet zu sein.\u00a0Statt im kleinen heimischen Garten oder am Blumentopf auf der Fensterbank d\u00fcrfen\u00a0sie sich nun befreiend in einem gro\u00dfen Areal bet\u00e4tigen: unserem &#8220;Elb\u00e4stuar&#8221;. (Gemeint ist mit diesem Begriff die Unterelbe)<\/p>\n<p>Und da winkt schon der 19.12.2016, wo genau diese Herren sich mit ihrem bislang unterdr\u00fcckten Engagement mit Herzblut \u00f6ffentlich in Szene setzen k\u00f6nnten. Es ist der Tag, an dem die n\u00e4chste Anh\u00f6rung vor dem Bundesverwaltungsgericht in Leipzig in Sachen Elbvertiefung \u00a0beginnt und bis zum 21.12.2016 andauern soll.<\/p>\n<p>So mutet es mit der o.a. Presseerkl\u00e4rung schon skurril an, wie sich die Kl\u00e4ger in diesem Gerichtsverfahren, also die Naturschutzverb\u00e4nde BUND und NABU mit Unterst\u00fctzung des WWF, sich tags zuvor ge\u00e4u\u00dfert haben. In der SHZ ist nachzulesen, was der Dollpunkt ist: Die EU-Wasserrahmenrichtlinie WRRL verbietet es, dass der Zustand von Gew\u00e4ssern verschlechtert werden darf und spricht zugleich das Gebot aus, eben diesen Zustand zu verbessern. Mit der Pr\u00e4zisierung durch das EuGH-Urteil haben die Planungsbeh\u00f6rden der\u00a0Elbvertiefung ihre Planungsunterlagen angepasst und nun, im Unterschied zu den vorherigen Unterlagen, festgestellt, dass sich der \u00f6kologische Zustand durch die \u00a0erneute Elbvertiefung statt bislang verschlechtern einfach gleich bleiben w\u00fcrde.<\/p>\n<p>Eine aus unserer Sicht doch sehr zweifelhafte These. Es erscheint uns unm\u00f6glich, dass der Aushub von \u00fcber 35 Mio. m\u00b3 Sedimenten\u00a0f\u00fcr die Elbvertiefung keinen Einfluss auf den \u00f6kologischen Zustand unserer Elbe haben soll. Zumal die vorhergehende Elbvertiefung mit einem Bruchteil des nun geplanten Baggeraushubes schon gravierende Spuren hinterlassen hat.<\/p>\n<p><a href=\"https:\/\/www.welt.de\/regionales\/hamburg\/article160001423\/Wie-riskant-ist-die-Strategie-der-Stadt.html\" target=\"_blank\">Und so schreibt die Welt:<\/a> &#8220;<em>Die klagenden Verb\u00e4nde und ihr Verhandlungsf\u00fchrer, der Hamburger Anwalt R\u00fcdiger Nebelsieck, zeigten sich am Montag optimistisch, die Fahrrinnenanpassung vor Gericht verhindern zu k\u00f6nnen. \u201eWir haben uns in der Entscheidung des Europ\u00e4ischen Gerichtshofes vom Sommer 2015 in 3,75 von vier Punkten durchgesetzt\u201c, sagte Nebelsieck. Unklar bleibe vor allem, wie das Bundesverwaltungsgericht den EuGH bei der Frage auslege, in welchem Umfang eine Verschlechterung der Gew\u00e4sserqualit\u00e4t relevant sei und wann nicht.&#8221;<\/em><a href=\"https:\/\/www.google.de\/url?sa=t&amp;rct=j&amp;q=&amp;esrc=s&amp;source=web&amp;cd=5&amp;cad=rja&amp;uact=8&amp;ved=0ahUKEwir897OnuDQAhUBPxQKHbBJCoMQFggxMAQ&amp;url=https%3A%2F%2Fwww.abendblatt.de%2Fhamburg%2Farticle208897127%2FKlaeger-Wohl-kein-schnelles-Urteil-zur-Elbvertiefung.html&amp;usg=AFQjCNGCOOeYFx09-74xM-37WnaJtLUzzQ\" target=\"_blank\"> Das Hafenblatt fasst inhaltsleer zusammen, dass es<\/a><em> &#8220;Wohl kein schnelles Urteil zur Elbvertiefung<\/em>&#8221; geben wird.<\/p>\n<p>Und wie passt das alles zur heutigen Pressekonferenz zur \u00c4stuarpartnerschaft an der Elbe, \u00fcber die das Hafenblatt schreibt &#8220;<em>So soll die Elbe wieder nat\u00fcrlicher werden<\/em>&#8220;? Na, wir hoffen noch auf die in der SHZ angek\u00fcndigte \u00c4u\u00dferung unseres nachhaltigen, zugleich leidenschaftlichen und heimlichen &#8220;Umweltsenators&#8221; Horch (psst, nicht Herrn Kerstan petzen) zum Gerichtsverfahren. Wir gehen davon aus, dass er uns in K\u00fcrze erkl\u00e4ren wird, wie er gedenkt, &#8220;<em>diese Symbiose optimal zu gestalten.<\/em>&#8221;<\/p>\n<p>&#8220;Wat denn f\u00fcr eine <a href=\"https:\/\/de.wikipedia.org\/wiki\/Symbiose\" target=\"_blank\">Symbiose<\/a>?&#8221; &#8211; fragen Sie sich jetzt. Na, die Angek\u00fcndigte aus der o.a. <a href=\"http:\/\/www.hamburg.de\/pressearchiv-fhh\/7580000\/2016-12-06-bue-forum-tiedeelbe\/\" target=\"_blank\">Pressemitteilung<\/a>. Unser Herr Horch kann in Symbiose. Und diese seine &#8220;Symbiose&#8221; wird abgehen wie ein &#8230; &#8230; \u00a0gr\u00fcnes Feuerwerk&#8230; Wir sind sooooo gespannt, wie er sein &#8220;<em>Coming Out<\/em>&#8221; in Sachen Elbvertiefung pr\u00e4sentieren wird!<\/p>\n","protected":false},"excerpt":{"rendered":"<p>In der Pressemitteilung der Hamburger Umweltbeh\u00f6rde BUE mit dem Titel &#8220;Die Zukunft der Elbe gemeinsam gestalten&#8221; lesen wir: &#8220;Hamburgs Erster B\u00fcrgermeister, Olaf Scholz, hat heute den Startschuss f\u00fcr das \u201eForum Tideelbe\u201c gegeben \u2013 einer neuen Institution, deren\u00a0 Ziel es ist, die nachhaltige Entwicklung der Tideelbe gemeinsam voranzutreiben. Damit folgt der Hamburger Senat seinem im Koalitionsvertrag &hellip; <a href=\"https:\/\/www.hamburg-fuer-die-elbe.de\/?p=10939\" class=\"more-link\"><span class=\"screen-reader-text\">Leipziger Allerlei<\/span> weiterlesen <span class=\"meta-nav\">&rarr;<\/span><\/a><\/p>\n","protected":false},"author":2,"featured_media":0,"comment_status":"closed","ping_status":"closed","sticky":false,"template":"","format":"standard","meta":{"footnotes":""},"categories":[1],"tags":[44,515,46,47,372,168,214,425],"_links":{"self":[{"href":"https:\/\/www.hamburg-fuer-die-elbe.de\/index.php?rest_route=\/wp\/v2\/posts\/10939"}],"collection":[{"href":"https:\/\/www.hamburg-fuer-die-elbe.de\/index.php?rest_route=\/wp\/v2\/posts"}],"about":[{"href":"https:\/\/www.hamburg-fuer-die-elbe.de\/index.php?rest_route=\/wp\/v2\/types\/post"}],"author":[{"embeddable":true,"href":"https:\/\/www.hamburg-fuer-die-elbe.de\/index.php?rest_route=\/wp\/v2\/users\/2"}],"replies":[{"embeddable":true,"href":"https:\/\/www.hamburg-fuer-die-elbe.de\/index.php?rest_route=%2Fwp%2Fv2%2Fcomments&post=10939"}],"version-history":[{"count":5,"href":"https:\/\/www.hamburg-fuer-die-elbe.de\/index.php?rest_route=\/wp\/v2\/posts\/10939\/revisions"}],"predecessor-version":[{"id":10945,"href":"https:\/\/www.hamburg-fuer-die-elbe.de\/index.php?rest_route=\/wp\/v2\/posts\/10939\/revisions\/10945"}],"wp:attachment":[{"href":"https:\/\/www.hamburg-fuer-die-elbe.de\/index.php?rest_route=%2Fwp%2Fv2%2Fmedia&parent=10939"}],"wp:term":[{"taxonomy":"category","embeddable":true,"href":"https:\/\/www.hamburg-fuer-die-elbe.de\/index.php?rest_route=%2Fwp%2Fv2%2Fcategories&post=10939"},{"taxonomy":"post_tag","embeddable":true,"href":"https:\/\/www.hamburg-fuer-die-elbe.de\/index.php?rest_route=%2Fwp%2Fv2%2Ftags&post=10939"}],"curies":[{"name":"wp","href":"https:\/\/api.w.org\/{rel}","templated":true}]}}