{"id":11126,"date":"2017-01-19T21:46:32","date_gmt":"2017-01-19T19:46:32","guid":{"rendered":"http:\/\/www.hamburg-fuer-die-elbe.de\/?p=11126"},"modified":"2017-01-19T21:46:59","modified_gmt":"2017-01-19T19:46:59","slug":"gesamtkonzept-elbe","status":"publish","type":"post","link":"https:\/\/www.hamburg-fuer-die-elbe.de\/?p=11126","title":{"rendered":"Gesamtkonzept Elbe"},"content":{"rendered":"<p><a href=\"https:\/\/www.hamburg-fuer-die-elbe.de\/wordpress\/wp-content\/uploads\/2017\/01\/Bunthaus1.jpg\" target=\"_blank\"><img loading=\"lazy\" decoding=\"async\" class=\"alignright wp-image-11136\" src=\"https:\/\/www.hamburg-fuer-die-elbe.de\/wordpress\/wp-content\/uploads\/2017\/01\/Bunthaus1.jpg\" width=\"187\" height=\"250\" srcset=\"https:\/\/www.hamburg-fuer-die-elbe.de\/wordpress\/wp-content\/uploads\/2017\/01\/Bunthaus1.jpg 580w, https:\/\/www.hamburg-fuer-die-elbe.de\/wordpress\/wp-content\/uploads\/2017\/01\/Bunthaus1-225x300.jpg 225w\" sizes=\"(max-width: 187px) 100vw, 187px\" \/><\/a>In einer <a href=\"http:\/\/www.bmub.bund.de\/presse\/pressemitteilungen\/pm\/artikel\/bund-und-laender-verstaendigen-sich-auf-gesamtkonzept-elbe\/?tx_ttnews%5BbackPid%5D=103&amp;cHash=08a30d0c6b0541e513ae851fb570c0eb\" target=\"_blank\" class=\"broken_link\">gemeinsamen Pressemitteilung des Bundesumwelt- und -verkehrsministeriums vom 18.01.2017<\/a> erfahren wir, dass sich Bund und L\u00e4nder auf das &#8220;<em>Gesamtkonzept Elbe<\/em>&#8221; verst\u00e4ndigt h\u00e4tten. &#8220;<em>Mit dem Gesamtkonzept Elbe wird dem Fluss eine langfristige Entwicklungsperspektive gegeben. Es sieht neue Leitlinien und Ma\u00dfnahmen f\u00fcr die Nutzung der Elbe vor, um die Interessen der Binnenschifffahrt, der Wasserwirtschaft und des Naturschutzes miteinander in Einklang zu bringen. Au\u00dferdem garantiert es einen Beteiligungsprozess, der sicherstellt, dass Interessenvertreter und die breite \u00d6ffentlichkeit in die Umsetzung von Ma\u00dfnahmen einbezogen werden. Damit ist auch die gemeinsame Weiterentwicklung des Gesamtkonzepts verankert.&#8221;<\/em><\/p>\n<p>Was beinhaltet denn nun dieses Gesamtkonzept Elbe? Vorab, der Unterelberaum von der Staustufe Geesthacht bis zur Nordsee geh\u00f6rt nicht zu dem Gesamtkonzept Elbe. Vielmehr geht es um die Mittel- und Oberelbe zwischen Geesthacht und der tschechischen Grenze bei Schmilka. Klar, es geht um die Schiffbarkeit der Elbe, und zwar um die omin\u00f6sen <a href=\"https:\/\/www.hamburg-fuer-die-elbe.de\/?page_id=404\" target=\"_blank\">1,60 Meter Fahrwassertiefe, die der Binnenschifffahrt verl\u00e4sslich an mindestens 345 Tagen pro Jahr<\/a> zur Verf\u00fcgung stehen sollen. Diese aufgrund der Wasserst\u00e4nde der letzten Jahre utopisch anmutende Forderung der Wirtschaft\u00a0stand dem Wunsch der Bev\u00f6lkerung, Kirchen und Umweltverb\u00e4nde\u00a0nach einer Elbe gegen\u00fcber, die die katastrophalen &#8220;Jahrhundert&#8221;-\u00dcberflutungen durch Schaffung von naturnahen \u00dcberschwemmungsr\u00e4umen sowie einem deutlich weniger regulierten Flussbett auff\u00e4ngt.<\/p>\n<p>Im Gegensatz zur Elbvertiefung an der hiesigen Unterelbe, w\u00e4hlte die Politik f\u00fcr diesen Interessenkonflikt an Mittel- und Oberelbe einen anderen L\u00f6sungsweg. Statt dem bei\u00a0der Elbvertiefung an der Unterelbe praktizierten kompromisslosen Frontalangriff mit Maximalforderung, wurde dagegen an Mittel- und Oberelbe das Gespr\u00e4ch zwischen den o.a. Konfliktparteien gesucht. Das &#8220;Gesamtkonzept Elbe&#8221; <a href=\"http:\/\/www.gesamtkonzept-elbe.bund.de\/Webs\/GkElbe\/DE\/Informationen\/Ergebnis\/Gesamtkonzept.pdf?__blob=publicationFile&amp;v=5\" target=\"_blank\">finden Sie -&gt; hier<\/a>.<\/p>\n<p><a href=\"https:\/\/www.hamburg-fuer-die-elbe.de\/wordpress\/wp-content\/uploads\/2015\/09\/Achter-Elbekirchentag2.jpg\" target=\"_blank\"><img loading=\"lazy\" decoding=\"async\" class=\"wp-image-7638 alignleft\" src=\"https:\/\/www.hamburg-fuer-die-elbe.de\/wordpress\/wp-content\/uploads\/2015\/09\/Achter-Elbekirchentag2.jpg\" width=\"250\" height=\"187\" \/><\/a>Nach drei Jahren gemeinsamer Arbeit zwischen den beiden Lagern ist eigentlich noch nichts fertig. Aber man hat sich schon auf Einiges einigen k\u00f6nnen. Am Besten gibt das<a href=\"http:\/\/www.gesamtkonzept-elbe.bund.de\/Webs\/GkElbe\/DE\/Informationen\/Ergebnis\/stellungnahme_kirche.pdf?__blob=publicationFile&amp;v=2\" target=\"_blank\"> die Erkl\u00e4rung der Kirchen<\/a> wieder: &#8220;<em>Die konsequente Nutzung des ESK (Elbe-Seiten-Kanal) wird die Berechenbarkeit der Transportleistungen der G\u00fcterschifffahrt und damit die Wirtschaftlichkeit der Binnenschifffahrt in diesem Flussgebiet verbessern und st\u00e4rkt die Binnenschiff als planbares Transportmittel f\u00fcr die anliegende Wirtschaft. Parallel dazu werden Gestaltungsr\u00e4ume f\u00fcr Umweltma\u00dfnahmen im Fluss- und Auenabschnitt n\u00f6rdlich Magdeburg bis Geesthacht geschaffen.&#8221; <\/em>Die <a href=\"http:\/\/www.gesamtkonzept-elbe.bund.de\/Webs\/GkElbe\/DE\/Informationen\/Ergebnis\/stellungnahme_umwelt.pdf?__blob=publicationFile&amp;v=2\" target=\"_blank\">Umweltverb\u00e4nde und unsere Freunde von der B\u00fcrgerinitiative &#8220;Pro Elbe&#8221;<\/a> erg\u00e4nzen in ihrem Statement: &#8220;<em>Im Weiteren gehen die Umweltorganisationen und die <a href=\"http:\/\/domfelsen.net\" target=\"_blank\">B\u00fcrgerinitiative Pro Elbe<\/a> davon aus, dass das an der Elbe geltende verkehrliche Ausbaumoratorium weiterhin Bestand hat.&#8221;<\/em><\/p>\n<p>Auch bei der\u00a0Handelskammer Hamburg, die im Rahmen ihrer Interessenvertretung f\u00fcr die Hamburger Hafenwirtschaft f\u00fcr die Logistikanbindungen auf Mittel- und Oberelbe eine weitere Institution aus dem Boden gestampft hatte, die <a href=\"http:\/\/www.kammerunion.eu\/PM_GKE_17_01_2017\/3618596\" target=\"_blank\">Kammerunion Elbe Oder<\/a>, \u00a0ist zufrieden. Laut <a href=\"https:\/\/www.hk24.de\/servicemarken\/presse\/pressemeldungen\/PM-01-17-17-Gesamtkonzept-Elbe\/3616680\" target=\"_blank\">aktueller Handelskammer-Pressemitteilung wird das Gesamtkonzept sogar als riesiger Erfolg<\/a> tituliert.<\/p>\n<p>Es scheint wirklich ein Erfolg zu sein. Nicht nur, dass B\u00fcrger, Kirchen und Umweltverb\u00e4nde mit Vertretern der Wirtschaft, begleitet von Bundes- und Landesverkehrsministerien an einem Tisch sa\u00dfen. Nein, zum ersten Male war bei einem Fluss-Vertiefungsprojekt sogar ein Umweltministerium mit am Tisch. Wir halten den Interessenvertretungen der Elbe die Daumen, dass dieses positive Erlebnis im nun folgenden Prozess, in welchem es um die konkreten Umsetzungsma\u00dfnahmen geht, weiter anh\u00e4lt.<\/p>\n<p>All dieses haben wir an der Unterelbe bislang nicht erleben d\u00fcrfen. Hier ging es nur &#8220;hamburgisch derb&#8221; zu &#8211; mit einer Bierwerbung gesprochen: &#8220;<a href=\"https:\/\/youtu.be\/A3p0-Uf2WXU\" target=\"_blank\">Keine Kompromisse<\/a>&#8220;. B\u00fcrger\u00e4ngste vor Hochwassergefahren und Be- und Entw\u00e4sserungsproblemen, Arbeitsplatzverlusten bei Obstbau, Landwirtschaft, Tourismus und Fischerei, Verlust von Freizeitrevieren, gef\u00e4hrdete Pflanzen- und Tierarten wurden an der Unterelbe mit einem Federstrich weggewischt.<\/p>\n<p>Um beim Bier zu bleiben: &#8220;<a href=\"https:\/\/www.google.de\/url?sa=t&amp;rct=j&amp;q=&amp;esrc=s&amp;source=web&amp;cd=1&amp;cad=rja&amp;uact=8&amp;ved=0ahUKEwjC56eH9M7RAhUCCCwKHe8TANwQFggcMAA&amp;url=http%3A%2F%2Fwww.abendblatt.de%2Fwirtschaft%2Farticle106504332%2FWirtschaft-warnt-vor-einer-Elbvertiefung-light.html&amp;usg=AFQjCNF9d7iaI4MBuCv446lrcjxhd1kWEw\" target=\"_blank\">Elbvertiefung light<\/a>&#8221; war\u00a0f\u00fcr Politik und Hafenwirtschaft Teufelszeug und nicht diskutabel. Umweltbefindlichkeiten werden in Hamburg ausschlie\u00dflich von der Verkehrs- und Wirtschaftsbeh\u00f6rde gel\u00f6st.<\/p>\n<p>Schade, dass immer Gerichte in die Lage gebracht werden, derartige handwerkliche Fehler und Blockaden der Politik korrigieren zu m\u00fcssen.<\/p>\n","protected":false},"excerpt":{"rendered":"<p>In einer gemeinsamen Pressemitteilung des Bundesumwelt- und -verkehrsministeriums vom 18.01.2017 erfahren wir, dass sich Bund und L\u00e4nder auf das &#8220;Gesamtkonzept Elbe&#8221; verst\u00e4ndigt h\u00e4tten. &#8220;Mit dem Gesamtkonzept Elbe wird dem Fluss eine langfristige Entwicklungsperspektive gegeben. Es sieht neue Leitlinien und Ma\u00dfnahmen f\u00fcr die Nutzung der Elbe vor, um die Interessen der Binnenschifffahrt, der Wasserwirtschaft und des &hellip; <a href=\"https:\/\/www.hamburg-fuer-die-elbe.de\/?p=11126\" class=\"more-link\"><span class=\"screen-reader-text\">Gesamtkonzept Elbe<\/span> weiterlesen <span class=\"meta-nav\">&rarr;<\/span><\/a><\/p>\n","protected":false},"author":2,"featured_media":0,"comment_status":"closed","ping_status":"closed","sticky":false,"template":"","format":"standard","meta":{"footnotes":""},"categories":[1,11],"tags":[537,168,536],"_links":{"self":[{"href":"https:\/\/www.hamburg-fuer-die-elbe.de\/index.php?rest_route=\/wp\/v2\/posts\/11126"}],"collection":[{"href":"https:\/\/www.hamburg-fuer-die-elbe.de\/index.php?rest_route=\/wp\/v2\/posts"}],"about":[{"href":"https:\/\/www.hamburg-fuer-die-elbe.de\/index.php?rest_route=\/wp\/v2\/types\/post"}],"author":[{"embeddable":true,"href":"https:\/\/www.hamburg-fuer-die-elbe.de\/index.php?rest_route=\/wp\/v2\/users\/2"}],"replies":[{"embeddable":true,"href":"https:\/\/www.hamburg-fuer-die-elbe.de\/index.php?rest_route=%2Fwp%2Fv2%2Fcomments&post=11126"}],"version-history":[{"count":7,"href":"https:\/\/www.hamburg-fuer-die-elbe.de\/index.php?rest_route=\/wp\/v2\/posts\/11126\/revisions"}],"predecessor-version":[{"id":11140,"href":"https:\/\/www.hamburg-fuer-die-elbe.de\/index.php?rest_route=\/wp\/v2\/posts\/11126\/revisions\/11140"}],"wp:attachment":[{"href":"https:\/\/www.hamburg-fuer-die-elbe.de\/index.php?rest_route=%2Fwp%2Fv2%2Fmedia&parent=11126"}],"wp:term":[{"taxonomy":"category","embeddable":true,"href":"https:\/\/www.hamburg-fuer-die-elbe.de\/index.php?rest_route=%2Fwp%2Fv2%2Fcategories&post=11126"},{"taxonomy":"post_tag","embeddable":true,"href":"https:\/\/www.hamburg-fuer-die-elbe.de\/index.php?rest_route=%2Fwp%2Fv2%2Ftags&post=11126"}],"curies":[{"name":"wp","href":"https:\/\/api.w.org\/{rel}","templated":true}]}}