{"id":11236,"date":"2017-02-09T14:26:51","date_gmt":"2017-02-09T12:26:51","guid":{"rendered":"http:\/\/www.hamburg-fuer-die-elbe.de\/?p=11236"},"modified":"2017-02-09T14:26:51","modified_gmt":"2017-02-09T12:26:51","slug":"kirschgruene-entscheidung","status":"publish","type":"post","link":"https:\/\/www.hamburg-fuer-die-elbe.de\/?p=11236","title":{"rendered":"Kirschgr\u00fcne Entscheidung"},"content":{"rendered":"<p><a href=\"https:\/\/www.hamburg-fuer-die-elbe.de\/wordpress\/wp-content\/uploads\/2017\/02\/Gr\u00fcnes-Licht-2.jpg\" target=\"_blank\"><img loading=\"lazy\" decoding=\"async\" class=\"alignright wp-image-11237\" src=\"https:\/\/www.hamburg-fuer-die-elbe.de\/wordpress\/wp-content\/uploads\/2017\/02\/Gr\u00fcnes-Licht-2.jpg\" width=\"250\" height=\"266\" srcset=\"https:\/\/www.hamburg-fuer-die-elbe.de\/wordpress\/wp-content\/uploads\/2017\/02\/Gr\u00fcnes-Licht-2.jpg 804w, https:\/\/www.hamburg-fuer-die-elbe.de\/wordpress\/wp-content\/uploads\/2017\/02\/Gr\u00fcnes-Licht-2-282x300.jpg 282w, https:\/\/www.hamburg-fuer-die-elbe.de\/wordpress\/wp-content\/uploads\/2017\/02\/Gr\u00fcnes-Licht-2-768x816.jpg 768w\" sizes=\"(max-width: 250px) 100vw, 250px\" \/><\/a>Soeben hat der <a href=\"https:\/\/de.wikipedia.org\/wiki\/7._Revisionssenat_des_Bundesverwaltungsgerichts\" target=\"_blank\">siebte Senat des Bundesverwaltungsgerichts<\/a>\u00a0in Leipzig unter dem Vorsitz des\u00a0Richters Herrn Dr. R\u00fcdiger Nolte seine Entscheidung zum Verfahren der Elbvertiefung (Az.\u00a07 A 2.15) bekanntgegeben: In der <a href=\"http:\/\/www.bverwg.de\/presse\/pressemitteilungen\/pressemitteilung.php?jahr=2017&amp;nr=6\" target=\"_blank\">Pressemitteilung Nr. 6\/2017 des Gerichtes<\/a> ist zu lesen: &#8220;<em>Die Planfeststellungsbeschl\u00fcsse f\u00fcr den Fahrrinnenausbau von Unter- und Au\u00dfenelbe sind wegen Verst\u00f6\u00dfen gegen das Habitatschutzrecht rechtswidrig und nicht vollziehbar. &#8230; Die weitergehenden Klageantr\u00e4ge auf Aufhebung der Planfeststellungsbeschl\u00fcsse hat das Gericht abgewiesen.<\/em>&#8221;<\/p>\n<p>Das Gericht moniert, dass die Planunterlagen f\u00fcr die nach der europ\u00e4ischen FFH-Richtlinie besonders gesch\u00fctzte und nur an der Elbe vorkommende Pflanzenart Schierlings-Wasserfenchel nicht den strengen EU-Schutzanforderungen gerecht werden. Beeintr\u00e4chtigungen des Schierlings-Wasserfenchels durch einen Anstieg des Salzgehalts seien untersch\u00e4tzt worden. Des Weiteren wurden die Ausgleichsma\u00dfnahmen in Teilen moniert. &#8220;<em>F\u00fcr die auf nieders\u00e4chsischem Gebiet vorgesehenen Koh\u00e4renzma\u00dfnahmen l\u00e4sst sich nicht feststellen, dass sie \u00fcber die Ma\u00dfnahmen des Gebietsmanagements hinausgehen, die unabh\u00e4ngig von dem Ausbauvorhaben ohnehin ergriffen werden m\u00fcssen.<\/em>&#8221; Und dann bekommt Hamburg eine pers\u00f6nliche Klatsche: &#8220;<em>Die durch gesonderten Planfeststellungsbeschluss zugelassene Ma\u00dfnahme \u201eSpadenlander Busch\/Kreetsand\u201c scheidet als Koh\u00e4renzma\u00dfnahme aus, weil sie ausdr\u00fccklich als Ma\u00dfnahme des Gebietsmanagements qualifiziert und genehmigt worden ist. Eine Doppelverwertung als Standard- und Koh\u00e4renzma\u00dfnahme ist habitatschutzrechtlich unzul\u00e4ssig.<\/em>&#8221; Dieses hatte das Gericht bereits in seiner letzten Anh\u00f6rung im Dezember 2016\u00a0<a href=\"https:\/\/www.google.de\/url?sa=t&amp;rct=j&amp;q=&amp;esrc=s&amp;source=web&amp;cd=5&amp;cad=rja&amp;uact=8&amp;ved=0ahUKEwjJ096mxJzRAhUVeVAKHYNWDBgQFggyMAQ&amp;url=https%3A%2F%2Fwww.abendblatt.de%2Fhamburg%2Farticle209049959%2FElbvertiefung-Richter-kritisiert-Hamburger-Planung.html&amp;usg=AFQjCNGwDuPZicpwGnfe0jkvKaXBm-4MfQ\" target=\"_blank\">in einem bemerkenswerten vom Hamburger Abendblatt zitierten Wortwechsel<\/a> moniert: &#8220;<em>Im Zusammenhang mit den Ausgleichsma\u00dfnahmen warf er (der Richter) den Planern &#8220;Etikettenschwindel&#8221; vor. &#8220;Da machen Sie es uns schwer&#8221;, sagte Nolte. &#8220;Maybe&#8221; (vielleicht) sagte der Anwalt der Stadt.<\/em>&#8221;<\/p>\n<p>Das Gericht geht davon aus, dass all diese M\u00e4ngel geheilt werden k\u00f6nnen und hat daher die Planfeststellungsbeschl\u00fcsse nicht aufgehoben. Und so bleibt es spannend, wie die Planer der Elbvertiefung mit diesen erneuten Hausaufgaben umgehen wollen. Dazu werden wir sicherlich in K\u00fcrze von unserem ersten B\u00fcrgermeister Herrn Olaf Scholz etwas h\u00f6ren.<\/p>\n<p>&nbsp;<\/p>\n","protected":false},"excerpt":{"rendered":"<p>Soeben hat der siebte Senat des Bundesverwaltungsgerichts\u00a0in Leipzig unter dem Vorsitz des\u00a0Richters Herrn Dr. R\u00fcdiger Nolte seine Entscheidung zum Verfahren der Elbvertiefung (Az.\u00a07 A 2.15) bekanntgegeben: In der Pressemitteilung Nr. 6\/2017 des Gerichtes ist zu lesen: &#8220;Die Planfeststellungsbeschl\u00fcsse f\u00fcr den Fahrrinnenausbau von Unter- und Au\u00dfenelbe sind wegen Verst\u00f6\u00dfen gegen das Habitatschutzrecht rechtswidrig und nicht vollziehbar. &hellip; <a href=\"https:\/\/www.hamburg-fuer-die-elbe.de\/?p=11236\" class=\"more-link\"><span class=\"screen-reader-text\">Kirschgr\u00fcne Entscheidung<\/span> weiterlesen <span class=\"meta-nav\">&rarr;<\/span><\/a><\/p>\n","protected":false},"author":2,"featured_media":0,"comment_status":"closed","ping_status":"closed","sticky":false,"template":"","format":"standard","meta":{"footnotes":""},"categories":[1],"tags":[538],"_links":{"self":[{"href":"https:\/\/www.hamburg-fuer-die-elbe.de\/index.php?rest_route=\/wp\/v2\/posts\/11236"}],"collection":[{"href":"https:\/\/www.hamburg-fuer-die-elbe.de\/index.php?rest_route=\/wp\/v2\/posts"}],"about":[{"href":"https:\/\/www.hamburg-fuer-die-elbe.de\/index.php?rest_route=\/wp\/v2\/types\/post"}],"author":[{"embeddable":true,"href":"https:\/\/www.hamburg-fuer-die-elbe.de\/index.php?rest_route=\/wp\/v2\/users\/2"}],"replies":[{"embeddable":true,"href":"https:\/\/www.hamburg-fuer-die-elbe.de\/index.php?rest_route=%2Fwp%2Fv2%2Fcomments&post=11236"}],"version-history":[{"count":4,"href":"https:\/\/www.hamburg-fuer-die-elbe.de\/index.php?rest_route=\/wp\/v2\/posts\/11236\/revisions"}],"predecessor-version":[{"id":11243,"href":"https:\/\/www.hamburg-fuer-die-elbe.de\/index.php?rest_route=\/wp\/v2\/posts\/11236\/revisions\/11243"}],"wp:attachment":[{"href":"https:\/\/www.hamburg-fuer-die-elbe.de\/index.php?rest_route=%2Fwp%2Fv2%2Fmedia&parent=11236"}],"wp:term":[{"taxonomy":"category","embeddable":true,"href":"https:\/\/www.hamburg-fuer-die-elbe.de\/index.php?rest_route=%2Fwp%2Fv2%2Fcategories&post=11236"},{"taxonomy":"post_tag","embeddable":true,"href":"https:\/\/www.hamburg-fuer-die-elbe.de\/index.php?rest_route=%2Fwp%2Fv2%2Ftags&post=11236"}],"curies":[{"name":"wp","href":"https:\/\/api.w.org\/{rel}","templated":true}]}}