{"id":11386,"date":"2019-02-11T20:36:45","date_gmt":"2019-02-11T18:36:45","guid":{"rendered":"http:\/\/www.hamburg-fuer-die-elbe.de\/?p=11386"},"modified":"2021-03-24T16:23:28","modified_gmt":"2021-03-24T14:23:28","slug":"nachschau-havarie-ever-given","status":"publish","type":"post","link":"https:\/\/www.hamburg-fuer-die-elbe.de\/?p=11386","title":{"rendered":"Nachschau Havarie &#8220;Ever Given&#8221;"},"content":{"rendered":"<p>Nein, gro\u00dfe Wellen hat diese erneute Havarie eines Gro\u00dfcontainerschiffes auf der Elbe <a href=\"https:\/\/www.hamburg-fuer-die-elbe.de\/wordpress\/wp-content\/uploads\/2019\/02\/UF-Blankenes.jpg\" target=\"_blank\" rel=\"noopener\"><img loading=\"lazy\" decoding=\"async\" class=\"alignright wp-image-11393\" src=\"https:\/\/www.hamburg-fuer-die-elbe.de\/wordpress\/wp-content\/uploads\/2019\/02\/UF-Blankenes.jpg\" alt=\"\" width=\"310\" height=\"467\" srcset=\"https:\/\/www.hamburg-fuer-die-elbe.de\/wordpress\/wp-content\/uploads\/2019\/02\/UF-Blankenes.jpg 614w, https:\/\/www.hamburg-fuer-die-elbe.de\/wordpress\/wp-content\/uploads\/2019\/02\/UF-Blankenes-199x300.jpg 199w\" sizes=\"(max-width: 310px) 100vw, 310px\" \/><\/a>wieder nicht geschlagen. Es hat keine Toten und Schwerverletzten gegeben &#8211; somit kann in bekannter Hamburger Manier wieder Gras \u00fcber die Sache wachsen &#8211; oder? Auch die unvollst\u00e4ndige Auflistung der\u00a0<a href=\"https:\/\/www.mopo.de\/hamburg\/nach-crash-auf-der-elbe-die-schlimmsten-schiffsungluecke-in-hamburg-32016660\" target=\"_blank\" rel=\"noopener\" class=\"broken_link\">Morgenpost \u00fcber &#8220;Die schlimmsten Schiffsungl\u00fccke in Hamburg<\/a>&#8221; r\u00fcttelt anscheinend in der Hamburger Politik keinen auf.<\/p>\n<p>Der <a href=\"https:\/\/www.google.de\/url?sa=t&amp;rct=j&amp;q=&amp;esrc=s&amp;source=web&amp;cd=2&amp;cad=rja&amp;uact=8&amp;ved=2ahUKEwiQg42O-LPgAhUMDewKHUJXCU4QFjABegQIARAB&amp;url=https%3A%2F%2Fwww.abendblatt.de%2Fwirtschaft%2Fhafen-und-schifffahrt%2Farticle216414699%2FContainerschiff-Hamburg-Kollision-Faehre-Hadag-Elbe-Blankenese.html&amp;usg=AOvVaw1DlIVZK5e6zaBbmIpK7k2z\" target=\"_blank\" rel=\"noopener\">aktuelle Abendblatt-Artikel<\/a> macht ebenfalls nur wenig Hoffnung, dass in Hamburg nicht wieder alles unaufgearbeitet unter den Teppich gekehrt wird. Wir lesen &#8220;<em>Zudem hat die Wasserschutzpolizei eine Ermittlungsgruppe eingesetzt, die die Ursache f\u00fcr den Schiffsunfall feststellen soll.<\/em>&#8221; Da es im <a href=\"https:\/\/www.presseportal.de\/blaulicht\/d\/polizei\/l\/hamburg?startDate=2019-02-09&amp;endDate=2019-02-11&amp;sort=asc\" target=\"_blank\" rel=\"noopener\">Presseportal der Polizei Hamburg<\/a> noch nicht mal eine klitzeklein Pressemitteilung gibt, erahnen wir schon das Ergebnis.<\/p>\n<p>&#8220;<em>Gegen den 39 Jahre alten indischen Kapit\u00e4n des Containerriesen ist ein Ermittlungsverfahren wegen des Verdachts der fahrl\u00e4ssigen K\u00f6rperverletzung und des gef\u00e4hrlichen Eingriffs in den Schiffsverkehr eingeleitet worden<\/em>&#8221; lesen wir Abendblatt weiter und finden fast am Ende des Artikels &#8220;<em>F\u00fcr die BSU war es ein vergleichsweise kleiner Unfall, weil das Seeschiff nur einen Kratzer abbekam. Gleichzeitig wurde die F\u00e4hre erheblich besch\u00e4digt, die Besatzungsmitglieder samt Kapit\u00e4n leicht verletzt.<\/em>&#8221; Ein kleiner Unfall! Da es wie oben beschrieben, keine Toten und Verletzten gegeben hat, wird diese Havarie wahrscheinlich von der <a href=\"https:\/\/www.bsu-bund.de\/DE\/Home\/home_node.html\" target=\"_blank\" rel=\"noopener\">BSU nur als Vorkommnis<\/a> eingruppiert. Das ist alles zynisch.<\/p>\n<p>Aber wir fragen gerne noch einmal, insbesondere nachdem gegen den Kapit\u00e4n ermittelt wird, nach. <strong>Wieso durfte dieses Riesencontainerschiff bei diesen Windst\u00e4rken von sieben Bft und in Schauerb\u00f6en noch mehr \u00fcberhaupt in See stechen?<\/strong><\/p>\n<p>Im <a href=\"https:\/\/www.bsu-bund.de\/SharedDocs\/pdf\/DE\/Unfallberichte\/2016\/Untersuchungsbericht_34_16.html\" target=\"_blank\" rel=\"noopener\">BSU-Havariebericht 34\/16 zur &#8220;CSCL Indian Ocean&#8221;<\/a> lesen wir auf Seite 28 &#8220;<em>Das Befahren des Reviers ist nur zul\u00e4ssig, wenn eine stetige Windst\u00e4rke von 6 Bft an dem Messger\u00e4t Bake \u201eA\u201c oder an dem Messger\u00e4t in Brunsb\u00fcttel nicht \u00fcberschritten wird.<\/em>&#8221;\u00a0In der <a href=\"http:\/\/dip21.bundestag.de\/dip21\/btd\/18\/079\/1807931.pdf\" target=\"_blank\" rel=\"noopener\">Antwort der Bundesregierung zu einer schriftlichen kleinen Anfrage<\/a> im Deutschen Bundestag lesen wir zu den Auflagen zum Befahren der Elbe f\u00fcr Au\u00dfergew\u00f6hnlich Gro\u00dfe Fahrzeuge (AGF) erneut den gleichen Satz: &#8220;<em>Das Befahren des Reviers ist nur zul\u00e4ssig, wenn eine stetige Windst\u00e4rke von 6 Bft an dem Messger\u00e4t Bake \u201eA\u201c oder an dem Messger\u00e4t in Brunsb\u00fcttel nicht \u00fcberschritten wird.<\/em>&#8221; Die Quelle dieses gleichen Satzes geben weder die BSU noch die Bundesregierung an.<\/p>\n<p>Beide Havaristen, die CSCL Indian Ocean und die Ever Given haben die gleichen Gr\u00f6\u00dfendimensionen. Wieso musste die CSCL Indian Ocean damals in der Deutschen Bucht abwettern und die Ever Given durfte am 09.02.2019 einfach aus Hamburg losfahren?<\/p>\n<p>F\u00fcr die Elbe ist in <a href=\"https:\/\/www.elwis.de\/DE\/Schifffahrtsrecht\/Seeschifffahrtsrecht\/SeeSchStrO\/Vierter-Abschnitt\/30\/30-node.html\" target=\"_blank\" rel=\"noopener\">\u00a730 der Seeschiffahrtsstra\u00dfen-Ordnung (SeeSchStrO) in Verbindung mit den <strong>Bekanntmachungen der Generaldirektion Wasserstra\u00dfen und Schifffahrt Au\u00dfenstelle Nord<\/strong>\u00a0(ab Ziffer 14 ff.)<\/a> in Sachen Windgeschwindigkeiten keine Restriktion zu finden. Ein <a href=\"https:\/\/www.gesetze-im-internet.de\/seeschstro_1971\/__57.html\" target=\"_blank\" rel=\"noopener\">Blick in die \u00a757 (1) Nr.1 SeeSchStrO<\/a> ergibt, dass f\u00fcr jedes Befahren der Elbe mit einem Riesencontainerschiff (AGF) aber eine schifffahrtspolizeiliche Genehmigung beim zust\u00e4ndigen Wasserstra\u00dfen- und Schifffahrtsamt einzuholen ist. In Falle der Ever Given war das <a href=\"https:\/\/www.wsa-elbe-nordsee.wsv.de\/Webs\/WSA\/Elbe-Nordsee\/DE\/0_Startseite\/startseite_node.html\" target=\"_blank\" rel=\"noopener\">WSA Hamburg<\/a>\u00a0 (heute WSA Elbe-Nordsee) zust\u00e4ndig.<\/p>\n<p>Nimmt man den besagten Satz aus der Antwort der Bundesregierung und dem BSU-Bericht ernst, muss es eine innerbeh\u00f6rdliche Anweisung geben, die festlegt, wann welche Schiffsgr\u00f6\u00dfe bei welcher Windst\u00e4rke mit welchen Auflagen verkehren darf.<\/p>\n<p>Und in der Tat gibt es diese Anweisung: Die BUND Kreisgruppe Cuxhaven hat diese mit Herrn Kapit\u00e4n Klaus Schroh in 2013 unter Aktenzeichen S1-332.3\/114 IX am 27.02.2013 von der WSD Nord in Erfahrung bringen k\u00f6nnen. Wir zitieren aus dem uns vorliegenden Schreiben: &#8220;<em>Bez\u00fcglich der Windrestriktion gilt, dass ein Befahren der Elbe f\u00fcr AGF generell nur bis einschlie\u00dflich 7 Bft. zul\u00e4ssig ist. Bei steigenden Schiffsabmessungen findet eine weitere Versch\u00e4rfung der zul\u00e4ssigen Windst\u00e4rke statt &#8230; Containerschiffe ab 380 m L\u00e4nge oder ab 52,5 m Breite d\u00fcrfen die Elbe nur bis einschlie\u00dflich Bft. 6, &#8230;, befahren&#8221;<\/em><\/p>\n<p>Warum war denn keine Schlepper beim Havaristen? Wurden Sie in der beh\u00f6rdlichen Genehmigung gar nicht erst gefordert? Hatte der auf den Videos auftauchende Schlepper am Heck des Havaristen ausreichend Pfahlzugleistung, um ihn bei diesem Wind bewegen zu k\u00f6nnen?<\/p>\n<p>Da mutet es schon lustig an, wenn nun die Windst\u00e4rken am 09.02.2019 k\u00fcnstlich auf unter 6 Bft. gerechnet werden. So h\u00f6ren wir mit einmal, dass die mittlere Windgeschwindigkeit von 5 Bft. genannt wird, ohne dass benannt wird, \u00fcber welchen Zeitraum das Mittel gezogen wurde. Auch ob der Windmesser im Lee an der Station Lotsenh\u00f6ft gestanden hat, erfahren wir nicht. \u00dcber die Windgeschwindigkeiten an der Strecke von Bake A in der Au\u00dfenelbe, rund 16 Seemeilen vor Helgoland, bis Brunsb\u00fcttel, die ja das Ma\u00df der Dinge f\u00fcr die schifffahrtspolizeiliche Genehmigung ist, spricht keiner mehr in Hamburg.<\/p>\n<p>Die &#8220;Unter den Teppich kehren&#8221;-Maschinerie der Hamburger Beh\u00f6rden, der HPA und insbesondere der Politik l\u00e4uft an. Der Kapit\u00e4n ist an Allem schuld. Und dieser Kapit\u00e4n wird niemals mehr auf einem Evergreen-Schiff nach Hamburg fahren&#8230; Wir kennen das alles noch von der <a href=\"https:\/\/www.hamburg-fuer-die-elbe.de\/?p=11253\" target=\"_blank\" rel=\"noopener\">Yangming Utmost<\/a>, wo das Verfahren eingestellt wurde.<\/p>\n<p>Es fragt wird keiner nachfragen, warum die schifffahrtspolizeiliche Genehmigung von der WSA Hamburg \u00fcberhaupt erteilt wurde.\u00a0 Und wer jetzt denkt, dass die HADAG die geschrottete Finkenwerder von irgendjemanden, z.B. dem Kapit\u00e4n, der Reederei, einer Versicherung o.a.\u00a0 ersetzt bekommt, sollte sich eben an jene Yangming Utmost erinnern.<\/p>\n<p>PS:<br \/>\nKeinem sind bislang die verquasten Zeitangaben zur Havarie aufgefallen. Unser <a href=\"https:\/\/www.hamburg-fuer-die-elbe.de\/wordpress\/wp-content\/uploads\/2019\/02\/2019-02-09-Positionen-Ever-Given-und-Finkenwerder.pdf\" target=\"_blank\" rel=\"noopener\">Plot von Vesselfinder<\/a> zeigt ganz klar die \u00fcber AIS \u00fcbermittelte Havariezeit von kurz vor 09:30 Uhr. Alle Berichte sprechen aber von 09:45 Uhr. Um 09:45 Uhr w\u00e4re die F\u00e4hre &#8220;Finkenwerder&#8221; auf halber Strecke nach Cranz gewesen&#8230;.<\/p>\n<p>Das<a href=\"https:\/\/www.google.de\/url?sa=t&amp;rct=j&amp;q=&amp;esrc=s&amp;source=web&amp;cd=2&amp;cad=rja&amp;uact=8&amp;ved=2ahUKEwiQg42O-LPgAhUMDewKHUJXCU4QFjABegQIARAB&amp;url=https%3A%2F%2Fwww.abendblatt.de%2Fwirtschaft%2Fhafen-und-schifffahrt%2Farticle216414699%2FContainerschiff-Hamburg-Kollision-Faehre-Hadag-Elbe-Blankenese.html&amp;usg=AOvVaw1DlIVZK5e6zaBbmIpK7k2z\" target=\"_blank\" rel=\"noopener\"> Abendblatt berichtet<\/a>, dass der Schlepper keine Leinenverbindung mehr zum Havaristen gehabt haben soll: &#8220;<em>Zudem wurde bekannt, dass ein Schlepper den Frachter zwar begleitete, aber keine Leinenverbindung gehabt habe.<\/em>&#8221; Zuvor war zutreffend erl\u00e4utert worden: &#8220;<em>Er soll normalerweise daf\u00fcr sorgen, dass das Schiff der Kategorie &#8220;Megamax Carrier&#8221; im Strom gehalten wird, also in der Fahrrinne der Elbe flussabw\u00e4rts.<\/em>&#8221; Ja, die Polizei ermittelt&#8230; in wirklich alle Richtungen?<\/p>\n<p>&nbsp;<\/p>\n","protected":false},"excerpt":{"rendered":"<p>Nein, gro\u00dfe Wellen hat diese erneute Havarie eines Gro\u00dfcontainerschiffes auf der Elbe wieder nicht geschlagen. Es hat keine Toten und Schwerverletzten gegeben &#8211; somit kann in bekannter Hamburger Manier wieder Gras \u00fcber die Sache wachsen &#8211; oder? Auch die unvollst\u00e4ndige Auflistung der\u00a0Morgenpost \u00fcber &#8220;Die schlimmsten Schiffsungl\u00fccke in Hamburg&#8221; r\u00fcttelt anscheinend in der Hamburger Politik keinen &hellip; <a href=\"https:\/\/www.hamburg-fuer-die-elbe.de\/?p=11386\" class=\"more-link\"><span class=\"screen-reader-text\">Nachschau Havarie &#8220;Ever Given&#8221;<\/span> weiterlesen <span class=\"meta-nav\">&rarr;<\/span><\/a><\/p>\n","protected":false},"author":2,"featured_media":11391,"comment_status":"closed","ping_status":"closed","sticky":false,"template":"","format":"standard","meta":{"footnotes":""},"categories":[1,286],"tags":[486,541,542,199],"_links":{"self":[{"href":"https:\/\/www.hamburg-fuer-die-elbe.de\/index.php?rest_route=\/wp\/v2\/posts\/11386"}],"collection":[{"href":"https:\/\/www.hamburg-fuer-die-elbe.de\/index.php?rest_route=\/wp\/v2\/posts"}],"about":[{"href":"https:\/\/www.hamburg-fuer-die-elbe.de\/index.php?rest_route=\/wp\/v2\/types\/post"}],"author":[{"embeddable":true,"href":"https:\/\/www.hamburg-fuer-die-elbe.de\/index.php?rest_route=\/wp\/v2\/users\/2"}],"replies":[{"embeddable":true,"href":"https:\/\/www.hamburg-fuer-die-elbe.de\/index.php?rest_route=%2Fwp%2Fv2%2Fcomments&post=11386"}],"version-history":[{"count":11,"href":"https:\/\/www.hamburg-fuer-die-elbe.de\/index.php?rest_route=\/wp\/v2\/posts\/11386\/revisions"}],"predecessor-version":[{"id":11394,"href":"https:\/\/www.hamburg-fuer-die-elbe.de\/index.php?rest_route=\/wp\/v2\/posts\/11386\/revisions\/11394"}],"wp:featuredmedia":[{"embeddable":true,"href":"https:\/\/www.hamburg-fuer-die-elbe.de\/index.php?rest_route=\/wp\/v2\/media\/11391"}],"wp:attachment":[{"href":"https:\/\/www.hamburg-fuer-die-elbe.de\/index.php?rest_route=%2Fwp%2Fv2%2Fmedia&parent=11386"}],"wp:term":[{"taxonomy":"category","embeddable":true,"href":"https:\/\/www.hamburg-fuer-die-elbe.de\/index.php?rest_route=%2Fwp%2Fv2%2Fcategories&post=11386"},{"taxonomy":"post_tag","embeddable":true,"href":"https:\/\/www.hamburg-fuer-die-elbe.de\/index.php?rest_route=%2Fwp%2Fv2%2Ftags&post=11386"}],"curies":[{"name":"wp","href":"https:\/\/api.w.org\/{rel}","templated":true}]}}