{"id":11433,"date":"2020-02-14T16:43:18","date_gmt":"2020-02-14T14:43:18","guid":{"rendered":"http:\/\/www.hamburg-fuer-die-elbe.de\/?p=11433"},"modified":"2020-02-15T20:32:38","modified_gmt":"2020-02-15T18:32:38","slug":"jetz-mal-butter-bei-die-fische","status":"publish","type":"post","link":"https:\/\/www.hamburg-fuer-die-elbe.de\/?p=11433","title":{"rendered":"Jetz&#8217; mal Butter bei die Fische!"},"content":{"rendered":"<p>Vor \u00fcber zwei Monaten, am 03.12.2019, wurde das <a href=\"https:\/\/www.buergerschaft-hh.de\/parldok\/dokument\/68887\/erste_fortschreibung_des_hamburger_klimaplans_und_gesetz_zur_aenderung_der_verfassung_zum_neuerlass_des_hamburgischen_klimaschutzgesetzes_sowie_zur_an.pdf\" target=\"_blank\" rel=\"noopener noreferrer\" class=\"broken_link\">Hamburger Klimapaket \u00fcber eine Senatsmitteilung an die B\u00fcrgerschaft<\/a> \u00f6ffentlich. Unser B\u00fcrgermeister Herr Tschentscher macht auf der gleicht\u00e4gigen Pressekonferenz viel Werbung f\u00fcr diesen Plan. <a href=\"https:\/\/www.hamburg-fuer-die-elbe.de\/wordpress\/wp-content\/uploads\/2020\/02\/Butter-bei-die-Fische.jpg\" target=\"_blank\" rel=\"noopener noreferrer\"><img loading=\"lazy\" decoding=\"async\" class=\"alignright wp-image-11442\" src=\"https:\/\/www.hamburg-fuer-die-elbe.de\/wordpress\/wp-content\/uploads\/2020\/02\/Butter-bei-die-Fische.jpg\" alt=\"\" width=\"262\" height=\"525\" srcset=\"https:\/\/www.hamburg-fuer-die-elbe.de\/wordpress\/wp-content\/uploads\/2020\/02\/Butter-bei-die-Fische.jpg 1056w, https:\/\/www.hamburg-fuer-die-elbe.de\/wordpress\/wp-content\/uploads\/2020\/02\/Butter-bei-die-Fische-150x300.jpg 150w, https:\/\/www.hamburg-fuer-die-elbe.de\/wordpress\/wp-content\/uploads\/2020\/02\/Butter-bei-die-Fische-768x1539.jpg 768w, https:\/\/www.hamburg-fuer-die-elbe.de\/wordpress\/wp-content\/uploads\/2020\/02\/Butter-bei-die-Fische-511x1024.jpg 511w\" sizes=\"(max-width: 262px) 100vw, 262px\" \/><\/a><a href=\"https:\/\/www.hamburg-fuer-die-elbe.de\/wordpress\/wp-content\/uploads\/2020\/02\/B\u00fcrgermeister-Tschentscher-wirbt-f\u00fcr-Hamburger-Klimaplan-Hamburger-Abendblatt.pdf\" target=\"_blank\" rel=\"noopener noreferrer\">Wir lesen im Hamburger Abendblatt:<\/a> <em>&#8220;Ziele sind wichtig, das Handeln ist entscheidend&#8221;, erkl\u00e4rte Tschentscher. Die Begrenzung der Erderw\u00e4rmung soll k\u00fcnftig als Staatsziel in der Landesverfassung stehen.&#8221; <\/em>Es folgen sensationell anmutende Zahlen. <em>&#8220;Mit 400 konkreten Ma\u00dfnahmen ist der Hamburger Klimaplan ein gro\u00dfes Handbuch f\u00fcr praktischen Klimaschutz&#8221;, sagte Tschentscher. Bis 2030 sollen insgesamt 7,1 Millionen Tonnen CO2 eingespart werden. Bis 2050 soll Hamburg klimaneutral werden.&#8221;<\/em><\/p>\n<p>Folgt man der medialen Grundeinsch\u00e4tzung samt Expertenmeinungen, scheint der Klimaplan zumindest vom Ansatz her gut zu sein. Lediglich Detailfragen in der Umsetzung seien offen. Aus diesem Bewertungseindruck wagen wir die Behauptung, dass nur wenige Menschen den Klimaplan im Detail gelesen und ausgewertet haben. Diejenigen, die sich intensiv mit den Zahlen und Annahmen besch\u00e4ftigt haben, hinterfragen zumindest die Zahlenbasis und stellen erhebliche Inplausibilit\u00e4ten fest. Befremdlich, dass das Klimagesetz in zwei Teilen verabschiedet werden muss (Teil 1 am 11.02.2020, Teil 2 ist unbekannt), weil wesentliche Ma\u00dfnahmen aufgrund von <a href=\"https:\/\/www.hamburg-fuer-die-elbe.de\/wordpress\/wp-content\/uploads\/2020\/02\/2020-01-08-HA-Rot-Gr\u00fcner-Zoff-Veit-wirft-Kerstan-\u201eSchlamperei\u201c-vor.pdf\" target=\"_blank\" rel=\"noopener noreferrer\">Beteiligungs- und Fristvers\u00e4umnissen<\/a> nicht umgesetzt werden k\u00f6nnen. Hei\u00dfe Nadel?<\/p>\n<p>Mangels \u00f6ffentlicher Aus- und Bewertung nehmen wir eine inhaltliche Diskussion des Klimaplanes nicht wahr. Es wird nur auf die nackten Zahlen der CO2-Einsparungen geguckt. Eine Pr\u00fcfung, ob die Klimaziele mit den vom Senat geplanten Ma\u00dfnahmen nicht besser durch andere CO2-Einsparpotentiale erreicht werden k\u00f6nnten, findet nicht statt. Eine Analyse der spezifischen CO2-Einsparpotentiale des Bundeslandes Hamburg, aus denen man spezielle nur f\u00fcr Hamburg g\u00fcltige Ma\u00dfnahmen ableitet, ist uns unbekannt. Warum h\u00e4lt man sich starr an die extrem d\u00fcrftige CO2-Emissionstatistik des Statistikamtes Nord, die bei den Verursachern nur zwischen Privaten, Gewerbe &amp; Handel sowie Industrie unterscheidet? Es gibt doch so viele andere wissenschaftlich abgesicherte Zahlen zu Emissionen in Deutschland, die eine wesentlich detailliertere Analyse erm\u00f6glichen w\u00fcrden!<\/p>\n<p><a href=\"https:\/\/www.hamburg-fuer-die-elbe.de\/wordpress\/wp-content\/uploads\/2020\/02\/CostaNirosta-2030.jpg\" target=\"_blank\" rel=\"noopener noreferrer\"><img loading=\"lazy\" decoding=\"async\" class=\"alignleft wp-image-11434\" src=\"https:\/\/www.hamburg-fuer-die-elbe.de\/wordpress\/wp-content\/uploads\/2020\/02\/CostaNirosta-2030.jpg\" alt=\"\" width=\"496\" height=\"346\" srcset=\"https:\/\/www.hamburg-fuer-die-elbe.de\/wordpress\/wp-content\/uploads\/2020\/02\/CostaNirosta-2030.jpg 990w, https:\/\/www.hamburg-fuer-die-elbe.de\/wordpress\/wp-content\/uploads\/2020\/02\/CostaNirosta-2030-300x209.jpg 300w, https:\/\/www.hamburg-fuer-die-elbe.de\/wordpress\/wp-content\/uploads\/2020\/02\/CostaNirosta-2030-768x536.jpg 768w\" sizes=\"(max-width: 496px) 100vw, 496px\" \/><\/a>Wenn derartige Fragen unbeantwortet bleiben und eine Diskussion nicht stattfindet, stellen wir uns die Frage, warum es eines Hamburger Klimaplanes seitens der Politik \u00fcberhaupt bedurfte. Alles nur Wahlkampfget\u00f6se?<\/p>\n<p>Selbstverst\u00e4ndlich braucht Hamburg einen Klimaplan. N\u00e4mlich genau f\u00fcr die Hamburger Spezifika, die beispielsweise nicht \u00fcber das Klimap\u00e4ckchen der Bundesregierung oder EU-Verordnungen angegangen werden. Und von den spezifischen Hamburger Themen gibt es so einige. Stellvertretend seien benannt:<\/p>\n<ul>\n<li>Zum Verkehr sind im Klimaplan keinerlei Einschr\u00e4nkungen des Motorisierten Individualverkehrs (MIV) durch z.B. Ausweisung von Fu\u00dfg\u00e4ngerzonen \u00fcber fl\u00e4chendeckendem Tempo 30 bis hin zu Fahrverbotszonen zu finden. Auch zur Stadtplanung mit anderen Verkehrskonzepten, z.B. in der Neuen Mitte Altona mit progressiven Fu\u00df- und Radwegen, ganz wenigen Autos sowie einem starken \u00d6PNV herrscht Fehlanzeige.<\/li>\n<li>Hamburg hat einen unterirdischen Strommix, der gegen\u00fcber dem Bundesstrommix ein immenses Verbesserungspotential hat.<\/li>\n<li>Hatte Hamburg nicht einen Hafen? War da nicht sogar etwas mit Welthafen? \u00dcber die Verminderung von CO2-Emissionen bei Schifffahrt und Hafenbetrieb (z.B. Schlickbaggerei) herrscht im Klimaplan vollendetes Schweigen.<\/li>\n<\/ul>\n<p>Hamburger Themen hat man, mit Ausnahme einer kleinen St\u00e4rkung des \u00d6PNV, im Klimaplan nahezu vollst\u00e4ndig vergessen. Stattdessen w\u00e4lzt der Senat seine Verantwortung f\u00fcr die Klimaziele zu \u00fcber die H\u00e4lfte auf Ma\u00dfnahmen des Bundes, Europas oder benachbarter Bundesl\u00e4nder ab. Ja, richtig gelesen: von der o.a. CO2-Einsparung von 7,1 Mio. t dr\u00fcckt der Senat die Verantwortung f\u00fcr 3,543 Mio. t einfach weg. Der Senat steht somit nur f\u00fcr die verbleiben 3,5 Mio. t CO2-Einsparung in der Verpflichtung. Anderslautende Bekundungen, wie beispielsweise die von unserem B\u00fcrgermeister oben angef\u00fchrte, sind eine irref\u00fchrende Ver\u00e4ppelung.<\/p>\n<p>Wie wir diese Zahlen ermittelt haben, welche Hamburger Sachverhalte einfach vergessen wurden und welche weitere Kritik wir \u00fcben, k\u00f6nnen Sie hier in unserer <a href=\"https:\/\/www.hamburg-fuer-die-elbe.de\/wordpress\/wp-content\/uploads\/2020\/02\/Auswertung-des-Hamburger-Klimaplanes-20200214.pdf\" target=\"_blank\" rel=\"noopener noreferrer\">Auswertung des Hamburger Klimaplanes <\/a>nachlesen.<\/p>\n<p><a href=\"https:\/\/www.hamburg-fuer-die-elbe.de\/wordpress\/wp-content\/uploads\/2020\/02\/Tschentscher2020.jpg\" target=\"_blank\" rel=\"noopener noreferrer\"><img loading=\"lazy\" decoding=\"async\" class=\"alignleft wp-image-11443\" src=\"https:\/\/www.hamburg-fuer-die-elbe.de\/wordpress\/wp-content\/uploads\/2020\/02\/Tschentscher2020.jpg\" alt=\"\" width=\"202\" height=\"140\" srcset=\"https:\/\/www.hamburg-fuer-die-elbe.de\/wordpress\/wp-content\/uploads\/2020\/02\/Tschentscher2020.jpg 917w, https:\/\/www.hamburg-fuer-die-elbe.de\/wordpress\/wp-content\/uploads\/2020\/02\/Tschentscher2020-300x207.jpg 300w, https:\/\/www.hamburg-fuer-die-elbe.de\/wordpress\/wp-content\/uploads\/2020\/02\/Tschentscher2020-768x531.jpg 768w\" sizes=\"(max-width: 202px) 100vw, 202px\" \/><\/a>Wenn unser Senat f\u00fcr unsere Stadt Hamburg, also f\u00fcr die Umwelthauptstadt des Jahres 2011, in Sachen Klimaschutz keine &#8220;Butter bei die Fische&#8221; will, dann m\u00fcssen wir ihm pers\u00f6nlich zeigen, was wir von seiner Politik halten.<\/p>\n<p>Zuerst am Freitag, 21.02.2020 um 14:00 Uhr bei der FFF-Demo auf dem Heiligengeistfeld<\/p>\n<p>und dann<\/p>\n<p>am Sonntag, 23.02.2020 von 8:00 bis 18:00 Uhr in der Wahlkabine. <a href=\"https:\/\/www.hamburg-fuer-die-elbe.de\/wordpress\/wp-content\/uploads\/2020\/02\/Tschentscher2030.jpeg\" target=\"_blank\" rel=\"noopener noreferrer\"><img loading=\"lazy\" decoding=\"async\" class=\"alignright wp-image-11432\" src=\"https:\/\/www.hamburg-fuer-die-elbe.de\/wordpress\/wp-content\/uploads\/2020\/02\/Tschentscher2030.jpeg\" alt=\"\" width=\"465\" height=\"321\" srcset=\"https:\/\/www.hamburg-fuer-die-elbe.de\/wordpress\/wp-content\/uploads\/2020\/02\/Tschentscher2030.jpeg 2346w, https:\/\/www.hamburg-fuer-die-elbe.de\/wordpress\/wp-content\/uploads\/2020\/02\/Tschentscher2030-300x207.jpeg 300w, https:\/\/www.hamburg-fuer-die-elbe.de\/wordpress\/wp-content\/uploads\/2020\/02\/Tschentscher2030-768x531.jpeg 768w, https:\/\/www.hamburg-fuer-die-elbe.de\/wordpress\/wp-content\/uploads\/2020\/02\/Tschentscher2030-1024x708.jpeg 1024w\" sizes=\"(max-width: 465px) 100vw, 465px\" \/><\/a>Dort k\u00f6nnen wir &#8211; <strong>mit der ganzen Stadt im Blick<\/strong> &#8211; sehr gut \u00fcber das Klimapaket abstimmen, damit wir uns im Jahre 2030 nichts vorwerfen m\u00fcssen!<\/p>\n<p>&nbsp;<\/p>\n","protected":false},"excerpt":{"rendered":"<p>Vor \u00fcber zwei Monaten, am 03.12.2019, wurde das Hamburger Klimapaket \u00fcber eine Senatsmitteilung an die B\u00fcrgerschaft \u00f6ffentlich. Unser B\u00fcrgermeister Herr Tschentscher macht auf der gleicht\u00e4gigen Pressekonferenz viel Werbung f\u00fcr diesen Plan. Wir lesen im Hamburger Abendblatt: &#8220;Ziele sind wichtig, das Handeln ist entscheidend&#8221;, erkl\u00e4rte Tschentscher. Die Begrenzung der Erderw\u00e4rmung soll k\u00fcnftig als Staatsziel in der &hellip; <a href=\"https:\/\/www.hamburg-fuer-die-elbe.de\/?p=11433\" class=\"more-link\"><span class=\"screen-reader-text\">Jetz&#8217; mal Butter bei die Fische!<\/span> weiterlesen <span class=\"meta-nav\">&rarr;<\/span><\/a><\/p>\n","protected":false},"author":2,"featured_media":11447,"comment_status":"closed","ping_status":"closed","sticky":false,"template":"","format":"standard","meta":{"footnotes":""},"categories":[1],"tags":[546,235,547,550,545,548,549],"_links":{"self":[{"href":"https:\/\/www.hamburg-fuer-die-elbe.de\/index.php?rest_route=\/wp\/v2\/posts\/11433"}],"collection":[{"href":"https:\/\/www.hamburg-fuer-die-elbe.de\/index.php?rest_route=\/wp\/v2\/posts"}],"about":[{"href":"https:\/\/www.hamburg-fuer-die-elbe.de\/index.php?rest_route=\/wp\/v2\/types\/post"}],"author":[{"embeddable":true,"href":"https:\/\/www.hamburg-fuer-die-elbe.de\/index.php?rest_route=\/wp\/v2\/users\/2"}],"replies":[{"embeddable":true,"href":"https:\/\/www.hamburg-fuer-die-elbe.de\/index.php?rest_route=%2Fwp%2Fv2%2Fcomments&post=11433"}],"version-history":[{"count":7,"href":"https:\/\/www.hamburg-fuer-die-elbe.de\/index.php?rest_route=\/wp\/v2\/posts\/11433\/revisions"}],"predecessor-version":[{"id":11453,"href":"https:\/\/www.hamburg-fuer-die-elbe.de\/index.php?rest_route=\/wp\/v2\/posts\/11433\/revisions\/11453"}],"wp:featuredmedia":[{"embeddable":true,"href":"https:\/\/www.hamburg-fuer-die-elbe.de\/index.php?rest_route=\/wp\/v2\/media\/11447"}],"wp:attachment":[{"href":"https:\/\/www.hamburg-fuer-die-elbe.de\/index.php?rest_route=%2Fwp%2Fv2%2Fmedia&parent=11433"}],"wp:term":[{"taxonomy":"category","embeddable":true,"href":"https:\/\/www.hamburg-fuer-die-elbe.de\/index.php?rest_route=%2Fwp%2Fv2%2Fcategories&post=11433"},{"taxonomy":"post_tag","embeddable":true,"href":"https:\/\/www.hamburg-fuer-die-elbe.de\/index.php?rest_route=%2Fwp%2Fv2%2Ftags&post=11433"}],"curies":[{"name":"wp","href":"https:\/\/api.w.org\/{rel}","templated":true}]}}