{"id":1201,"date":"2014-01-08T23:46:37","date_gmt":"2014-01-08T21:46:37","guid":{"rendered":"http:\/\/www.hamburg-fuer-die-elbe.de\/?p=1201"},"modified":"2015-02-21T12:40:17","modified_gmt":"2015-02-21T11:40:17","slug":"eugen-maersk","status":"publish","type":"post","link":"https:\/\/www.hamburg-fuer-die-elbe.de\/?p=1201","title":{"rendered":"Eugen Maersk"},"content":{"rendered":"<p>Nach den vielen r\u00e4tselhaften Ver\u00f6ffentlichungen in der Presse und Radio wollen wir Ihnen eine klarstellende\u00a0<a href=\"https:\/\/www.hamburg-fuer-die-elbe.de\/wordpress\/wp-content\/uploads\/2014\/01\/pressemitteilung-der-bund-kg-8.1.014.pdf\">Pressemitteilung des BUND-Kreisgruppe Cuxhaven<\/a> vom 8. Januar 2014 zur Verf\u00fcgung stellen. Die auch f\u00fcr die Einfahrt der Eugen Maersk relevante <a href=\"https:\/\/www.elwis.de\/BfS\/bfs_start.php?target=3&amp;source=2&amp;db_id=11896\" target=\"_blank\" class=\"broken_link\">Bekanntmachung f\u00fcr Seefahrer Nr. 43\/2010<\/a> k\u00f6nnen Sie mit dem Link einsehen.<\/p>\n","protected":false},"excerpt":{"rendered":"<p>Nach den vielen r\u00e4tselhaften Ver\u00f6ffentlichungen in der Presse und Radio wollen wir Ihnen eine klarstellende\u00a0Pressemitteilung des BUND-Kreisgruppe Cuxhaven vom 8. Januar 2014 zur Verf\u00fcgung stellen. Die auch f\u00fcr die Einfahrt der Eugen Maersk relevante Bekanntmachung f\u00fcr Seefahrer Nr. 43\/2010 k\u00f6nnen Sie mit dem Link einsehen.<\/p>\n","protected":false},"author":2,"featured_media":0,"comment_status":"closed","ping_status":"closed","sticky":false,"template":"","format":"standard","meta":{"footnotes":""},"categories":[11],"tags":[18,43,59,19],"_links":{"self":[{"href":"https:\/\/www.hamburg-fuer-die-elbe.de\/index.php?rest_route=\/wp\/v2\/posts\/1201"}],"collection":[{"href":"https:\/\/www.hamburg-fuer-die-elbe.de\/index.php?rest_route=\/wp\/v2\/posts"}],"about":[{"href":"https:\/\/www.hamburg-fuer-die-elbe.de\/index.php?rest_route=\/wp\/v2\/types\/post"}],"author":[{"embeddable":true,"href":"https:\/\/www.hamburg-fuer-die-elbe.de\/index.php?rest_route=\/wp\/v2\/users\/2"}],"replies":[{"embeddable":true,"href":"https:\/\/www.hamburg-fuer-die-elbe.de\/index.php?rest_route=%2Fwp%2Fv2%2Fcomments&post=1201"}],"version-history":[{"count":4,"href":"https:\/\/www.hamburg-fuer-die-elbe.de\/index.php?rest_route=\/wp\/v2\/posts\/1201\/revisions"}],"predecessor-version":[{"id":1655,"href":"https:\/\/www.hamburg-fuer-die-elbe.de\/index.php?rest_route=\/wp\/v2\/posts\/1201\/revisions\/1655"}],"wp:attachment":[{"href":"https:\/\/www.hamburg-fuer-die-elbe.de\/index.php?rest_route=%2Fwp%2Fv2%2Fmedia&parent=1201"}],"wp:term":[{"taxonomy":"category","embeddable":true,"href":"https:\/\/www.hamburg-fuer-die-elbe.de\/index.php?rest_route=%2Fwp%2Fv2%2Fcategories&post=1201"},{"taxonomy":"post_tag","embeddable":true,"href":"https:\/\/www.hamburg-fuer-die-elbe.de\/index.php?rest_route=%2Fwp%2Fv2%2Ftags&post=1201"}],"curies":[{"name":"wp","href":"https:\/\/api.w.org\/{rel}","templated":true}]}}