{"id":1366,"date":"2014-02-13T09:25:52","date_gmt":"2014-02-13T07:25:52","guid":{"rendered":"http:\/\/www.hamburg-fuer-die-elbe.de\/?p=1366"},"modified":"2015-04-05T08:37:28","modified_gmt":"2015-04-05T07:37:28","slug":"argentinienbruecke","status":"publish","type":"post","link":"https:\/\/www.hamburg-fuer-die-elbe.de\/?p=1366","title":{"rendered":"Argentinienbr\u00fccke"},"content":{"rendered":"<p>28 Br\u00fccken in Hamburg m\u00fcssen au<a href=\"https:\/\/www.hamburg-fuer-die-elbe.de\/wordpress\/wp-content\/uploads\/2014\/02\/Argentinienbr\u00fccke.jpg\" target=\"_blank\"><img loading=\"lazy\" decoding=\"async\" class=\"alignright wp-image-4587\" src=\"https:\/\/www.hamburg-fuer-die-elbe.de\/wordpress\/wp-content\/uploads\/2014\/02\/Argentinienbr\u00fccke.jpg\" alt=\"Argentinienbr\u00fccke\" width=\"250\" height=\"333\" \/><\/a>fgrund einer neuen Bundesrichtlinie statisch gepr\u00fcft werden. Im <a href=\"http:\/\/www.abendblatt.de\/wirtschaft\/article124506337\/Argentinienbruecke-marode-Polizeischutz-fuer-schwere-Lkw.html\" target=\"_blank\">Hamburger Hafen<\/a> wurden bei der Argentinienbr\u00fccke, der zentralen Hafenverbindung \u00fcber den Reiherstieg, statische Einschr\u00e4nkungen festgestellt, die ab 1. M\u00e4rz zu erheblichen Verkehrsbeschr\u00e4nkung f\u00fchren sollen. Der immens angewachsene Schwerlastverkehr im Hafen gilt als Verursacher.<\/p>\n<p>In einer <a href=\"https:\/\/www.buergerschaft-hh.de\/ParlDok\/dokument\/43974\/argentinienbr%C3%BCcke.pdf\" target=\"_blank\" class=\"broken_link\">kleinen Anfrage<\/a> wird nach den Ursachen, Ma\u00dfnahmen und Kosten gefragt. Immerhin ist der prominente westliche Br\u00fcckennachbar der Argentinienbr\u00fccke, die <a title=\"Pl\u00e4ne K\u00f6hlbrandbr\u00fccke?\" href=\"https:\/\/www.hamburg-fuer-die-elbe.de\/?p=1340\" target=\"_blank\">K\u00f6hlbrandbr\u00fccke<\/a>, ebenfalls angeschlagen.<\/p>\n","protected":false},"excerpt":{"rendered":"<p>28 Br\u00fccken in Hamburg m\u00fcssen aufgrund einer neuen Bundesrichtlinie statisch gepr\u00fcft werden. Im Hamburger Hafen wurden bei der Argentinienbr\u00fccke, der zentralen Hafenverbindung \u00fcber den Reiherstieg, statische Einschr\u00e4nkungen festgestellt, die ab 1. M\u00e4rz zu erheblichen Verkehrsbeschr\u00e4nkung f\u00fchren sollen. Der immens angewachsene Schwerlastverkehr im Hafen gilt als Verursacher. In einer kleinen Anfrage wird nach den Ursachen, Ma\u00dfnahmen &hellip; <a href=\"https:\/\/www.hamburg-fuer-die-elbe.de\/?p=1366\" class=\"more-link\"><span class=\"screen-reader-text\">Argentinienbr\u00fccke<\/span> weiterlesen <span class=\"meta-nav\">&rarr;<\/span><\/a><\/p>\n","protected":false},"author":2,"featured_media":0,"comment_status":"closed","ping_status":"closed","sticky":false,"template":"","format":"standard","meta":{"footnotes":""},"categories":[10,152],"tags":[70,13,52,66],"_links":{"self":[{"href":"https:\/\/www.hamburg-fuer-die-elbe.de\/index.php?rest_route=\/wp\/v2\/posts\/1366"}],"collection":[{"href":"https:\/\/www.hamburg-fuer-die-elbe.de\/index.php?rest_route=\/wp\/v2\/posts"}],"about":[{"href":"https:\/\/www.hamburg-fuer-die-elbe.de\/index.php?rest_route=\/wp\/v2\/types\/post"}],"author":[{"embeddable":true,"href":"https:\/\/www.hamburg-fuer-die-elbe.de\/index.php?rest_route=\/wp\/v2\/users\/2"}],"replies":[{"embeddable":true,"href":"https:\/\/www.hamburg-fuer-die-elbe.de\/index.php?rest_route=%2Fwp%2Fv2%2Fcomments&post=1366"}],"version-history":[{"count":6,"href":"https:\/\/www.hamburg-fuer-die-elbe.de\/index.php?rest_route=\/wp\/v2\/posts\/1366\/revisions"}],"predecessor-version":[{"id":6065,"href":"https:\/\/www.hamburg-fuer-die-elbe.de\/index.php?rest_route=\/wp\/v2\/posts\/1366\/revisions\/6065"}],"wp:attachment":[{"href":"https:\/\/www.hamburg-fuer-die-elbe.de\/index.php?rest_route=%2Fwp%2Fv2%2Fmedia&parent=1366"}],"wp:term":[{"taxonomy":"category","embeddable":true,"href":"https:\/\/www.hamburg-fuer-die-elbe.de\/index.php?rest_route=%2Fwp%2Fv2%2Fcategories&post=1366"},{"taxonomy":"post_tag","embeddable":true,"href":"https:\/\/www.hamburg-fuer-die-elbe.de\/index.php?rest_route=%2Fwp%2Fv2%2Ftags&post=1366"}],"curies":[{"name":"wp","href":"https:\/\/api.w.org\/{rel}","templated":true}]}}