{"id":1380,"date":"2014-02-21T21:00:06","date_gmt":"2014-02-21T19:00:06","guid":{"rendered":"http:\/\/www.hamburg-fuer-die-elbe.de\/?p=1380"},"modified":"2015-05-29T06:57:30","modified_gmt":"2015-05-29T05:57:30","slug":"atomtransporte","status":"publish","type":"post","link":"https:\/\/www.hamburg-fuer-die-elbe.de\/?p=1380","title":{"rendered":"Atomtransporte"},"content":{"rendered":"<p>Mit dem Brand der &#8220;Atlantic Cartier&#8221; am 1.\/2. Mai 2013, nur wenige Meter vom mit tausenden Menschen besuchten Versammlungsort des Kirchentages entfernt, wurde deutlich, dass es im Hamburger Hafen zur &#8220;Normalit\u00e4t&#8221; geh\u00f6rt, radioaktive und\/oder hochgiftige Stoffe &#8220;mitten in der Stadt&#8221; umzuschlagen. <strong>Hamburg stand Anfang Mai 2013 sehr Nahe an einer Katastrophe.<\/strong><\/p>\n<p>Trotz <a href=\"https:\/\/www.buergerschaft-hh.de\/ParlDok\/dokument\/41825\/atlantic-cartier-%E2%80%93-brandursache-ii-.pdf\" target=\"_blank\" class=\"broken_link\">diverser<\/a> <a href=\"https:\/\/www.buergerschaft-hh.de\/ParlDok\/dokument\/41207\/atlantic-cartier-%E2%80%93-brandursache.pdf\" target=\"_blank\" class=\"broken_link\">Nachfragen<\/a> ist die Ursache des Brandes bislang nicht gekl\u00e4rt worden, wie die <a href=\"https:\/\/www.buergerschaft-hh.de\/ParlDok\/dokument\/43656\/atlantic-cartier-%e2%80%93-brandursache-iii-.pdf\" target=\"_blank\" class=\"broken_link\">letzte kleine Anfrage<\/a> ausweist. Unseren Senat scheint diese auch nicht zu besonders interessieren: er verweist schlicht auf einen Untersuchungsbericht, den er f\u00fcr das 3. Quartal 2014 erwartet und h\u00e4lt es nicht f\u00fcr n\u00f6tig, \u00fcber ein eigenes Gutachten sich ein eigenes Bild zu verschaffen. Angesichts dieser N\u00e4he zur Katastrophe sind wir sprachlos, dass sich unser Senat anscheinend wenige Gedanken \u00fcber die Sicherheit der Bev\u00f6lkerung und zu m\u00f6glichen systemischen Fehlern im eigenen Haus, der Hafenverwaltung HPA macht.<\/p>\n<p>Einige Abgeordneten der Hamburger B\u00fcrgerschaft versuchen Transparenz in die\u00a0 Gefahrenlage im Hamburger Hafen zu bringen. Ein Teil versucht diese Transparenz durch die <a href=\"https:\/\/www.buergerschaft-hh.de\/ParlDok\/dokument\/43946\/atomtransporte-durch-hamburg-xiv-.pdf\" target=\"_blank\" class=\"broken_link\">nachtr\u00e4gliche Offenlegung<\/a> von derartigen Transporten durch <a href=\"https:\/\/www.buergerschaft-hh.de\/ParlDok\/dokument\/42939\/atomtransporte-durch-hamburg-xiii-.pdf\" target=\"_blank\" class=\"broken_link\">regelm\u00e4\u00dfige kleine Anfragen<\/a> und <a href=\"https:\/\/www.buergerschaft-hh.de\/ParlDok\/dokument\/41091\/atomtransporte-sind-%e2%80%9espiel-mit-dem-feuer%e2%80%9c.pdf\" target=\"_blank\" class=\"broken_link\">Antr\u00e4ge <\/a>zu schaffen, ein anderer Teil hat nun den bemerkenswerten Weg einer &#8220;<a href=\"http:\/\/www.taz.de\/Bitte-lieber-Hafen\/!5048002\/\" target=\"_blank\">freiwilligen Selbstverpflichtung<\/a>&#8221; durch die Terminalbetreiber im Hafen gew\u00e4hlt.<\/p>\n<p>Irgendwie f\u00fchlen wir uns, wenn wache B\u00fcrger und Abgeordnete diesen Weg w\u00e4hlen m\u00fcssen, an die <a href=\"https:\/\/www.hamburg-fuer-die-elbe.de\/?page_id=570\" target=\"_blank\">Choleraepedemie von 1892<\/a> erinnert&#8230; Verstehen Sie warum?<\/p>\n","protected":false},"excerpt":{"rendered":"<p>Mit dem Brand der &#8220;Atlantic Cartier&#8221; am 1.\/2. Mai 2013, nur wenige Meter vom mit tausenden Menschen besuchten Versammlungsort des Kirchentages entfernt, wurde deutlich, dass es im Hamburger Hafen zur &#8220;Normalit\u00e4t&#8221; geh\u00f6rt, radioaktive und\/oder hochgiftige Stoffe &#8220;mitten in der Stadt&#8221; umzuschlagen. Hamburg stand Anfang Mai 2013 sehr Nahe an einer Katastrophe. Trotz diverser Nachfragen ist &hellip; <a href=\"https:\/\/www.hamburg-fuer-die-elbe.de\/?p=1380\" class=\"more-link\"><span class=\"screen-reader-text\">Atomtransporte<\/span> weiterlesen <span class=\"meta-nav\">&rarr;<\/span><\/a><\/p>\n","protected":false},"author":2,"featured_media":0,"comment_status":"closed","ping_status":"closed","sticky":false,"template":"","format":"standard","meta":{"footnotes":""},"categories":[1,10],"tags":[76,75,81,97],"_links":{"self":[{"href":"https:\/\/www.hamburg-fuer-die-elbe.de\/index.php?rest_route=\/wp\/v2\/posts\/1380"}],"collection":[{"href":"https:\/\/www.hamburg-fuer-die-elbe.de\/index.php?rest_route=\/wp\/v2\/posts"}],"about":[{"href":"https:\/\/www.hamburg-fuer-die-elbe.de\/index.php?rest_route=\/wp\/v2\/types\/post"}],"author":[{"embeddable":true,"href":"https:\/\/www.hamburg-fuer-die-elbe.de\/index.php?rest_route=\/wp\/v2\/users\/2"}],"replies":[{"embeddable":true,"href":"https:\/\/www.hamburg-fuer-die-elbe.de\/index.php?rest_route=%2Fwp%2Fv2%2Fcomments&post=1380"}],"version-history":[{"count":9,"href":"https:\/\/www.hamburg-fuer-die-elbe.de\/index.php?rest_route=\/wp\/v2\/posts\/1380\/revisions"}],"predecessor-version":[{"id":6659,"href":"https:\/\/www.hamburg-fuer-die-elbe.de\/index.php?rest_route=\/wp\/v2\/posts\/1380\/revisions\/6659"}],"wp:attachment":[{"href":"https:\/\/www.hamburg-fuer-die-elbe.de\/index.php?rest_route=%2Fwp%2Fv2%2Fmedia&parent=1380"}],"wp:term":[{"taxonomy":"category","embeddable":true,"href":"https:\/\/www.hamburg-fuer-die-elbe.de\/index.php?rest_route=%2Fwp%2Fv2%2Fcategories&post=1380"},{"taxonomy":"post_tag","embeddable":true,"href":"https:\/\/www.hamburg-fuer-die-elbe.de\/index.php?rest_route=%2Fwp%2Fv2%2Ftags&post=1380"}],"curies":[{"name":"wp","href":"https:\/\/api.w.org\/{rel}","templated":true}]}}