{"id":1418,"date":"2014-03-05T00:22:14","date_gmt":"2014-03-04T22:22:14","guid":{"rendered":"http:\/\/www.hamburg-fuer-die-elbe.de\/?p=1418"},"modified":"2015-08-31T22:34:16","modified_gmt":"2015-08-31T21:34:16","slug":"maengel-bei-atomtransporten","status":"publish","type":"post","link":"https:\/\/www.hamburg-fuer-die-elbe.de\/?p=1418","title":{"rendered":"M\u00e4ngel bei Atomtransporten"},"content":{"rendered":"<p>In einer <a href=\"http:\/\/www.buergerschaft-hh.de\/ParlDok\/dokument\/44123\/brand-der-atlantic-cartier-und-atomtransporte-durch-den-hamburger-hafen.pdf\" target=\"_blank\">kleinen Anfrage<\/a> wird nach den Anl\u00e4ufen der Atlantic Cartier und ihrer Ladung nach dem Brand am 01. Mai 2013 sowie nach Pr\u00fcfungen und M\u00e4ngel bei Atomtransporten durch Hamburg gefragt.<\/p>\n<p>Im Zeitraum Juni 2013 bis 21. Februar 2014 wurden knapp 500 Kontrollen durchgef\u00fchrt, 70 M\u00e4ngel wurden festgestellt. 13 M\u00e4ngel waren sogenannt &#8220;sicherheitsrelevant&#8221;. Lt. NDR 90,3 wurden Bef\u00f6rderungsverbote ausgesprochen.<\/p>\n<p>&nbsp;<\/p>\n","protected":false},"excerpt":{"rendered":"<p>In einer kleinen Anfrage wird nach den Anl\u00e4ufen der Atlantic Cartier und ihrer Ladung nach dem Brand am 01. Mai 2013 sowie nach Pr\u00fcfungen und M\u00e4ngel bei Atomtransporten durch Hamburg gefragt. Im Zeitraum Juni 2013 bis 21. Februar 2014 wurden knapp 500 Kontrollen durchgef\u00fchrt, 70 M\u00e4ngel wurden festgestellt. 13 M\u00e4ngel waren sogenannt &#8220;sicherheitsrelevant&#8221;. Lt. NDR &hellip; <a href=\"https:\/\/www.hamburg-fuer-die-elbe.de\/?p=1418\" class=\"more-link\"><span class=\"screen-reader-text\">M\u00e4ngel bei Atomtransporten<\/span> weiterlesen <span class=\"meta-nav\">&rarr;<\/span><\/a><\/p>\n","protected":false},"author":3,"featured_media":0,"comment_status":"closed","ping_status":"closed","sticky":false,"template":"","format":"standard","meta":{"footnotes":""},"categories":[1,10],"tags":[76,75,81,97],"_links":{"self":[{"href":"https:\/\/www.hamburg-fuer-die-elbe.de\/index.php?rest_route=\/wp\/v2\/posts\/1418"}],"collection":[{"href":"https:\/\/www.hamburg-fuer-die-elbe.de\/index.php?rest_route=\/wp\/v2\/posts"}],"about":[{"href":"https:\/\/www.hamburg-fuer-die-elbe.de\/index.php?rest_route=\/wp\/v2\/types\/post"}],"author":[{"embeddable":true,"href":"https:\/\/www.hamburg-fuer-die-elbe.de\/index.php?rest_route=\/wp\/v2\/users\/3"}],"replies":[{"embeddable":true,"href":"https:\/\/www.hamburg-fuer-die-elbe.de\/index.php?rest_route=%2Fwp%2Fv2%2Fcomments&post=1418"}],"version-history":[{"count":4,"href":"https:\/\/www.hamburg-fuer-die-elbe.de\/index.php?rest_route=\/wp\/v2\/posts\/1418\/revisions"}],"predecessor-version":[{"id":7502,"href":"https:\/\/www.hamburg-fuer-die-elbe.de\/index.php?rest_route=\/wp\/v2\/posts\/1418\/revisions\/7502"}],"wp:attachment":[{"href":"https:\/\/www.hamburg-fuer-die-elbe.de\/index.php?rest_route=%2Fwp%2Fv2%2Fmedia&parent=1418"}],"wp:term":[{"taxonomy":"category","embeddable":true,"href":"https:\/\/www.hamburg-fuer-die-elbe.de\/index.php?rest_route=%2Fwp%2Fv2%2Fcategories&post=1418"},{"taxonomy":"post_tag","embeddable":true,"href":"https:\/\/www.hamburg-fuer-die-elbe.de\/index.php?rest_route=%2Fwp%2Fv2%2Ftags&post=1418"}],"curies":[{"name":"wp","href":"https:\/\/api.w.org\/{rel}","templated":true}]}}