{"id":1431,"date":"2014-03-07T20:04:43","date_gmt":"2014-03-07T18:04:43","guid":{"rendered":"http:\/\/www.hamburg-fuer-die-elbe.de\/?p=1431"},"modified":"2016-09-14T08:03:34","modified_gmt":"2016-09-14T07:03:34","slug":"containerlager","status":"publish","type":"post","link":"https:\/\/www.hamburg-fuer-die-elbe.de\/?p=1431","title":{"rendered":"Containerlager"},"content":{"rendered":"<p id=\"p6\">Im Hamburger Hafen scheinen die Lagerkapazit\u00e4ten f\u00fcr Container voll zu laufen. <a href=\"https:\/\/www.buergerschaft-hh.de\/ParlDok\/dokument\/44211\/%e2%80%9econtainerlager-im-hafen-laufen-voll%e2%80%9c.pdf\" target=\"_blank\" class=\"broken_link\">Eine schriftliche kleine Anfrage<\/a> fragt nach den Kapazit\u00e4ten im Hamburger Hafen.<\/p>\n<p><a href=\"https:\/\/www.welt.de\/print\/die_welt\/hamburg\/article125290289\/Containerlager-im-Hafen-laufen-voll.html\" target=\"_blank\">Die Welt<\/a> hatte zuvor am 28.02.2014 gemeldet, &#8220;dass es an den Terminals zu einem massiven Stau im Abtransport von Containern kommt. Durch die schwierigen Wetterverh\u00e4ltnisse mit St\u00fcrmen auf den Weltmeeren und an K\u00fcsten in den vergangenen Monaten h\u00e4tten sich im weltweiten Schiffsverkehr kontinuierlich Versp\u00e4tungen aufgebaut.&#8221;<\/p>\n<p id=\"p8\">Angelandete Container werden z\u00fcgig abgeholt, zu verschiffende Container m\u00fcssen durch die wetterbedingten Versp\u00e4tungen der Schiffe acht Tage gelagert werden. Die Spediteure, die die zu verschiffenden Container anliefern, haben nun aufgrund der <a href=\"https:\/\/www.hafen-hamburg.de\/de\/news\/ausnahmesituation-verspaetungen-auf-den-weltmeeren-fuehren-zu-extrem-vollen-hafenterminals-trucker-massiv-betroffen---30945\" target=\"_blank\">fehlenden Lagerkapazit\u00e4ten Probleme<\/a>, ihre Fracht am Terminal abzugeben.<\/p>\n<p>Im Rahmen der Diskussion zur Notwendigkeit der Vertiefung wurden immer wieder die engen Tide-Zeitfenster von &#8220;wenigen Minuten&#8221; f\u00fcr das Auslaufen der Containerschiffe als wesentlich angef\u00fchrt. In dem von der Welt angef\u00fchrten Beispiel der &#8220;Hamburg Express&#8221;, die acht Tage auf Entladung gewartet haben soll, und den o.a. wetterbedingten Lagerproblemen darf man fragen, ob der Hamburger Hafen statt der Elbvertiefung nicht besser einige andere Hausaufgaben zu machen h\u00e4tte.<\/p>\n","protected":false},"excerpt":{"rendered":"<p>Im Hamburger Hafen scheinen die Lagerkapazit\u00e4ten f\u00fcr Container voll zu laufen. Eine schriftliche kleine Anfrage fragt nach den Kapazit\u00e4ten im Hamburger Hafen. Die Welt hatte zuvor am 28.02.2014 gemeldet, &#8220;dass es an den Terminals zu einem massiven Stau im Abtransport von Containern kommt. Durch die schwierigen Wetterverh\u00e4ltnisse mit St\u00fcrmen auf den Weltmeeren und an K\u00fcsten &hellip; <a href=\"https:\/\/www.hamburg-fuer-die-elbe.de\/?p=1431\" class=\"more-link\"><span class=\"screen-reader-text\">Containerlager<\/span> weiterlesen <span class=\"meta-nav\">&rarr;<\/span><\/a><\/p>\n","protected":false},"author":2,"featured_media":0,"comment_status":"closed","ping_status":"closed","sticky":false,"template":"","format":"standard","meta":{"footnotes":""},"categories":[10,152],"tags":[22,21,23],"_links":{"self":[{"href":"https:\/\/www.hamburg-fuer-die-elbe.de\/index.php?rest_route=\/wp\/v2\/posts\/1431"}],"collection":[{"href":"https:\/\/www.hamburg-fuer-die-elbe.de\/index.php?rest_route=\/wp\/v2\/posts"}],"about":[{"href":"https:\/\/www.hamburg-fuer-die-elbe.de\/index.php?rest_route=\/wp\/v2\/types\/post"}],"author":[{"embeddable":true,"href":"https:\/\/www.hamburg-fuer-die-elbe.de\/index.php?rest_route=\/wp\/v2\/users\/2"}],"replies":[{"embeddable":true,"href":"https:\/\/www.hamburg-fuer-die-elbe.de\/index.php?rest_route=%2Fwp%2Fv2%2Fcomments&post=1431"}],"version-history":[{"count":8,"href":"https:\/\/www.hamburg-fuer-die-elbe.de\/index.php?rest_route=\/wp\/v2\/posts\/1431\/revisions"}],"predecessor-version":[{"id":10401,"href":"https:\/\/www.hamburg-fuer-die-elbe.de\/index.php?rest_route=\/wp\/v2\/posts\/1431\/revisions\/10401"}],"wp:attachment":[{"href":"https:\/\/www.hamburg-fuer-die-elbe.de\/index.php?rest_route=%2Fwp%2Fv2%2Fmedia&parent=1431"}],"wp:term":[{"taxonomy":"category","embeddable":true,"href":"https:\/\/www.hamburg-fuer-die-elbe.de\/index.php?rest_route=%2Fwp%2Fv2%2Fcategories&post=1431"},{"taxonomy":"post_tag","embeddable":true,"href":"https:\/\/www.hamburg-fuer-die-elbe.de\/index.php?rest_route=%2Fwp%2Fv2%2Ftags&post=1431"}],"curies":[{"name":"wp","href":"https:\/\/api.w.org\/{rel}","templated":true}]}}