{"id":1487,"date":"2014-03-18T10:04:37","date_gmt":"2014-03-18T08:04:37","guid":{"rendered":"http:\/\/www.hamburg-fuer-die-elbe.de\/?p=1487"},"modified":"2015-04-04T18:21:40","modified_gmt":"2015-04-04T17:21:40","slug":"weitere-vertiefungsplaene","status":"publish","type":"post","link":"https:\/\/www.hamburg-fuer-die-elbe.de\/?p=1487","title":{"rendered":"Weitere Vertiefungspl\u00e4ne?"},"content":{"rendered":"<p>\u00dcber eine <a href=\"https:\/\/www.buergerschaft-hh.de\/ParlDok\/dokument\/44316\/elbvertiefung.pdf\" target=\"_blank\" class=\"broken_link\">schriftliche kleine Anfrage<\/a> werden die weiteren Vertiefungsabsichten des Hamburger Senats abgefragt. Erinnert Sie das an etwas?<\/p>\n<p>Die im Juli 2014 vor dem Bundesverwaltungsgericht zu verhandelnde 9. Elbvertiefung hat noch nicht einmal begonnen, da sprechen <a title=\"Hamburger Experten\u2026?\" href=\"https:\/\/www.hamburg-fuer-die-elbe.de\/?p=1302\" target=\"_blank\">&#8220;Experten&#8221;<\/a> bereits von der n\u00e4chsten 10. Elbvertiefung: &#8220;Nach meiner Auffassung ist das nicht die letzte Fahrrinnenanpassung.&#8221;<\/p>\n<p>So \u00e4hnlich stellte sich die Situation bei der letzten 8. Elbvertiefung dar. Diese wurde <a href=\"http:\/\/www.abendblatt.de\/archiv\/1999\/article204732973\/Die-Elbe-ist-jetzt-tiefer-und-der-Hafen-ist-geruestet-fuer-die-Zukunft.html\" target=\"_blank\">offiziell am 14.12.1999<\/a> fertiggestellt und ein Vierteljahr sp\u00e4ter am <a href=\"http:\/\/www.abendblatt.de\/archive\/2000\/pdf\/20000324.pdf\/HAHA20000324lf0000125.pdf\" target=\"_blank\">24.03.2000 \u00e4u\u00dfert sich im Abendblatt<\/a> ein &#8220;Experte&#8221; der Hafenwirtschaft, dass &#8216;Hamburg um eine neuerliche Elbvertiefung nicht herumkommen w\u00fcrde&#8217;. Bereits zwei Jahre sp\u00e4ter wurde vom Senat \u00fcber die <a href=\"http:\/\/www.abendblatt.de\/archive\/2002\/pdf\/20020225.pdf\/HAHA20020225lf0000119.pdf\" target=\"_blank\">Beantragung der jetzigen 9. Elbvertiefung<\/a> gesprochen.<\/p>\n","protected":false},"excerpt":{"rendered":"<p>\u00dcber eine schriftliche kleine Anfrage werden die weiteren Vertiefungsabsichten des Hamburger Senats abgefragt. Erinnert Sie das an etwas? Die im Juli 2014 vor dem Bundesverwaltungsgericht zu verhandelnde 9. Elbvertiefung hat noch nicht einmal begonnen, da sprechen &#8220;Experten&#8221; bereits von der n\u00e4chsten 10. Elbvertiefung: &#8220;Nach meiner Auffassung ist das nicht die letzte Fahrrinnenanpassung.&#8221; So \u00e4hnlich stellte &hellip; <a href=\"https:\/\/www.hamburg-fuer-die-elbe.de\/?p=1487\" class=\"more-link\"><span class=\"screen-reader-text\">Weitere Vertiefungspl\u00e4ne?<\/span> weiterlesen <span class=\"meta-nav\">&rarr;<\/span><\/a><\/p>\n","protected":false},"author":2,"featured_media":0,"comment_status":"closed","ping_status":"closed","sticky":false,"template":"","format":"standard","meta":{"footnotes":""},"categories":[1,10],"tags":[93],"_links":{"self":[{"href":"https:\/\/www.hamburg-fuer-die-elbe.de\/index.php?rest_route=\/wp\/v2\/posts\/1487"}],"collection":[{"href":"https:\/\/www.hamburg-fuer-die-elbe.de\/index.php?rest_route=\/wp\/v2\/posts"}],"about":[{"href":"https:\/\/www.hamburg-fuer-die-elbe.de\/index.php?rest_route=\/wp\/v2\/types\/post"}],"author":[{"embeddable":true,"href":"https:\/\/www.hamburg-fuer-die-elbe.de\/index.php?rest_route=\/wp\/v2\/users\/2"}],"replies":[{"embeddable":true,"href":"https:\/\/www.hamburg-fuer-die-elbe.de\/index.php?rest_route=%2Fwp%2Fv2%2Fcomments&post=1487"}],"version-history":[{"count":8,"href":"https:\/\/www.hamburg-fuer-die-elbe.de\/index.php?rest_route=\/wp\/v2\/posts\/1487\/revisions"}],"predecessor-version":[{"id":5995,"href":"https:\/\/www.hamburg-fuer-die-elbe.de\/index.php?rest_route=\/wp\/v2\/posts\/1487\/revisions\/5995"}],"wp:attachment":[{"href":"https:\/\/www.hamburg-fuer-die-elbe.de\/index.php?rest_route=%2Fwp%2Fv2%2Fmedia&parent=1487"}],"wp:term":[{"taxonomy":"category","embeddable":true,"href":"https:\/\/www.hamburg-fuer-die-elbe.de\/index.php?rest_route=%2Fwp%2Fv2%2Fcategories&post=1487"},{"taxonomy":"post_tag","embeddable":true,"href":"https:\/\/www.hamburg-fuer-die-elbe.de\/index.php?rest_route=%2Fwp%2Fv2%2Ftags&post=1487"}],"curies":[{"name":"wp","href":"https:\/\/api.w.org\/{rel}","templated":true}]}}