{"id":1497,"date":"2014-03-19T14:50:41","date_gmt":"2014-03-19T12:50:41","guid":{"rendered":"http:\/\/www.hamburg-fuer-die-elbe.de\/?p=1497"},"modified":"2015-04-04T18:22:18","modified_gmt":"2015-04-04T17:22:18","slug":"drehkreis-parkhafen-2","status":"publish","type":"post","link":"https:\/\/www.hamburg-fuer-die-elbe.de\/?p=1497","title":{"rendered":"Drehkreis Parkhafen II"},"content":{"rendered":"<p>Nachdem der Baubeginn f\u00fcr die Westerweiterung auf das Jahr 2016 verschoben worden ist, am grunds\u00e4tzlichen Sinn dieses Projektes weiter erhebliche Zweifel bestehen und die Kosten nochmals explodiert sind, verbleibt die Frage, was mit der Erweiterung des <a href=\"https:\/\/www.hamburg-fuer-die-elbe.de\/wordpress\/wp-content\/uploads\/2014\/03\/Parkhafen2.jpg\" target=\"_blank\"><img loading=\"lazy\" decoding=\"async\" class=\"alignright wp-image-5255 size-medium\" src=\"https:\/\/www.hamburg-fuer-die-elbe.de\/wordpress\/wp-content\/uploads\/2014\/03\/Parkhafen2-300x154.jpg\" alt=\"Parkhafen2\" width=\"300\" height=\"154\" srcset=\"https:\/\/www.hamburg-fuer-die-elbe.de\/wordpress\/wp-content\/uploads\/2014\/03\/Parkhafen2-300x154.jpg 300w, https:\/\/www.hamburg-fuer-die-elbe.de\/wordpress\/wp-content\/uploads\/2014\/03\/Parkhafen2-1024x526.jpg 1024w, https:\/\/www.hamburg-fuer-die-elbe.de\/wordpress\/wp-content\/uploads\/2014\/03\/Parkhafen2-900x462.jpg 900w, https:\/\/www.hamburg-fuer-die-elbe.de\/wordpress\/wp-content\/uploads\/2014\/03\/Parkhafen2.jpg 1280w\" sizes=\"(max-width: 300px) 100vw, 300px\" \/><\/a>Drehkreises am Parkhafen geschehen wird. Die Erweiterung des Drehkreises wird dabei von Kennern der Situation als sinnvoll erachet. Er soll f\u00fcr ein vereinfachtes &#8220;R\u00fcckw\u00e4rts-Einparken&#8221; gro\u00dfer Containerschiffe in den Waltershofer Hafen genutzt werden.<\/p>\n<p>Der Senat kn\u00fcpft den Bau des Drehkreises strikt an den Bau der Westerweiterung, die ja nicht vor 2022 realisiert werden wird. Dieses Beharren erscheint unverst\u00e4ndlich, es sei denn der Senat verf\u00fcgt \u00fcber Kenntnisse, dass z.B. zuk\u00fcnftig keine gro\u00dfen Containerschiffe mehr im Waltershofer Hafen bedient werden m\u00fcssen.<\/p>\n<p>Mit einer neuen <a href=\"https:\/\/www.buergerschaft-hh.de\/ParlDok\/dokument\/44320\/westerweiterung-und-drehkreis.pdf\" target=\"_blank\" class=\"broken_link\">schriftlichen kleinen\u00a0 Anfrage<\/a> werden die Einsch\u00e4tzungen des Senates zur Notwendigkeit des Drehkreises erfragt.<\/p>\n","protected":false},"excerpt":{"rendered":"<p>Nachdem der Baubeginn f\u00fcr die Westerweiterung auf das Jahr 2016 verschoben worden ist, am grunds\u00e4tzlichen Sinn dieses Projektes weiter erhebliche Zweifel bestehen und die Kosten nochmals explodiert sind, verbleibt die Frage, was mit der Erweiterung des Drehkreises am Parkhafen geschehen wird. Die Erweiterung des Drehkreises wird dabei von Kennern der Situation als sinnvoll erachet. Er &hellip; <a href=\"https:\/\/www.hamburg-fuer-die-elbe.de\/?p=1497\" class=\"more-link\"><span class=\"screen-reader-text\">Drehkreis Parkhafen II<\/span> weiterlesen <span class=\"meta-nav\">&rarr;<\/span><\/a><\/p>\n","protected":false},"author":2,"featured_media":0,"comment_status":"closed","ping_status":"closed","sticky":false,"template":"","format":"standard","meta":{"footnotes":""},"categories":[10],"tags":[18,43,60,20,19],"_links":{"self":[{"href":"https:\/\/www.hamburg-fuer-die-elbe.de\/index.php?rest_route=\/wp\/v2\/posts\/1497"}],"collection":[{"href":"https:\/\/www.hamburg-fuer-die-elbe.de\/index.php?rest_route=\/wp\/v2\/posts"}],"about":[{"href":"https:\/\/www.hamburg-fuer-die-elbe.de\/index.php?rest_route=\/wp\/v2\/types\/post"}],"author":[{"embeddable":true,"href":"https:\/\/www.hamburg-fuer-die-elbe.de\/index.php?rest_route=\/wp\/v2\/users\/2"}],"replies":[{"embeddable":true,"href":"https:\/\/www.hamburg-fuer-die-elbe.de\/index.php?rest_route=%2Fwp%2Fv2%2Fcomments&post=1497"}],"version-history":[{"count":6,"href":"https:\/\/www.hamburg-fuer-die-elbe.de\/index.php?rest_route=\/wp\/v2\/posts\/1497\/revisions"}],"predecessor-version":[{"id":5998,"href":"https:\/\/www.hamburg-fuer-die-elbe.de\/index.php?rest_route=\/wp\/v2\/posts\/1497\/revisions\/5998"}],"wp:attachment":[{"href":"https:\/\/www.hamburg-fuer-die-elbe.de\/index.php?rest_route=%2Fwp%2Fv2%2Fmedia&parent=1497"}],"wp:term":[{"taxonomy":"category","embeddable":true,"href":"https:\/\/www.hamburg-fuer-die-elbe.de\/index.php?rest_route=%2Fwp%2Fv2%2Fcategories&post=1497"},{"taxonomy":"post_tag","embeddable":true,"href":"https:\/\/www.hamburg-fuer-die-elbe.de\/index.php?rest_route=%2Fwp%2Fv2%2Ftags&post=1497"}],"curies":[{"name":"wp","href":"https:\/\/api.w.org\/{rel}","templated":true}]}}