{"id":1725,"date":"2014-04-15T22:16:11","date_gmt":"2014-04-15T21:16:11","guid":{"rendered":"http:\/\/www.hamburg-fuer-die-elbe.de\/?p=1725"},"modified":"2016-09-14T08:26:54","modified_gmt":"2016-09-14T07:26:54","slug":"neuer-dueker-hetlingen","status":"publish","type":"post","link":"https:\/\/www.hamburg-fuer-die-elbe.de\/?p=1725","title":{"rendered":"Neuer D\u00fcker Hetlingen"},"content":{"rendered":"<p>Beim <a title=\"D\u00fcker Hetlingen\" href=\"https:\/\/www.hamburg-fuer-die-elbe.de\/?page_id=198\" target=\"_blank\">D\u00fckerneubau zwischen Hetlingen und L\u00fchesand<\/a>\u00a0 ist nun das Thema Energiewende angekommen. Die <a href=\"http:\/\/www.tennet.eu\/de\/unser-netz\/onshore-projekte-deutschland\/suedlink\/\" target=\"_blank\">Stromtrasse &#8220;Sued-Link&#8221;<\/a>, die den Windstrom vom hohen Norden in den S\u00fcden\u00a0Deutschlands leiten soll, muss nun auch, f\u00fcr die Tennet-Trassenplaner <em>v\u00f6llig <\/em><a href=\"https:\/\/www.hamburg-fuer-die-elbe.de\/wordpress\/wp-content\/uploads\/2014\/04\/D\u00fcker-Hetlingen-Elbkreuzung.jpg\"><img loading=\"lazy\" decoding=\"async\" class=\"size-medium wp-image-2957 alignright\" alt=\"D\u00fcker Hetlingen Elbkreuzung\" src=\"https:\/\/www.hamburg-fuer-die-elbe.de\/wordpress\/wp-content\/uploads\/2014\/04\/D\u00fcker-Hetlingen-Elbkreuzung-170x300.jpg\" width=\"170\" height=\"300\" srcset=\"https:\/\/www.hamburg-fuer-die-elbe.de\/wordpress\/wp-content\/uploads\/2014\/04\/D\u00fcker-Hetlingen-Elbkreuzung-170x300.jpg 170w, https:\/\/www.hamburg-fuer-die-elbe.de\/wordpress\/wp-content\/uploads\/2014\/04\/D\u00fcker-Hetlingen-Elbkreuzung-580x1024.jpg 580w, https:\/\/www.hamburg-fuer-die-elbe.de\/wordpress\/wp-content\/uploads\/2014\/04\/D\u00fcker-Hetlingen-Elbkreuzung-900x1587.jpg 900w, https:\/\/www.hamburg-fuer-die-elbe.de\/wordpress\/wp-content\/uploads\/2014\/04\/D\u00fcker-Hetlingen-Elbkreuzung.jpg 1201w\" sizes=\"(max-width: 170px) 100vw, 170px\" \/><\/a><em>\u00fcberraschend,<\/em> die Elbe kreuzen.<\/p>\n<p>Im <a href=\"http:\/\/www.google.de\/url?sa=t&amp;rct=j&amp;q=&amp;esrc=s&amp;source=web&amp;cd=1&amp;ved=0CDAQFjAA&amp;url=http%3A%2F%2Fwww.abendblatt.de%2Fregion%2Fpinneberg%2Farticle126816006%2FHetlingen-droht-Dauerbaustelle.html&amp;ei=-tFMU4iWF4fdtAa_hIGYBw&amp;usg=AFQjCNEq7eFkApzSVDW66IMGCBRS-PQ15g&amp;bvm=bv.64764171,d.Yms&amp;cad=rja\" target=\"_blank\">Hamburger Abendblatt<\/a> wird \u00fcber die Diskussionen zum Trassenverlauf berichtet. Angesichts der gesellschaftsrechtlichen Verflechtungen der Verantwortlichen f\u00fcr die im Bau befindliche Gastrasse (Gasunie und E.ON-Hanse) und der zu bauenden Stromtrasse (Tennet TSO) erscheint diese Diskussion absurd:<br \/>\nSo wurde der aktuell f\u00fcr den Stromtransport zust\u00e4ndige <a href=\"https:\/\/de.wikipedia.org\/wiki\/Tennet_TSO\" target=\"_blank\">Netzbetreiber Tennet TSO<\/a> im Oktober 2010 aus dem E.ON-Konzern ausgegliedert und an den niederl\u00e4ndischen Netzbetreiber Tennet\u00a0 verkauft. Vorher war das Unternehmen unter dem Namen <a href=\"https:\/\/de.wikipedia.org\/wiki\/Tennet_TSO\" target=\"_blank\">E.ON Netz GmbH<\/a> in den E.ON-Konzern integriert und eng mit der f\u00fcr den D\u00fckerbau in Hetlingen zust\u00e4ndigen\u00a0Konzernschwester E.ON-Hanse verbunden.<\/p>\n<p>Als man den D\u00fckerneubau in 2012 in ein Planfeststellungsverfahren einbrachte, konnte man sich an die gesamtheitlichen E.ON-Konzernplanungen aus 2010\u00a0 wohl nicht mehr erinnern? Deswegen d\u00fcrfen die Hetlinger und Gr\u00fcnendeicher B\u00fcrger die Bauma\u00dfnahmen nun ein wenig l\u00e4nger ertragen&#8230;?<\/p>\n<p>Nein, auch dieses Thema hat mit der Elbvertiefung nichts zu tun. Bei deren Planfeststellung im April 2012 konnte man von der Energiewende aber auch nun wirklich nichts wissen. So erkl\u00e4rt die B\u00fcrgermeisterin im Abendblatt: &#8220;Die Projekte von Gasunie (mit E.ON) und der Tennet laufen schon l\u00e4nger. Anders als Tennet musste Gasunie (mit E.ON) wegen der Elbvertiefung aber schon jetzt handeln&#8221;.<\/p>\n<p>Was f\u00fcr ein Land&#8230;<\/p>\n","protected":false},"excerpt":{"rendered":"<p>Beim D\u00fckerneubau zwischen Hetlingen und L\u00fchesand\u00a0 ist nun das Thema Energiewende angekommen. Die Stromtrasse &#8220;Sued-Link&#8221;, die den Windstrom vom hohen Norden in den S\u00fcden\u00a0Deutschlands leiten soll, muss nun auch, f\u00fcr die Tennet-Trassenplaner v\u00f6llig \u00fcberraschend, die Elbe kreuzen. Im Hamburger Abendblatt wird \u00fcber die Diskussionen zum Trassenverlauf berichtet. Angesichts der gesellschaftsrechtlichen Verflechtungen der Verantwortlichen f\u00fcr die &hellip; <a href=\"https:\/\/www.hamburg-fuer-die-elbe.de\/?p=1725\" class=\"more-link\"><span class=\"screen-reader-text\">Neuer D\u00fcker Hetlingen<\/span> weiterlesen <span class=\"meta-nav\">&rarr;<\/span><\/a><\/p>\n","protected":false},"author":2,"featured_media":0,"comment_status":"closed","ping_status":"closed","sticky":false,"template":"","format":"standard","meta":{"footnotes":""},"categories":[1,11],"tags":[109,111,110,112],"_links":{"self":[{"href":"https:\/\/www.hamburg-fuer-die-elbe.de\/index.php?rest_route=\/wp\/v2\/posts\/1725"}],"collection":[{"href":"https:\/\/www.hamburg-fuer-die-elbe.de\/index.php?rest_route=\/wp\/v2\/posts"}],"about":[{"href":"https:\/\/www.hamburg-fuer-die-elbe.de\/index.php?rest_route=\/wp\/v2\/types\/post"}],"author":[{"embeddable":true,"href":"https:\/\/www.hamburg-fuer-die-elbe.de\/index.php?rest_route=\/wp\/v2\/users\/2"}],"replies":[{"embeddable":true,"href":"https:\/\/www.hamburg-fuer-die-elbe.de\/index.php?rest_route=%2Fwp%2Fv2%2Fcomments&post=1725"}],"version-history":[{"count":10,"href":"https:\/\/www.hamburg-fuer-die-elbe.de\/index.php?rest_route=\/wp\/v2\/posts\/1725\/revisions"}],"predecessor-version":[{"id":10451,"href":"https:\/\/www.hamburg-fuer-die-elbe.de\/index.php?rest_route=\/wp\/v2\/posts\/1725\/revisions\/10451"}],"wp:attachment":[{"href":"https:\/\/www.hamburg-fuer-die-elbe.de\/index.php?rest_route=%2Fwp%2Fv2%2Fmedia&parent=1725"}],"wp:term":[{"taxonomy":"category","embeddable":true,"href":"https:\/\/www.hamburg-fuer-die-elbe.de\/index.php?rest_route=%2Fwp%2Fv2%2Fcategories&post=1725"},{"taxonomy":"post_tag","embeddable":true,"href":"https:\/\/www.hamburg-fuer-die-elbe.de\/index.php?rest_route=%2Fwp%2Fv2%2Ftags&post=1725"}],"curies":[{"name":"wp","href":"https:\/\/api.w.org\/{rel}","templated":true}]}}