{"id":1761,"date":"2014-04-21T19:02:37","date_gmt":"2014-04-21T18:02:37","guid":{"rendered":"http:\/\/www.hamburg-fuer-die-elbe.de\/?p=1761"},"modified":"2016-09-14T08:04:01","modified_gmt":"2016-09-14T07:04:01","slug":"hamburg-und-kuehne","status":"publish","type":"post","link":"https:\/\/www.hamburg-fuer-die-elbe.de\/?p=1761","title":{"rendered":"Hamburg und K\u00fchne"},"content":{"rendered":"<p>Nein, nicht die Gew\u00fcrzgurken-Fabrikation aus Altona\u00a0ist gemeint, sondern der Aktion\u00e4r von Hapag-Lloyd. Da wir Hamburger von unserem Senat keine Ausk\u00fcnfte f\u00fcr\u00a0seine Strategie zu seinen Milliarden-Investition in Hapag-Lloyd erhalten, m\u00fcssen wir mit \u00c4u\u00dferungen von Herrn Klaus-Michael K\u00fchne auskommen. Und die sind spannend.<\/p>\n<p>Lesen Sie seine \u00c4u\u00dferungen in <a href=\"https:\/\/www.welt.de\/print\/wams\/wirtschaft\/article127124758\/Die-Schweiz-ist-unberechenbar-geworden.html\" target=\"_blank\">Sachen Hapag-Lloyd\u00a0im WamS<\/a>-Interview und versuchen Sie einen Zusammenhang mit Hamburgischen Wirtschafts- und Sportpolitik herzustellen. Politik\u00a0scheint nicht mehr vom Senat gemacht zu werden, sondern von Menschen, denen der Senat als Kapitalgeber zur Verf\u00fcgung steht.<\/p>\n<p>Erinnern Sie den Namen NOL noch? Die <a href=\"http:\/\/www.taz.de\/!5056243\/\" target=\"_blank\">TAZ hatte den Namen im Herbst 201<\/a>3 erw\u00e4hnt, im <a href=\"http:\/\/www.manager-magazin.de\/unternehmen\/artikel\/a-561426.html\" target=\"_blank\">Manager-Magazin aus dem Sommer 2008 <\/a>finden Sie den Namen wieder. Und das soll jetzt Hamburgische Senatspolitik sein?<\/p>\n","protected":false},"excerpt":{"rendered":"<p>Nein, nicht die Gew\u00fcrzgurken-Fabrikation aus Altona\u00a0ist gemeint, sondern der Aktion\u00e4r von Hapag-Lloyd. Da wir Hamburger von unserem Senat keine Ausk\u00fcnfte f\u00fcr\u00a0seine Strategie zu seinen Milliarden-Investition in Hapag-Lloyd erhalten, m\u00fcssen wir mit \u00c4u\u00dferungen von Herrn Klaus-Michael K\u00fchne auskommen. Und die sind spannend. Lesen Sie seine \u00c4u\u00dferungen in Sachen Hapag-Lloyd\u00a0im WamS-Interview und versuchen Sie einen Zusammenhang mit &hellip; <a href=\"https:\/\/www.hamburg-fuer-die-elbe.de\/?p=1761\" class=\"more-link\"><span class=\"screen-reader-text\">Hamburg und K\u00fchne<\/span> weiterlesen <span class=\"meta-nav\">&rarr;<\/span><\/a><\/p>\n","protected":false},"author":2,"featured_media":0,"comment_status":"closed","ping_status":"closed","sticky":false,"template":"","format":"standard","meta":{"footnotes":""},"categories":[1,11,129],"tags":[63,60,27],"_links":{"self":[{"href":"https:\/\/www.hamburg-fuer-die-elbe.de\/index.php?rest_route=\/wp\/v2\/posts\/1761"}],"collection":[{"href":"https:\/\/www.hamburg-fuer-die-elbe.de\/index.php?rest_route=\/wp\/v2\/posts"}],"about":[{"href":"https:\/\/www.hamburg-fuer-die-elbe.de\/index.php?rest_route=\/wp\/v2\/types\/post"}],"author":[{"embeddable":true,"href":"https:\/\/www.hamburg-fuer-die-elbe.de\/index.php?rest_route=\/wp\/v2\/users\/2"}],"replies":[{"embeddable":true,"href":"https:\/\/www.hamburg-fuer-die-elbe.de\/index.php?rest_route=%2Fwp%2Fv2%2Fcomments&post=1761"}],"version-history":[{"count":8,"href":"https:\/\/www.hamburg-fuer-die-elbe.de\/index.php?rest_route=\/wp\/v2\/posts\/1761\/revisions"}],"predecessor-version":[{"id":10403,"href":"https:\/\/www.hamburg-fuer-die-elbe.de\/index.php?rest_route=\/wp\/v2\/posts\/1761\/revisions\/10403"}],"wp:attachment":[{"href":"https:\/\/www.hamburg-fuer-die-elbe.de\/index.php?rest_route=%2Fwp%2Fv2%2Fmedia&parent=1761"}],"wp:term":[{"taxonomy":"category","embeddable":true,"href":"https:\/\/www.hamburg-fuer-die-elbe.de\/index.php?rest_route=%2Fwp%2Fv2%2Fcategories&post=1761"},{"taxonomy":"post_tag","embeddable":true,"href":"https:\/\/www.hamburg-fuer-die-elbe.de\/index.php?rest_route=%2Fwp%2Fv2%2Ftags&post=1761"}],"curies":[{"name":"wp","href":"https:\/\/api.w.org\/{rel}","templated":true}]}}