{"id":1935,"date":"2014-05-21T19:29:39","date_gmt":"2014-05-21T18:29:39","guid":{"rendered":"http:\/\/www.hamburg-fuer-die-elbe.de\/?p=1935"},"modified":"2016-01-23T10:36:11","modified_gmt":"2016-01-23T09:36:11","slug":"maersk-i2014-und-p3-fortgang","status":"publish","type":"post","link":"https:\/\/www.hamburg-fuer-die-elbe.de\/?p=1935","title":{"rendered":"Maersk I\/14, P3-Fortgang"},"content":{"rendered":"<p>Auf der heutigen <a title=\"Maersk Pressearchiv Interim Report Q1 2014\" href=\"http:\/\/www.maersk.com\/en\/the-maersk-group\/press-room\/press-release-archive\/2014\/5\/maersk-q1-financial-results\" target=\"_blank\">Pressekonferenz der Maersk-Gruppe<\/a>\u00a0 wurden f\u00fcr das erste Quartal 2014 tiefschwarze Zahlen berichtet. Im <a href=\"http:\/\/files.shareholder.com\/downloads\/ABEA-3GG91Y\/3185440956x0x756598\/2624ec08-7d64-4979-900c-747a07346478\/Interim%20Report%20Q1%202014.pdf\" target=\"_blank\" class=\"broken_link\">Quartalsbericht I\/2014<\/a> wird f\u00fcr die Maersk-Line ein EBIT von \u00fcber 500 Mio. US$ ausgewiesen. Es wird wie bei Hapag-Lloyd von sinkenden Frachtraten bei deutlich mehr transportierten Containern berichtet, deren negative Auswirkungen durch Kostensenkungen mehr als kompensiert werden konnten.<\/p>\n<p>Der <a href=\"https:\/\/uk.news.yahoo.com\/maersk-posts-forecast-beating-first-quarter-profit-065051423--finance.html?nf=1\" target=\"_blank\">Maersk-CEO Nils Smedegaard<\/a> gibt zudem bekannt, dass der f\u00fcr Mitte des Jahres geplante Start der P3-Allianz sich aufgrund der ausstehenden Genehmigungen einiger Kartellbeh\u00f6rden verz\u00f6gern wird. Insbesondere wird die ausstehende Genehmigung der Chinesischen Beh\u00f6rden angef\u00fchrt. Bereits Ende M\u00e4rz 2014 war bekannt geworden, dass P3 auch Freigaben der <a href=\"http:\/\/shippingwatch.com\/carriers\/Container\/article6602099.ece\" target=\"_blank\">Kartellbeh\u00f6rden von Vietnam und Korea<\/a> beantragt hatte.<\/p>\n","protected":false},"excerpt":{"rendered":"<p>Auf der heutigen Pressekonferenz der Maersk-Gruppe\u00a0 wurden f\u00fcr das erste Quartal 2014 tiefschwarze Zahlen berichtet. Im Quartalsbericht I\/2014 wird f\u00fcr die Maersk-Line ein EBIT von \u00fcber 500 Mio. US$ ausgewiesen. Es wird wie bei Hapag-Lloyd von sinkenden Frachtraten bei deutlich mehr transportierten Containern berichtet, deren negative Auswirkungen durch Kostensenkungen mehr als kompensiert werden konnten. Der &hellip; <a href=\"https:\/\/www.hamburg-fuer-die-elbe.de\/?p=1935\" class=\"more-link\"><span class=\"screen-reader-text\">Maersk I\/14, P3-Fortgang<\/span> weiterlesen <span class=\"meta-nav\">&rarr;<\/span><\/a><\/p>\n","protected":false},"author":2,"featured_media":0,"comment_status":"closed","ping_status":"closed","sticky":false,"template":"","format":"standard","meta":{"footnotes":""},"categories":[1,11,129],"tags":[72,27,59,78],"_links":{"self":[{"href":"https:\/\/www.hamburg-fuer-die-elbe.de\/index.php?rest_route=\/wp\/v2\/posts\/1935"}],"collection":[{"href":"https:\/\/www.hamburg-fuer-die-elbe.de\/index.php?rest_route=\/wp\/v2\/posts"}],"about":[{"href":"https:\/\/www.hamburg-fuer-die-elbe.de\/index.php?rest_route=\/wp\/v2\/types\/post"}],"author":[{"embeddable":true,"href":"https:\/\/www.hamburg-fuer-die-elbe.de\/index.php?rest_route=\/wp\/v2\/users\/2"}],"replies":[{"embeddable":true,"href":"https:\/\/www.hamburg-fuer-die-elbe.de\/index.php?rest_route=%2Fwp%2Fv2%2Fcomments&post=1935"}],"version-history":[{"count":8,"href":"https:\/\/www.hamburg-fuer-die-elbe.de\/index.php?rest_route=\/wp\/v2\/posts\/1935\/revisions"}],"predecessor-version":[{"id":9254,"href":"https:\/\/www.hamburg-fuer-die-elbe.de\/index.php?rest_route=\/wp\/v2\/posts\/1935\/revisions\/9254"}],"wp:attachment":[{"href":"https:\/\/www.hamburg-fuer-die-elbe.de\/index.php?rest_route=%2Fwp%2Fv2%2Fmedia&parent=1935"}],"wp:term":[{"taxonomy":"category","embeddable":true,"href":"https:\/\/www.hamburg-fuer-die-elbe.de\/index.php?rest_route=%2Fwp%2Fv2%2Fcategories&post=1935"},{"taxonomy":"post_tag","embeddable":true,"href":"https:\/\/www.hamburg-fuer-die-elbe.de\/index.php?rest_route=%2Fwp%2Fv2%2Ftags&post=1935"}],"curies":[{"name":"wp","href":"https:\/\/api.w.org\/{rel}","templated":true}]}}