{"id":2001,"date":"2014-05-29T14:05:29","date_gmt":"2014-05-29T13:05:29","guid":{"rendered":"http:\/\/www.hamburg-fuer-die-elbe.de\/?p=2001"},"modified":"2016-03-22T10:02:03","modified_gmt":"2016-03-22T09:02:03","slug":"elbe-havarie-die-3","status":"publish","type":"post","link":"https:\/\/www.hamburg-fuer-die-elbe.de\/?p=2001","title":{"rendered":"Elbe &#8211; Havarie, die 3."},"content":{"rendered":"<p>Zum 3. Mal innerhalb von 1,5 Wochen wird \u00fcber eine Havarie auf der Elbe berichtet.<\/p>\n<p>Am 28.05.2014 gegen 23:15 Uhr musste das Containerschiff <a href=\"https:\/\/www.hafen-hamburg.de\/de\/schiff\/capella-imo-9190171---26319\" target=\"_blank\">&#8220;Capella&#8221;<\/a> vor Pagensand den Notanker werfen. Eine \u00d6lleitung war geplatzt und die Hauptmaschine drohte zu \u00fcberhitzen. Lt. <a href=\"http:\/\/www.abendblatt.de\/wirtschaft\/hafen-und-schifffahrt\/article128524640\/Seeschiff-musste-nach-kurzer-Fahrt-auf-der-Elbe-Notankern.html\" target=\"_blank\">Hamburger Abendblatt<\/a> gab es keinen Stau f\u00fcr die durchgehende Schifffahrt. Ob das an der schnellen Reparatur lag oder die &#8220;Capella&#8221; nicht die gesamte Fahrrinne behinderte, ist aus der Nachricht nicht zu entnehmen.<\/p>\n","protected":false},"excerpt":{"rendered":"<p>Zum 3. Mal innerhalb von 1,5 Wochen wird \u00fcber eine Havarie auf der Elbe berichtet. Am 28.05.2014 gegen 23:15 Uhr musste das Containerschiff &#8220;Capella&#8221; vor Pagensand den Notanker werfen. Eine \u00d6lleitung war geplatzt und die Hauptmaschine drohte zu \u00fcberhitzen. Lt. Hamburger Abendblatt gab es keinen Stau f\u00fcr die durchgehende Schifffahrt. Ob das an der schnellen &hellip; <a href=\"https:\/\/www.hamburg-fuer-die-elbe.de\/?p=2001\" class=\"more-link\"><span class=\"screen-reader-text\">Elbe &#8211; Havarie, die 3.<\/span> weiterlesen <span class=\"meta-nav\">&rarr;<\/span><\/a><\/p>\n","protected":false},"author":3,"featured_media":0,"comment_status":"closed","ping_status":"closed","sticky":false,"template":"","format":"standard","meta":{"footnotes":""},"categories":[1],"tags":[],"_links":{"self":[{"href":"https:\/\/www.hamburg-fuer-die-elbe.de\/index.php?rest_route=\/wp\/v2\/posts\/2001"}],"collection":[{"href":"https:\/\/www.hamburg-fuer-die-elbe.de\/index.php?rest_route=\/wp\/v2\/posts"}],"about":[{"href":"https:\/\/www.hamburg-fuer-die-elbe.de\/index.php?rest_route=\/wp\/v2\/types\/post"}],"author":[{"embeddable":true,"href":"https:\/\/www.hamburg-fuer-die-elbe.de\/index.php?rest_route=\/wp\/v2\/users\/3"}],"replies":[{"embeddable":true,"href":"https:\/\/www.hamburg-fuer-die-elbe.de\/index.php?rest_route=%2Fwp%2Fv2%2Fcomments&post=2001"}],"version-history":[{"count":4,"href":"https:\/\/www.hamburg-fuer-die-elbe.de\/index.php?rest_route=\/wp\/v2\/posts\/2001\/revisions"}],"predecessor-version":[{"id":9786,"href":"https:\/\/www.hamburg-fuer-die-elbe.de\/index.php?rest_route=\/wp\/v2\/posts\/2001\/revisions\/9786"}],"wp:attachment":[{"href":"https:\/\/www.hamburg-fuer-die-elbe.de\/index.php?rest_route=%2Fwp%2Fv2%2Fmedia&parent=2001"}],"wp:term":[{"taxonomy":"category","embeddable":true,"href":"https:\/\/www.hamburg-fuer-die-elbe.de\/index.php?rest_route=%2Fwp%2Fv2%2Fcategories&post=2001"},{"taxonomy":"post_tag","embeddable":true,"href":"https:\/\/www.hamburg-fuer-die-elbe.de\/index.php?rest_route=%2Fwp%2Fv2%2Ftags&post=2001"}],"curies":[{"name":"wp","href":"https:\/\/api.w.org\/{rel}","templated":true}]}}