{"id":2018,"date":"2014-06-03T20:57:32","date_gmt":"2014-06-03T19:57:32","guid":{"rendered":"http:\/\/www.hamburg-fuer-die-elbe.de\/?p=2018"},"modified":"2015-12-25T09:59:26","modified_gmt":"2015-12-25T08:59:26","slug":"nachfragen-zur-fusion","status":"publish","type":"post","link":"https:\/\/www.hamburg-fuer-die-elbe.de\/?p=2018","title":{"rendered":"Nachfragen zur Fusion"},"content":{"rendered":"<p>Mit einer <a title=\"Langfristiges Engagement\" href=\"https:\/\/www.hamburg-fuer-die-elbe.de\/?p=1852\" target=\"_blank\">Senatsmitteilung<\/a> hatte sich der Senat Ende April 2014 zur Fusion zwischen Hapag-Lloyd und CSAV erkl\u00e4rt. <a title=\"Was kostet Hapag-Lloyd?\" href=\"https:\/\/www.hamburg-fuer-die-elbe.de\/?p=1889\" target=\"_blank\">Kostenbelastungen<\/a> f\u00fcr den Steuerzahler wurden von der Opposition errechnet.<\/p>\n<p>Aber auch weitere Fragen werden zum Sinn der Fusion gestellt. Der Branchendienst Alphaliner hat 17 ver\u00f6ffentlichte\u00a0<a href=\"https:\/\/www.hamburg-fuer-die-elbe.de\/wordpress\/wp-content\/uploads\/2014\/06\/2014-22-verluste-der-reedereien.pdf\">Ergebnisse der gro\u00dfen Reedereien f\u00fcr das erste Quartal 2014<\/a> ausgewertet und weist im Unternehmensvergleich f\u00fcr Hapag-Lloyd und CSAV mit Abstand die schlechtesten Zahlen nach. Das <a href=\"http:\/\/www.manager-magazin.de\/unternehmen\/artikel\/maersk-msc-cma-cgm-hapag-lloyd-harter-kampf-unter-reedereien-a-973037.html\" target=\"_blank\">Managermagazin<\/a> schildert die Vergleichssituation noch drastischer und zeigt die Wirkung aus der geplanten Allianzenbildung durch P3 auf.<\/p>\n<p>In der Hamburger B\u00fcrgerschaft hat man die o.a. Senatsmitteilung ausgewertet und versucht die gravierenden offenen Fragen mit einer <a href=\"https:\/\/www.buergerschaft-hh.de\/ParlDok\/dokument\/45209\/fusion-von-hapag-lloyd-und-csav.pdf\" target=\"_blank\" class=\"broken_link\">schriftlichen kleinen Anfrage<\/a> zu kl\u00e4ren: die Absprachen mit <a title=\"Hamburg und K\u00fchne\" href=\"https:\/\/www.hamburg-fuer-die-elbe.de\/?p=1761\" target=\"_blank\">Herrn K\u00fchne<\/a> werden hinterfragt und, ob das absehbar langfristig angelegte Engagement des Senates \u00fcberhaupt dazu geeignet ist, die Konzernzentrale in Hamburg zu halten.<\/p>\n<p>Es ist beachtlich, wie schnell in Hamburg dreistellige Millionenbetr\u00e4ge f\u00fcr derartige Gesch\u00e4fte in die Hand genommen werden und wie m\u00fchselig es beispielsweise ist, einen Kindergarten, ein Altersheim oder ein Krankenhaus vern\u00fcnftig finanziell auszustatten.<\/p>\n","protected":false},"excerpt":{"rendered":"<p>Mit einer Senatsmitteilung hatte sich der Senat Ende April 2014 zur Fusion zwischen Hapag-Lloyd und CSAV erkl\u00e4rt. Kostenbelastungen f\u00fcr den Steuerzahler wurden von der Opposition errechnet. Aber auch weitere Fragen werden zum Sinn der Fusion gestellt. Der Branchendienst Alphaliner hat 17 ver\u00f6ffentlichte\u00a0Ergebnisse der gro\u00dfen Reedereien f\u00fcr das erste Quartal 2014 ausgewertet und weist im Unternehmensvergleich &hellip; <a href=\"https:\/\/www.hamburg-fuer-die-elbe.de\/?p=2018\" class=\"more-link\"><span class=\"screen-reader-text\">Nachfragen zur Fusion<\/span> weiterlesen <span class=\"meta-nav\">&rarr;<\/span><\/a><\/p>\n","protected":false},"author":2,"featured_media":0,"comment_status":"closed","ping_status":"closed","sticky":false,"template":"","format":"standard","meta":{"footnotes":""},"categories":[1,10,129],"tags":[63,27,78],"_links":{"self":[{"href":"https:\/\/www.hamburg-fuer-die-elbe.de\/index.php?rest_route=\/wp\/v2\/posts\/2018"}],"collection":[{"href":"https:\/\/www.hamburg-fuer-die-elbe.de\/index.php?rest_route=\/wp\/v2\/posts"}],"about":[{"href":"https:\/\/www.hamburg-fuer-die-elbe.de\/index.php?rest_route=\/wp\/v2\/types\/post"}],"author":[{"embeddable":true,"href":"https:\/\/www.hamburg-fuer-die-elbe.de\/index.php?rest_route=\/wp\/v2\/users\/2"}],"replies":[{"embeddable":true,"href":"https:\/\/www.hamburg-fuer-die-elbe.de\/index.php?rest_route=%2Fwp%2Fv2%2Fcomments&post=2018"}],"version-history":[{"count":7,"href":"https:\/\/www.hamburg-fuer-die-elbe.de\/index.php?rest_route=\/wp\/v2\/posts\/2018\/revisions"}],"predecessor-version":[{"id":8894,"href":"https:\/\/www.hamburg-fuer-die-elbe.de\/index.php?rest_route=\/wp\/v2\/posts\/2018\/revisions\/8894"}],"wp:attachment":[{"href":"https:\/\/www.hamburg-fuer-die-elbe.de\/index.php?rest_route=%2Fwp%2Fv2%2Fmedia&parent=2018"}],"wp:term":[{"taxonomy":"category","embeddable":true,"href":"https:\/\/www.hamburg-fuer-die-elbe.de\/index.php?rest_route=%2Fwp%2Fv2%2Fcategories&post=2018"},{"taxonomy":"post_tag","embeddable":true,"href":"https:\/\/www.hamburg-fuer-die-elbe.de\/index.php?rest_route=%2Fwp%2Fv2%2Ftags&post=2018"}],"curies":[{"name":"wp","href":"https:\/\/api.w.org\/{rel}","templated":true}]}}