{"id":2026,"date":"2014-06-04T21:35:26","date_gmt":"2014-06-04T20:35:26","guid":{"rendered":"http:\/\/www.hamburg-fuer-die-elbe.de\/?p=2026"},"modified":"2014-06-04T21:44:09","modified_gmt":"2014-06-04T20:44:09","slug":"gruener-hafenkogress","status":"publish","type":"post","link":"https:\/\/www.hamburg-fuer-die-elbe.de\/?p=2026","title":{"rendered":"Gr\u00fcner Hafenkongress"},"content":{"rendered":"<p>Am Freitag, 13.06.2014 von 12 bis 18 Uhr l\u00e4dt die Gr\u00fcne B\u00fcrgerschaftsfraktion zum Gr\u00fcnen Hafenkongress im Hamburger Rathaus, Kaisersaal ein. Den Ablaufplan, die Adressen f\u00fcr die Anmeldung und die Referenten <a href=\"http:\/\/www.gruene-fraktion-hamburg.de\/termin\/2014-06-13-120000\/gruener-hafenkongress\" target=\"_blank\">finden Sie mit diesem Link.<\/a><\/p>\n<p>Die Teilnahme ist kostenfrei &#8211; eine Anmeldung ist erbeten.<\/p>\n","protected":false},"excerpt":{"rendered":"<p>Am Freitag, 13.06.2014 von 12 bis 18 Uhr l\u00e4dt die Gr\u00fcne B\u00fcrgerschaftsfraktion zum Gr\u00fcnen Hafenkongress im Hamburger Rathaus, Kaisersaal ein. Den Ablaufplan, die Adressen f\u00fcr die Anmeldung und die Referenten finden Sie mit diesem Link. Die Teilnahme ist kostenfrei &#8211; eine Anmeldung ist erbeten.<\/p>\n","protected":false},"author":2,"featured_media":0,"comment_status":"closed","ping_status":"closed","sticky":false,"template":"","format":"standard","meta":{"footnotes":""},"categories":[1,9],"tags":[130],"_links":{"self":[{"href":"https:\/\/www.hamburg-fuer-die-elbe.de\/index.php?rest_route=\/wp\/v2\/posts\/2026"}],"collection":[{"href":"https:\/\/www.hamburg-fuer-die-elbe.de\/index.php?rest_route=\/wp\/v2\/posts"}],"about":[{"href":"https:\/\/www.hamburg-fuer-die-elbe.de\/index.php?rest_route=\/wp\/v2\/types\/post"}],"author":[{"embeddable":true,"href":"https:\/\/www.hamburg-fuer-die-elbe.de\/index.php?rest_route=\/wp\/v2\/users\/2"}],"replies":[{"embeddable":true,"href":"https:\/\/www.hamburg-fuer-die-elbe.de\/index.php?rest_route=%2Fwp%2Fv2%2Fcomments&post=2026"}],"version-history":[{"count":3,"href":"https:\/\/www.hamburg-fuer-die-elbe.de\/index.php?rest_route=\/wp\/v2\/posts\/2026\/revisions"}],"predecessor-version":[{"id":2031,"href":"https:\/\/www.hamburg-fuer-die-elbe.de\/index.php?rest_route=\/wp\/v2\/posts\/2026\/revisions\/2031"}],"wp:attachment":[{"href":"https:\/\/www.hamburg-fuer-die-elbe.de\/index.php?rest_route=%2Fwp%2Fv2%2Fmedia&parent=2026"}],"wp:term":[{"taxonomy":"category","embeddable":true,"href":"https:\/\/www.hamburg-fuer-die-elbe.de\/index.php?rest_route=%2Fwp%2Fv2%2Fcategories&post=2026"},{"taxonomy":"post_tag","embeddable":true,"href":"https:\/\/www.hamburg-fuer-die-elbe.de\/index.php?rest_route=%2Fwp%2Fv2%2Ftags&post=2026"}],"curies":[{"name":"wp","href":"https:\/\/api.w.org\/{rel}","templated":true}]}}