{"id":2105,"date":"2014-06-14T18:31:20","date_gmt":"2014-06-14T17:31:20","guid":{"rendered":"http:\/\/www.hamburg-fuer-die-elbe.de\/?p=2105"},"modified":"2015-12-25T10:51:51","modified_gmt":"2015-12-25T09:51:51","slug":"gruener-hafenkongress","status":"publish","type":"post","link":"https:\/\/www.hamburg-fuer-die-elbe.de\/?p=2105","title":{"rendered":"Gr\u00fcner Hafenkongress"},"content":{"rendered":"<p>Wir haben mit zwei Mitgliedern der Initiative an dem ersten Gr\u00fcnen Hafenkongress am 13. Juni 2014 im Hamburger Rathaus teilgenommen.<\/p>\n<p>Ein Teil der Veranstaltung war mehr oder weniger <a href=\"http:\/\/www.gruene-fraktion-hamburg.de\/sites\/gruene-fraktion-hamburg.de\/files\/dokument\/was_macht_einen_erfolgreichen_hamburger_hafen_aus.pdf\" target=\"_blank\">Thesen zu einem &#8220;gr\u00fcnen Qualit\u00e4tshafen&#8221;<\/a> gewidmet.<\/p>\n<p>Die Veranstaltung war inhaltlich sehr voll und das &#8220;Publikum&#8221; hatte kaum Raum, um sich zu den Vortr\u00e4gen und Vortragenden zu \u00e4u\u00dfern. Der Funke ist nicht \u00fcbergesprungen. Man fragt sich, mit welchem Ziel dieser Kongress in dem sehr sch\u00f6nen Kaisersaal organisiert wurde. F\u00fcr Interessierte, die aus zeitlichen Gr\u00fcnden nicht beim\u00a0<a href=\"https:\/\/www.hamburg-fuer-die-elbe.de\/wordpress\/wp-content\/uploads\/2014\/06\/GruenerHafenkongress.pdf\" rel=\"attachment wp-att-8779\">Gr\u00fcner Hafenkongress<\/a> dabei sein konnten, gibt es ein Protokoll.<\/p>\n","protected":false},"excerpt":{"rendered":"<p>Wir haben mit zwei Mitgliedern der Initiative an dem ersten Gr\u00fcnen Hafenkongress am 13. Juni 2014 im Hamburger Rathaus teilgenommen. Ein Teil der Veranstaltung war mehr oder weniger Thesen zu einem &#8220;gr\u00fcnen Qualit\u00e4tshafen&#8221; gewidmet. Die Veranstaltung war inhaltlich sehr voll und das &#8220;Publikum&#8221; hatte kaum Raum, um sich zu den Vortr\u00e4gen und Vortragenden zu \u00e4u\u00dfern. &hellip; <a href=\"https:\/\/www.hamburg-fuer-die-elbe.de\/?p=2105\" class=\"more-link\"><span class=\"screen-reader-text\">Gr\u00fcner Hafenkongress<\/span> weiterlesen <span class=\"meta-nav\">&rarr;<\/span><\/a><\/p>\n","protected":false},"author":3,"featured_media":0,"comment_status":"closed","ping_status":"closed","sticky":false,"template":"","format":"standard","meta":{"footnotes":""},"categories":[1,11],"tags":[],"_links":{"self":[{"href":"https:\/\/www.hamburg-fuer-die-elbe.de\/index.php?rest_route=\/wp\/v2\/posts\/2105"}],"collection":[{"href":"https:\/\/www.hamburg-fuer-die-elbe.de\/index.php?rest_route=\/wp\/v2\/posts"}],"about":[{"href":"https:\/\/www.hamburg-fuer-die-elbe.de\/index.php?rest_route=\/wp\/v2\/types\/post"}],"author":[{"embeddable":true,"href":"https:\/\/www.hamburg-fuer-die-elbe.de\/index.php?rest_route=\/wp\/v2\/users\/3"}],"replies":[{"embeddable":true,"href":"https:\/\/www.hamburg-fuer-die-elbe.de\/index.php?rest_route=%2Fwp%2Fv2%2Fcomments&post=2105"}],"version-history":[{"count":10,"href":"https:\/\/www.hamburg-fuer-die-elbe.de\/index.php?rest_route=\/wp\/v2\/posts\/2105\/revisions"}],"predecessor-version":[{"id":8920,"href":"https:\/\/www.hamburg-fuer-die-elbe.de\/index.php?rest_route=\/wp\/v2\/posts\/2105\/revisions\/8920"}],"wp:attachment":[{"href":"https:\/\/www.hamburg-fuer-die-elbe.de\/index.php?rest_route=%2Fwp%2Fv2%2Fmedia&parent=2105"}],"wp:term":[{"taxonomy":"category","embeddable":true,"href":"https:\/\/www.hamburg-fuer-die-elbe.de\/index.php?rest_route=%2Fwp%2Fv2%2Fcategories&post=2105"},{"taxonomy":"post_tag","embeddable":true,"href":"https:\/\/www.hamburg-fuer-die-elbe.de\/index.php?rest_route=%2Fwp%2Fv2%2Ftags&post=2105"}],"curies":[{"name":"wp","href":"https:\/\/api.w.org\/{rel}","templated":true}]}}