{"id":2228,"date":"2014-07-04T20:34:03","date_gmt":"2014-07-04T19:34:03","guid":{"rendered":"http:\/\/www.hamburg-fuer-die-elbe.de\/?p=2228"},"modified":"2016-03-22T09:59:28","modified_gmt":"2016-03-22T08:59:28","slug":"2228","status":"publish","type":"post","link":"https:\/\/www.hamburg-fuer-die-elbe.de\/?p=2228","title":{"rendered":"Blasenbildung"},"content":{"rendered":"<p>Seit Jahresbeginn brodelt es an den staatlichen HHLA-Terminals, insbesondere am CTB-Burchardkai um den stockenden An- und Abtransport von Containern:<\/p>\n<ul>\n<li>Im <a title=\"Containerlager\" href=\"https:\/\/www.hamburg-fuer-die-elbe.de\/?p=1431\" target=\"_blank\">Januar und Februar 2014<\/a> sind es die schwierigen Wetterverh\u00e4ltnisse auf den Meeren, die durch versp\u00e4tete Schiffsanl\u00e4ufe zu Verz\u00f6gerungen im Umschlag f\u00fchrten.<\/li>\n<li>Im<a href=\"https:\/\/www.hamburg-fuer-die-elbe.de\/?p=1693\" target=\"_blank\"> M\u00e4rz und April 2014<\/a> kommen dann die Befahrbarkeits-Einschr\u00e4nkungen an der Argentinien- und K\u00f6hlbrandbr\u00fccke hinzu, die zu Verz\u00f6gerungen beim Lkw-Anfahrten zu den Terminals f\u00fchrten.<\/li>\n<li>Im <a href=\"https:\/\/www.hamburg-fuer-die-elbe.de\/?p=1911\" target=\"_blank\">Mai 2014<\/a> wird mit dem Beginn der Bauarbeiten an der n\u00f6rdlichen A7 auch das seit Monaten kursierende Ger\u00fccht \u00fcber Unzul\u00e4nglichkeiten am CTB \u00f6ffentlich.<\/li>\n<li>Ende <a href=\"http:\/\/www.abendblatt.de\/incoming\/article156842\/Fahrverbot-fuer-Lkw-soll-gelockert-werden.html\" target=\"_blank\">Juni 2014<\/a> wird aus Verzweiflung \u00fcber die Verkehrssituation an den Terminals eine Verk\u00fcrzung des\u00a0 Sonntagsfahrverbotes f\u00fcr Lkw auf 18 Uhr diskutiert. Zuvor war auf dem <a href=\"https:\/\/www.hafen-hamburg.de\/de\/news\/2-verkehrsdialog-senator-horch-beraet-mit-kammern-verbaenden-und-unternehmen---31371\" target=\"_blank\">2. Verkehrsdialog wenig Konkretes<\/a> herausgekommen.<\/li>\n<\/ul>\n<p>Dann bricht Anfang Juli 2014 ein Sturm los: &#8220;<a href=\"http:\/\/www.google.de\/url?sa=t&amp;rct=j&amp;q=&amp;esrc=s&amp;source=web&amp;cd=1&amp;ved=0CCQQqQIwAA&amp;url=http%3A%2F%2Fwww.abendblatt.de%2Fwirtschaft%2Farticle129728913%2FKatastrophale-Lage-Spediteure-fuerchten-Kollaps-im-Hafen.html&amp;ei=peu3U62mN4uL4gTtwIDYBQ&amp;usg=AFQjCNHejuVG31izGtpvzvbyALKfacnvDw&amp;bvm=bv.70138588,d.bGE&amp;cad=rja\" target=\"_blank\">Spediteure f\u00fcrchten Kollaps im Hafen<\/a>&#8220;. Nicht nur der Lkw-Verkehr ist nahezu zum Erliegen zu kommen &#8211; die <a href=\"http:\/\/www.eurotransport.de\/news\/hamburger-spediteure-heftige-kritik-an-hamburger-hafen-6559994.html\" target=\"_blank\">Hafenbahn in Hamburg <\/a>steht und zieht deutschlandweit Bahn-Versp\u00e4tungen nach sich. Als Folge der massiven Abfertigungsprobleme <a href=\"http:\/\/www.google.de\/url?sa=t&amp;rct=j&amp;q=&amp;esrc=s&amp;source=web&amp;cd=3&amp;ved=0CDUQqQIwAg&amp;url=http%3A%2F%2Fwww.abendblatt.de%2Fwirtschaft%2Farticle129777311%2FStau-Chaos-im-Hafen-HHLA-Chef-muss-zum-Rapport.html&amp;ei=3uy3U5TjAcnj4QTAuYHQDw&amp;usg=AFQjCNEE0ptrE5e-5_VXf8XVqsr4yZ3jMw&amp;bvm=bv.70138588,d.bGE&amp;cad=rja\" target=\"_blank\">zitiert der Wirtschaftssenator Frank Horch den HHLA-Vorstandschef Klaus-Dieter Peters<\/a> in das Hamburger Rathaus.<\/p>\n<p>Das Ergebnis des Rapports beim B\u00fcrgermeister kennen wir nicht. Laut NDR 90,3\u00a0 soll die HHLA f\u00fcr die Probleme sensibilisiert (neudeutsch; schallende Ohrfeige!) worden sein und Herr Peters nun einen Aktionsplan vorlegen.<\/p>\n<p>Die Diskussion zeigt auf, wie fragil die Gesamtsituation f\u00fcr Hamburg und mittlerweile Deutschlands ist. Im Hamburger Rathaus scheint man die Ursachen der desolaten Situation nicht zu kennen, und l\u00e4sst erst jetzt, ein halbes Jahr nach der Ver\u00f6ffentlichung der o.a. Probleme einen Aktions-Plan (keinen Plan!) erstellen. Parallel ruft der Senat weiterhin lautstark nach der Elbvertiefung, die nach Senatspl\u00e4nen zu einer Verdoppelung des jetzigen Containerumschlages f\u00fchren soll und teilt der \u00d6ffentlichkeit nebenbei mit, dass Hamburg noch weitere 100 Mio. Euro f\u00fcr die Elbvertiefung im Haushalt eingeplant hat.<\/p>\n<p>Der Hamburgische Senat scheint diese Blasenbildung um die Themen Elbvertiefung, Containerumschlag, Hinterlandverkehr und Hapag-Lloyd nicht wahrzunehmen &#8211; wann wird er endlich aufwachen?<\/p>\n","protected":false},"excerpt":{"rendered":"<p>Seit Jahresbeginn brodelt es an den staatlichen HHLA-Terminals, insbesondere am CTB-Burchardkai um den stockenden An- und Abtransport von Containern: Im Januar und Februar 2014 sind es die schwierigen Wetterverh\u00e4ltnisse auf den Meeren, die durch versp\u00e4tete Schiffsanl\u00e4ufe zu Verz\u00f6gerungen im Umschlag f\u00fchrten. Im M\u00e4rz und April 2014 kommen dann die Befahrbarkeits-Einschr\u00e4nkungen an der Argentinien- und K\u00f6hlbrandbr\u00fccke &hellip; <a href=\"https:\/\/www.hamburg-fuer-die-elbe.de\/?p=2228\" class=\"more-link\"><span class=\"screen-reader-text\">Blasenbildung<\/span> weiterlesen <span class=\"meta-nav\">&rarr;<\/span><\/a><\/p>\n","protected":false},"author":2,"featured_media":0,"comment_status":"closed","ping_status":"closed","sticky":false,"template":"","format":"standard","meta":{"footnotes":""},"categories":[1,11,152],"tags":[17,60,54],"_links":{"self":[{"href":"https:\/\/www.hamburg-fuer-die-elbe.de\/index.php?rest_route=\/wp\/v2\/posts\/2228"}],"collection":[{"href":"https:\/\/www.hamburg-fuer-die-elbe.de\/index.php?rest_route=\/wp\/v2\/posts"}],"about":[{"href":"https:\/\/www.hamburg-fuer-die-elbe.de\/index.php?rest_route=\/wp\/v2\/types\/post"}],"author":[{"embeddable":true,"href":"https:\/\/www.hamburg-fuer-die-elbe.de\/index.php?rest_route=\/wp\/v2\/users\/2"}],"replies":[{"embeddable":true,"href":"https:\/\/www.hamburg-fuer-die-elbe.de\/index.php?rest_route=%2Fwp%2Fv2%2Fcomments&post=2228"}],"version-history":[{"count":11,"href":"https:\/\/www.hamburg-fuer-die-elbe.de\/index.php?rest_route=\/wp\/v2\/posts\/2228\/revisions"}],"predecessor-version":[{"id":9776,"href":"https:\/\/www.hamburg-fuer-die-elbe.de\/index.php?rest_route=\/wp\/v2\/posts\/2228\/revisions\/9776"}],"wp:attachment":[{"href":"https:\/\/www.hamburg-fuer-die-elbe.de\/index.php?rest_route=%2Fwp%2Fv2%2Fmedia&parent=2228"}],"wp:term":[{"taxonomy":"category","embeddable":true,"href":"https:\/\/www.hamburg-fuer-die-elbe.de\/index.php?rest_route=%2Fwp%2Fv2%2Fcategories&post=2228"},{"taxonomy":"post_tag","embeddable":true,"href":"https:\/\/www.hamburg-fuer-die-elbe.de\/index.php?rest_route=%2Fwp%2Fv2%2Ftags&post=2228"}],"curies":[{"name":"wp","href":"https:\/\/api.w.org\/{rel}","templated":true}]}}