{"id":2230,"date":"2014-07-02T07:17:35","date_gmt":"2014-07-02T06:17:35","guid":{"rendered":"http:\/\/www.hamburg-fuer-die-elbe.de\/?p=2230"},"modified":"2015-07-19T09:14:55","modified_gmt":"2015-07-19T08:14:55","slug":"elbvertiefung-deutlich-teurer","status":"publish","type":"post","link":"https:\/\/www.hamburg-fuer-die-elbe.de\/?p=2230","title":{"rendered":"Elbvertiefung deutlich teurer"},"content":{"rendered":"<p>Am 01.07.2014 strahlte NDR 90,3 in seiner Sendung &#8220;Treffpunkt Hamburg&#8221; einen Bericht zur Elbvertiefung aus. Sowohl Manfred Braasch f\u00fcr die Kl\u00e4ger gegen die Elbvertiefung als auch Senator Frank Horch wurden befragt.<\/p>\n<p>Im letzten Inteviewteil mit Frank Horch fragte der Moderator nach den voraussichtlichen Kosten der Elbvertiefung und bezog sich auf die Summen f\u00fcr Hamburg und den Bund. Herr Horch antwortete, dass er f\u00fcr den Bund nicht sprechen k\u00f6nne. Hamburg habe aber aktuell 250 bis 300 Millionen Euro f\u00fcr den eigenen Anteil in den Haushalt eingeplant.<\/p>\n<p>Rechnet man dieses entsprechend der 1\/3 &#8211; 2\/3-Aufteilung hoch, so landet man bei mittlerweile 750 bis 900 Millionen Euro Kosten ingesamt!<\/p>\n<p>Auch Gunther Bonz, Unternehmensverband Hafen Hamburg, wurde befragt. Auf die Frage, wer von den Unternehmen im Hafen\u00a0 am meisten unter der bisher nicht erfolgten Elbvertiefung\u00a0 zu leiden h\u00e4tte, antwortete er: Ach, am meisten, kann man nicht sagen und leiden kann man auch nicht sagen&#8230;<\/p>\n<p>Ach ja, einen &#8220;Plan B&#8221; gibt es laut Frank Horch nicht. Wenn Leipzig die Ausf\u00fchrung der 9. Elbvertiefung untersagt, stehen die Planer der Elbvertiefung mit leeren H\u00e4nden da.<\/p>\n<p>Den Radiobericht k\u00f6nnen Sie <a href=\"http:\/\/www.ndr.de\/der_ndr\/presse\/mitteilungen\/Hamburg-muss-mit-deutlich-hoeheren-Kosten-fuer-die-geplante-Elbvertiefung-rechnen-als-bislang-angenommen,pressemeldunghh1276.html\" target=\"_blank\">hier<\/a> nachh\u00f6ren.<\/p>\n","protected":false},"excerpt":{"rendered":"<p>Am 01.07.2014 strahlte NDR 90,3 in seiner Sendung &#8220;Treffpunkt Hamburg&#8221; einen Bericht zur Elbvertiefung aus. Sowohl Manfred Braasch f\u00fcr die Kl\u00e4ger gegen die Elbvertiefung als auch Senator Frank Horch wurden befragt. Im letzten Inteviewteil mit Frank Horch fragte der Moderator nach den voraussichtlichen Kosten der Elbvertiefung und bezog sich auf die Summen f\u00fcr Hamburg und &hellip; <a href=\"https:\/\/www.hamburg-fuer-die-elbe.de\/?p=2230\" class=\"more-link\"><span class=\"screen-reader-text\">Elbvertiefung deutlich teurer<\/span> weiterlesen <span class=\"meta-nav\">&rarr;<\/span><\/a><\/p>\n","protected":false},"author":3,"featured_media":0,"comment_status":"closed","ping_status":"closed","sticky":false,"template":"","format":"standard","meta":{"footnotes":""},"categories":[1,11,10],"tags":[154],"_links":{"self":[{"href":"https:\/\/www.hamburg-fuer-die-elbe.de\/index.php?rest_route=\/wp\/v2\/posts\/2230"}],"collection":[{"href":"https:\/\/www.hamburg-fuer-die-elbe.de\/index.php?rest_route=\/wp\/v2\/posts"}],"about":[{"href":"https:\/\/www.hamburg-fuer-die-elbe.de\/index.php?rest_route=\/wp\/v2\/types\/post"}],"author":[{"embeddable":true,"href":"https:\/\/www.hamburg-fuer-die-elbe.de\/index.php?rest_route=\/wp\/v2\/users\/3"}],"replies":[{"embeddable":true,"href":"https:\/\/www.hamburg-fuer-die-elbe.de\/index.php?rest_route=%2Fwp%2Fv2%2Fcomments&post=2230"}],"version-history":[{"count":4,"href":"https:\/\/www.hamburg-fuer-die-elbe.de\/index.php?rest_route=\/wp\/v2\/posts\/2230\/revisions"}],"predecessor-version":[{"id":7356,"href":"https:\/\/www.hamburg-fuer-die-elbe.de\/index.php?rest_route=\/wp\/v2\/posts\/2230\/revisions\/7356"}],"wp:attachment":[{"href":"https:\/\/www.hamburg-fuer-die-elbe.de\/index.php?rest_route=%2Fwp%2Fv2%2Fmedia&parent=2230"}],"wp:term":[{"taxonomy":"category","embeddable":true,"href":"https:\/\/www.hamburg-fuer-die-elbe.de\/index.php?rest_route=%2Fwp%2Fv2%2Fcategories&post=2230"},{"taxonomy":"post_tag","embeddable":true,"href":"https:\/\/www.hamburg-fuer-die-elbe.de\/index.php?rest_route=%2Fwp%2Fv2%2Ftags&post=2230"}],"curies":[{"name":"wp","href":"https:\/\/api.w.org\/{rel}","templated":true}]}}