{"id":2238,"date":"2014-07-03T20:50:34","date_gmt":"2014-07-03T19:50:34","guid":{"rendered":"http:\/\/www.hamburg-fuer-die-elbe.de\/?p=2238"},"modified":"2015-04-04T07:52:02","modified_gmt":"2015-04-04T06:52:02","slug":"ist-kreetsand-schuld","status":"publish","type":"post","link":"https:\/\/www.hamburg-fuer-die-elbe.de\/?p=2238","title":{"rendered":"Ist Kreetsand Schuld?"},"content":{"rendered":"<p>Heute berichtet auch endlich das <a href=\"http:\/\/www.google.de\/url?sa=t&amp;rct=j&amp;q=&amp;esrc=s&amp;source=web&amp;cd=1&amp;ved=0CCQQqQIwAA&amp;url=http%3A%2F%2Fwww.abendblatt.de%2Fhamburg%2Farticle129731089%2FDie-Elbvertiefung-wird-deutlich-teurer-als-geplant.html&amp;ei=Sqm1U-bHMoyqOriogagK&amp;usg=AFQjCNGEB_39wfIA6_8Ve3UHH8hjLPv2pg&amp;bvm=bv.70138588,d.ZWU&amp;cad=rja\" target=\"_blank\">Abendblatt \u00fcber die Aussage von Frank Horch<\/a>, dass die Elbvertiefung deutlich teurer werden wird, als urspr\u00fcnglich geplant. In den Wirtschaftsplan der HPA seien 204 Mio. Euro eingestellt, mit denen u.a. auch die Preisentwicklung seit der urspr\u00fcnglichen Planung ber\u00fccksichtigt wird. Hinzu kommen Kosten f\u00fcr Umweltausgleichsma\u00dfnahmen.\u00a0 Angef\u00fchrt wird insbesondere die Ma\u00dfnahme Kreetsand mit Kosten in H\u00f6he von 63 Mio Euro.<\/p>\n<p>Die Ma\u00dfnahme <a title=\"Zus\u00e4tzliche Ma\u00dfnahmen\" href=\"https:\/\/www.hamburg-fuer-die-elbe.de\/?page_id=1585\" target=\"_blank\">Kreetsand<\/a> ist noch im Februar 2012 im Rahmen einer <a href=\"https:\/\/www.buergerschaft-hh.de\/ParlDok\/dokument\/35841\/elbvertiefung-%e2%80%93-kosten.pdf\" target=\"_blank\" class=\"broken_link\">kleinen Anfrage<\/a> ausdr\u00fccklich von der Elbvertiefung unabh\u00e4ngig bezeichnet worden. Sie sei eine Koh\u00e4renzma\u00dfnahme in Zusammenhang mit dem Projekt Tideelbemanagement.<\/p>\n<p>Kommt der Hamburger Senat nicht mehr darum herum, endlich s\u00e4mtliche mit der geplanten Elbvertiefung in Verbindung stehenden Kosten darzustellen, wie wir es auf unseren Seiten gemacht haben? Oder liegt es daran, dass aus nicht nachvollziehbaren Gr\u00fcnden die Koh\u00e4renzma\u00dfnahme Kreetsand in diesem Jahr mit dem international renommierten <a href=\"http:\/\/www.hamburg.de\/bwvi\/medien\/nofl\/4338618\/2014-07-02-bwvi-fahrrinnenanpassung\/\" target=\"_blank\">\u201ePIANC Working with Nature Award\u201c<\/a> ausgezeichnet wurde? Und da macht es sich doch gut, ein so &#8220;ausgezeichnetes&#8221; Projekt jetzt schnell dem Thema Elbvertiefung zuzuordnen. Auch wenn man daf\u00fcr eine Kostensteigerung in Kauf nehmen muss.<\/p>\n","protected":false},"excerpt":{"rendered":"<p>Heute berichtet auch endlich das Abendblatt \u00fcber die Aussage von Frank Horch, dass die Elbvertiefung deutlich teurer werden wird, als urspr\u00fcnglich geplant. In den Wirtschaftsplan der HPA seien 204 Mio. Euro eingestellt, mit denen u.a. auch die Preisentwicklung seit der urspr\u00fcnglichen Planung ber\u00fccksichtigt wird. Hinzu kommen Kosten f\u00fcr Umweltausgleichsma\u00dfnahmen.\u00a0 Angef\u00fchrt wird insbesondere die Ma\u00dfnahme Kreetsand &hellip; <a href=\"https:\/\/www.hamburg-fuer-die-elbe.de\/?p=2238\" class=\"more-link\"><span class=\"screen-reader-text\">Ist Kreetsand Schuld?<\/span> weiterlesen <span class=\"meta-nav\">&rarr;<\/span><\/a><\/p>\n","protected":false},"author":3,"featured_media":0,"comment_status":"closed","ping_status":"closed","sticky":false,"template":"","format":"standard","meta":{"footnotes":""},"categories":[1,11,10],"tags":[154],"_links":{"self":[{"href":"https:\/\/www.hamburg-fuer-die-elbe.de\/index.php?rest_route=\/wp\/v2\/posts\/2238"}],"collection":[{"href":"https:\/\/www.hamburg-fuer-die-elbe.de\/index.php?rest_route=\/wp\/v2\/posts"}],"about":[{"href":"https:\/\/www.hamburg-fuer-die-elbe.de\/index.php?rest_route=\/wp\/v2\/types\/post"}],"author":[{"embeddable":true,"href":"https:\/\/www.hamburg-fuer-die-elbe.de\/index.php?rest_route=\/wp\/v2\/users\/3"}],"replies":[{"embeddable":true,"href":"https:\/\/www.hamburg-fuer-die-elbe.de\/index.php?rest_route=%2Fwp%2Fv2%2Fcomments&post=2238"}],"version-history":[{"count":8,"href":"https:\/\/www.hamburg-fuer-die-elbe.de\/index.php?rest_route=\/wp\/v2\/posts\/2238\/revisions"}],"predecessor-version":[{"id":5823,"href":"https:\/\/www.hamburg-fuer-die-elbe.de\/index.php?rest_route=\/wp\/v2\/posts\/2238\/revisions\/5823"}],"wp:attachment":[{"href":"https:\/\/www.hamburg-fuer-die-elbe.de\/index.php?rest_route=%2Fwp%2Fv2%2Fmedia&parent=2238"}],"wp:term":[{"taxonomy":"category","embeddable":true,"href":"https:\/\/www.hamburg-fuer-die-elbe.de\/index.php?rest_route=%2Fwp%2Fv2%2Fcategories&post=2238"},{"taxonomy":"post_tag","embeddable":true,"href":"https:\/\/www.hamburg-fuer-die-elbe.de\/index.php?rest_route=%2Fwp%2Fv2%2Ftags&post=2238"}],"curies":[{"name":"wp","href":"https:\/\/api.w.org\/{rel}","templated":true}]}}