{"id":2288,"date":"2014-07-09T06:48:02","date_gmt":"2014-07-09T05:48:02","guid":{"rendered":"http:\/\/www.hamburg-fuer-die-elbe.de\/?p=2288"},"modified":"2015-07-19T09:11:26","modified_gmt":"2015-07-19T08:11:26","slug":"krisengipfel-mit-herrn-grube","status":"publish","type":"post","link":"https:\/\/www.hamburg-fuer-die-elbe.de\/?p=2288","title":{"rendered":"Krisengipfel mit Herrn Grube"},"content":{"rendered":"<p>Der Krisengipfel zu den <a href=\"http:\/\/www.google.de\/url?sa=t&amp;rct=j&amp;q=&amp;esrc=s&amp;source=web&amp;cd=1&amp;cad=rja&amp;uact=8&amp;ved=0CCQQqQIwAA&amp;url=http%3A%2F%2Fwww.abendblatt.de%2Fhamburg%2Farticle129909793%2FHamburgs-neuer-Vorzeige-Bahnhof-Maschen.html&amp;ei=ezm8U4vgM4fnOavbgMgL&amp;usg=AFQjCNGqW_6eeEiMVSHvb3oTbb-gogbDLg&amp;bvm=bv.70138588,d.ZWU\" target=\"_blank\">&#8220;massiven&#8221; Abfertigungsprobleme<\/a> im Hamburger Hafen hat mit Herrn Dr. R\u00fcdiger Grube, Vorstandschef der Deutschen Bahn, einen weiteren prominenten Teilnehmer. Der eingetretene Schaden muss immens sein!<\/p>\n<p>Als Ursache f\u00fcr den Containerstau auf Lkw und Bahn wird weiterhin ein <a href=\"http:\/\/www.ndr.de\/der_ndr\/presse\/mitteilungen\/Containerstau-im-Hafen-Bahnchef-schlaegt-Alarm,pressemeldunghh1280.html\" target=\"_blank\">Bummelstreik von CTB-Mitarbeitern<\/a> am Waltershofer Terminal angef\u00fchrt. Ein neues seit Jahresbeginn g\u00fcltiges Lohnmodell soll die Unzufriedenheit hervorgerufen haben &#8211; warum h\u00f6rt man dann aber keinen Ton von der Gewerkschaft verdi, zumindest dem zust\u00e4ndigen Fachbereich 11 oder dem sonst in Sachen Hafen sehr aktiven DGB Landesbezirk Nordmark? Warum herrscht hier Grabesstille, wenn man sich <a href=\"http:\/\/www.google.de\/url?sa=t&amp;rct=j&amp;q=&amp;esrc=s&amp;source=web&amp;cd=1&amp;cad=rja&amp;uact=8&amp;ved=0CCEQFjAA&amp;url=http%3A%2F%2Fwww.abendblatt.de%2Fhamburg%2Farticle1513969%2FTarifstreit-bei-der-HHLA-spaltet-die-Belegschaft.html&amp;ei=3mNJVJ_zM8m_PNrugPgE&amp;usg=AFQjCNFk4meXQ1DETuYhMSRoZC_LDFFffw&amp;bvm=bv.77880786,d.ZWU\" target=\"_blank\">an den langschwelenden Tarifstreit<\/a> damals und <a href=\"http:\/\/www.google.de\/url?sa=t&amp;rct=j&amp;q=&amp;esrc=s&amp;source=web&amp;cd=3&amp;ved=0CDIQFjAC&amp;url=http%3A%2F%2Fwww.abendblatt.de%2Fwirtschaft%2Farticle128058865%2FMachtkampf-am-Burchardkai-im-Zentrum-des-Hafens.html&amp;ei=fkG8U7nbMsaVPaSTgcgJ&amp;usg=AFQjCNFcyd8lzrp3yLPdkgpBHwUgri3QuA&amp;bvm=bv.70138588,d.ZWU&amp;cad=rja\">aktuell erinnert<\/a>? Sollte am alten Tarifsystem doch nicht alles antiquiert sein?<\/p>\n<p>Eine <a href=\"https:\/\/www.buergerschaft-hh.de\/ParlDok\/dokument\/45639\/abfertigungsprobleme-bei-der-hhla.pdf\" target=\"_blank\" class=\"broken_link\">schriftliche kleine Anfrage<\/a> in der B\u00fcrgerschaft will vom Mehrheitseigent\u00fcmer des HHLA-Terminals CTB in Waltershof, dem Senat, weitere Informationen erhalten. Vielleicht erf\u00e4hrt man in der Antwort zu den Fragen 8 und 9, wie fest der Schulterschluss zwischen Hafenwirtschaft, Senat und Gewerkschaft in Sachen Hafen- aber auch Elbvertiefungspolitik ist.<\/p>\n<p>An dieser Stelle m\u00f6chten wir an unseren Beitrag &#8220;<a href=\"https:\/\/www.hamburg-fuer-die-elbe.de\/?page_id=476\" target=\"_blank\">Willkommen<\/a>&#8221; erinnern, der auch auf die Arbeitssituation in den H\u00e4fen Bezug nimmt sowie unseren Gastbeitrag &#8220;<a href=\"https:\/\/www.hamburg-fuer-die-elbe.de\/?page_id=1438\" target=\"_blank\">150.000 Jobs in Gefahr<\/a>&#8221; von Herrn Dr. Specht verweisen.<\/p>\n<p>PS: Wie im Mai 2014 berichtet, hatte Hapag-Lloyd aufgrund der Probleme im Hamburger Hafen angek\u00fcndigt, einen Liniendienst von Hamburg nach Bremerhaven verlegen zu m\u00fcssen. Dieses scheint nun am 8.7.2014 erfolgt zu sein &#8211; der G6-Allianzpartner von Hapag-Lloyd, die Reederei NYK, hat heute mit der<a href=\"http:\/\/www.nordic-market.de\/news\/16147\/neuer_transatlantikdienst_der_g6_allianz_-_erstanlauf_der_nyk_meteor_in_bremerhaven.htm\" target=\"_blank\" class=\"broken_link\"> &#8220;NYK Meteor&#8221; den Startschuss f\u00fcr die angek\u00fcndigte Verlagerung des Liniendienstes PA1<\/a> vollzogen.<\/p>\n","protected":false},"excerpt":{"rendered":"<p>Der Krisengipfel zu den &#8220;massiven&#8221; Abfertigungsprobleme im Hamburger Hafen hat mit Herrn Dr. R\u00fcdiger Grube, Vorstandschef der Deutschen Bahn, einen weiteren prominenten Teilnehmer. Der eingetretene Schaden muss immens sein! Als Ursache f\u00fcr den Containerstau auf Lkw und Bahn wird weiterhin ein Bummelstreik von CTB-Mitarbeitern am Waltershofer Terminal angef\u00fchrt. Ein neues seit Jahresbeginn g\u00fcltiges Lohnmodell soll &hellip; <a href=\"https:\/\/www.hamburg-fuer-die-elbe.de\/?p=2288\" class=\"more-link\"><span class=\"screen-reader-text\">Krisengipfel mit Herrn Grube<\/span> weiterlesen <span class=\"meta-nav\">&rarr;<\/span><\/a><\/p>\n","protected":false},"author":2,"featured_media":0,"comment_status":"closed","ping_status":"closed","sticky":false,"template":"","format":"standard","meta":{"footnotes":""},"categories":[1,10,152],"tags":[115,21,166,156,54],"_links":{"self":[{"href":"https:\/\/www.hamburg-fuer-die-elbe.de\/index.php?rest_route=\/wp\/v2\/posts\/2288"}],"collection":[{"href":"https:\/\/www.hamburg-fuer-die-elbe.de\/index.php?rest_route=\/wp\/v2\/posts"}],"about":[{"href":"https:\/\/www.hamburg-fuer-die-elbe.de\/index.php?rest_route=\/wp\/v2\/types\/post"}],"author":[{"embeddable":true,"href":"https:\/\/www.hamburg-fuer-die-elbe.de\/index.php?rest_route=\/wp\/v2\/users\/2"}],"replies":[{"embeddable":true,"href":"https:\/\/www.hamburg-fuer-die-elbe.de\/index.php?rest_route=%2Fwp%2Fv2%2Fcomments&post=2288"}],"version-history":[{"count":11,"href":"https:\/\/www.hamburg-fuer-die-elbe.de\/index.php?rest_route=\/wp\/v2\/posts\/2288\/revisions"}],"predecessor-version":[{"id":7355,"href":"https:\/\/www.hamburg-fuer-die-elbe.de\/index.php?rest_route=\/wp\/v2\/posts\/2288\/revisions\/7355"}],"wp:attachment":[{"href":"https:\/\/www.hamburg-fuer-die-elbe.de\/index.php?rest_route=%2Fwp%2Fv2%2Fmedia&parent=2288"}],"wp:term":[{"taxonomy":"category","embeddable":true,"href":"https:\/\/www.hamburg-fuer-die-elbe.de\/index.php?rest_route=%2Fwp%2Fv2%2Fcategories&post=2288"},{"taxonomy":"post_tag","embeddable":true,"href":"https:\/\/www.hamburg-fuer-die-elbe.de\/index.php?rest_route=%2Fwp%2Fv2%2Ftags&post=2288"}],"curies":[{"name":"wp","href":"https:\/\/api.w.org\/{rel}","templated":true}]}}