{"id":2345,"date":"2014-07-14T18:33:38","date_gmt":"2014-07-14T17:33:38","guid":{"rendered":"http:\/\/www.hamburg-fuer-die-elbe.de\/?p=2345"},"modified":"2015-02-21T10:13:29","modified_gmt":"2015-02-21T09:13:29","slug":"7-elbekirchentag-in-magdeburg-2","status":"publish","type":"post","link":"https:\/\/www.hamburg-fuer-die-elbe.de\/?p=2345","title":{"rendered":"7. Elbekirchentag in Magdeburg"},"content":{"rendered":"<p><a href=\"https:\/\/www.hamburg-fuer-die-elbe.de\/wordpress\/wp-content\/uploads\/2014\/07\/WP_20140713_10_11_50_Internet.jpg\"><img loading=\"lazy\" decoding=\"async\" class=\"size-thumbnail wp-image-2532 alignright\" src=\"https:\/\/www.hamburg-fuer-die-elbe.de\/wordpress\/wp-content\/uploads\/2014\/07\/WP_20140713_10_11_50_Internet-150x150.jpg\" alt=\"WP_20140713_10_11_50_Internet\" width=\"150\" height=\"150\" srcset=\"https:\/\/www.hamburg-fuer-die-elbe.de\/wordpress\/wp-content\/uploads\/2014\/07\/WP_20140713_10_11_50_Internet-150x150.jpg 150w, https:\/\/www.hamburg-fuer-die-elbe.de\/wordpress\/wp-content\/uploads\/2014\/07\/WP_20140713_10_11_50_Internet-144x144.jpg 144w\" sizes=\"(max-width: 150px) 100vw, 150px\" \/><\/a>Am 12. Juli 2014 fand der <a title=\"7. Elbekirchentag in Magdeburg\" href=\"https:\/\/www.hamburg-fuer-die-elbe.de\/?p=2078\">7. Elbekirchentag im Magdeburg<\/a>er Dom samt Domgarten statt.<br \/>\nVor dieser imposanten Kulisse, unmittelbar an der Elbe gelegen, fanden sich hunderte Freunde der Elbe von Bad Schandau bis Cuxhaven ein. Auch drei Mitglieder unserer B\u00fcrgerinitiative aus Hamburg durften teilnehmen und wurden herzlich von Pro Elbe und Erika Tipke (Schiff f\u00fcr die Elbe) aufgenommen.<\/p>\n<p>Eine spannende Diskussion im Domgarten\u00a0mit dem Thema &#8220;Naturschutz versus Menschenschutz &#8211; Lehren aus dem Jahrhunderthochwasser&#8221; hatte die &#8220;Jahrhundertflut&#8221; im Sommer 2013 im Bereich der Ober- und Mittelelbe im Fokus. Die Diskussionsteilnehmer aus Politik, Verwaltung, Umweltverband, B\u00fcrgerinitiative\u00a0und Kirche zeigten einvernehmlich auf, dass\u00a0sich die Themen zuk\u00fcnftig nicht mehr ausschlie\u00dfen d\u00fcrfen, sondern nur ganzheitlich gel\u00f6st werden k\u00f6nnen.<\/p>\n<p>Uns Hamburgern\u00a0wurde sehr deutlich, wie in unserer Stadt das Thema Hochwasserschutz in der \u00f6ffentlichen Diskussion vernachl\u00e4ssigt wird.\u00a0Einen ganzheitlichen Ansatz, wie in Magdeburg erlebt, w\u00fcrden wir uns auch f\u00fcr die Region Unterelbe w\u00fcnschen. Die Sturmflut 1962 scheint in den Hamburger K\u00f6pfen nur noch eine untergeordnete Rolle zu spielen. Bei der aktuellen Elbvertiefung wurde das Thema vollst\u00e4ndig herunter gespielt.<\/p>\n<p>Am Sonntag wurde der Kirchentag mit einem Festgottesdienst an den Elbtreppen vorm Dom feierlich beendet. Es war sehr ergreifend! Wir freuen uns auf den n\u00e4chsten Elbekirchentag!<\/p>\n<p>Unsere Unterschriftensammlung haben wir auf dem 7. Elbekirchentag in Magdeburg vervollst\u00e4ndigen und beenden k\u00f6nnen. Wir haben nunmehr \u00fcber 1.000 Unterschriften gesammelt, die wir morgen, am 15.07.2014\u00a0in Leipzig den Klageparteien \u00fcbergeben wollen.<\/p>\n","protected":false},"excerpt":{"rendered":"<p>Am 12. Juli 2014 fand der 7. Elbekirchentag im Magdeburger Dom samt Domgarten statt. Vor dieser imposanten Kulisse, unmittelbar an der Elbe gelegen, fanden sich hunderte Freunde der Elbe von Bad Schandau bis Cuxhaven ein. Auch drei Mitglieder unserer B\u00fcrgerinitiative aus Hamburg durften teilnehmen und wurden herzlich von Pro Elbe und Erika Tipke (Schiff f\u00fcr &hellip; <a href=\"https:\/\/www.hamburg-fuer-die-elbe.de\/?p=2345\" class=\"more-link\"><span class=\"screen-reader-text\">7. Elbekirchentag in Magdeburg<\/span> weiterlesen <span class=\"meta-nav\">&rarr;<\/span><\/a><\/p>\n","protected":false},"author":2,"featured_media":0,"comment_status":"closed","ping_status":"closed","sticky":false,"template":"","format":"standard","meta":{"footnotes":""},"categories":[1,9],"tags":[163,160,161,162],"_links":{"self":[{"href":"https:\/\/www.hamburg-fuer-die-elbe.de\/index.php?rest_route=\/wp\/v2\/posts\/2345"}],"collection":[{"href":"https:\/\/www.hamburg-fuer-die-elbe.de\/index.php?rest_route=\/wp\/v2\/posts"}],"about":[{"href":"https:\/\/www.hamburg-fuer-die-elbe.de\/index.php?rest_route=\/wp\/v2\/types\/post"}],"author":[{"embeddable":true,"href":"https:\/\/www.hamburg-fuer-die-elbe.de\/index.php?rest_route=\/wp\/v2\/users\/2"}],"replies":[{"embeddable":true,"href":"https:\/\/www.hamburg-fuer-die-elbe.de\/index.php?rest_route=%2Fwp%2Fv2%2Fcomments&post=2345"}],"version-history":[{"count":5,"href":"https:\/\/www.hamburg-fuer-die-elbe.de\/index.php?rest_route=\/wp\/v2\/posts\/2345\/revisions"}],"predecessor-version":[{"id":5249,"href":"https:\/\/www.hamburg-fuer-die-elbe.de\/index.php?rest_route=\/wp\/v2\/posts\/2345\/revisions\/5249"}],"wp:attachment":[{"href":"https:\/\/www.hamburg-fuer-die-elbe.de\/index.php?rest_route=%2Fwp%2Fv2%2Fmedia&parent=2345"}],"wp:term":[{"taxonomy":"category","embeddable":true,"href":"https:\/\/www.hamburg-fuer-die-elbe.de\/index.php?rest_route=%2Fwp%2Fv2%2Fcategories&post=2345"},{"taxonomy":"post_tag","embeddable":true,"href":"https:\/\/www.hamburg-fuer-die-elbe.de\/index.php?rest_route=%2Fwp%2Fv2%2Ftags&post=2345"}],"curies":[{"name":"wp","href":"https:\/\/api.w.org\/{rel}","templated":true}]}}