{"id":2350,"date":"2014-07-15T19:47:32","date_gmt":"2014-07-15T18:47:32","guid":{"rendered":"http:\/\/www.hamburg-fuer-die-elbe.de\/?p=2350"},"modified":"2016-09-14T08:03:04","modified_gmt":"2016-09-14T07:03:04","slug":"prozessbeginn-in-leipzig","status":"publish","type":"post","link":"https:\/\/www.hamburg-fuer-die-elbe.de\/?p=2350","title":{"rendered":"Prozessbeginn in Leipzig"},"content":{"rendered":"<p>Gegen 8:15 Uhr trafen sich rund 20 Elbvertiefungsgegner mit Transparenten, Flaggen und Flyern ausgestattet vor dem Bundesverwaltungsgericht in Leipzig.\u00a0Dort wurden bei Kaiserwetter gemeinsam\u00a0von dem\u00a0Regionalen B\u00fcndnis und Hamburg f\u00fcr die Elbe die 1.010 Unterschriften den Klagevertretern, <a href=\"https:\/\/de.wikipedia.org\/wiki\/Hubert_Weiger\" target=\"_blank\">Dr. Hubert Weiger<\/a>, Pr\u00e4sident des BUND\u00a0Deutschland in Anwesenheit von <a href=\"https:\/\/www.welt.de\/regionales\/hamburg\/article114051299\/Der-heimliche-Oppositionsfuehrer.html\" target=\"_blank\">Manfred Braasch<\/a>, Gesch\u00e4ftsf\u00fchrer BUND Hamburg, und <a href=\"https:\/\/de.wikipedia.org\/wiki\/Alexander_Porschke\" target=\"_blank\">Alexander Porschke<\/a>, Vorsitzender NABU Hamburg, mit den besten Erfolgsw\u00fcnschen f\u00fcr das Klageverfahren \u00fcberreicht.<\/p>\n<p>Um 10:00 Uhr wurde der Prozess im gro\u00dfen Saal er\u00f6ffnet. Nach einer kurzen Er\u00f6ffnung und Pr\u00fcfung der Anwesenheit der Klage- bzw. Beklagtenvertreter erfolgte eine kurze und sehr pr\u00e4zise Beschreibung des Verfahrensgegenstands durch die Berichterstatterin des Senates.<\/p>\n<p>Gegen 11:00 Uhr wurde bereits inhaltlich in das Verfahren eingestiegen. Es ging um die Frage, ob die Methoden der Bundesanstalt f\u00fcr Wasserbau (BAW) zu morphologischen \u00c4nderungen auf dem aktuellen Stand der Wissenschaft und somit glaubw\u00fcrdig sind. Dieses wurde anhand eines vom Gericht vorab versandten Fragebogens mit den Parteien er\u00f6rtert. Naturgem\u00e4\u00df standen an diesem Vormittag die Beklagten im Fokus. Aus Zuschauersicht waren viele Antworten der Sachverst\u00e4ndigen der Kl\u00e4ger unzureichend bis befremdlich.\u00a0Beispielsweise will die BAW bei der Auswertung von verschiedenen Modellrechnungen Regelm\u00e4\u00dfigkeiten zur morphologischen Entwicklung erkannt haben, die sich jedoch im Prozess keinem sachverst\u00e4ndigen Dritten erschlie\u00dfen wollten. Auf Nachfrage wurde dann einger\u00e4umt, dass diese Regelm\u00e4\u00dfigkeiten nur mit &#8220;<em>zusammengekniffenen Augen<\/em>&#8221; zu erkennen seien.<\/p>\n<p>Weitere Informationen zum Auftakt finden Sie auf <a href=\"http:\/\/www.sat1regional.de\/aktuell\/article\/streit-um-elbvertiefung-bundesverwaltungsgericht-startet-verhandlung-149881.html\" target=\"_blank\" class=\"broken_link\">SAT1-Regional<\/a> (hier bitte aufpassen &#8211; die Elbe wird nicht um einen Meter sondern zwischen 1,5 m bis zu 2,42 m vertieft werden).<\/p>\n","protected":false},"excerpt":{"rendered":"<p>Gegen 8:15 Uhr trafen sich rund 20 Elbvertiefungsgegner mit Transparenten, Flaggen und Flyern ausgestattet vor dem Bundesverwaltungsgericht in Leipzig.\u00a0Dort wurden bei Kaiserwetter gemeinsam\u00a0von dem\u00a0Regionalen B\u00fcndnis und Hamburg f\u00fcr die Elbe die 1.010 Unterschriften den Klagevertretern, Dr. Hubert Weiger, Pr\u00e4sident des BUND\u00a0Deutschland in Anwesenheit von Manfred Braasch, Gesch\u00e4ftsf\u00fchrer BUND Hamburg, und Alexander Porschke, Vorsitzender NABU Hamburg, &hellip; <a href=\"https:\/\/www.hamburg-fuer-die-elbe.de\/?p=2350\" class=\"more-link\"><span class=\"screen-reader-text\">Prozessbeginn in Leipzig<\/span> weiterlesen <span class=\"meta-nav\">&rarr;<\/span><\/a><\/p>\n","protected":false},"author":2,"featured_media":0,"comment_status":"closed","ping_status":"closed","sticky":false,"template":"","format":"standard","meta":{"footnotes":""},"categories":[1,138],"tags":[44],"_links":{"self":[{"href":"https:\/\/www.hamburg-fuer-die-elbe.de\/index.php?rest_route=\/wp\/v2\/posts\/2350"}],"collection":[{"href":"https:\/\/www.hamburg-fuer-die-elbe.de\/index.php?rest_route=\/wp\/v2\/posts"}],"about":[{"href":"https:\/\/www.hamburg-fuer-die-elbe.de\/index.php?rest_route=\/wp\/v2\/types\/post"}],"author":[{"embeddable":true,"href":"https:\/\/www.hamburg-fuer-die-elbe.de\/index.php?rest_route=\/wp\/v2\/users\/2"}],"replies":[{"embeddable":true,"href":"https:\/\/www.hamburg-fuer-die-elbe.de\/index.php?rest_route=%2Fwp%2Fv2%2Fcomments&post=2350"}],"version-history":[{"count":19,"href":"https:\/\/www.hamburg-fuer-die-elbe.de\/index.php?rest_route=\/wp\/v2\/posts\/2350\/revisions"}],"predecessor-version":[{"id":10398,"href":"https:\/\/www.hamburg-fuer-die-elbe.de\/index.php?rest_route=\/wp\/v2\/posts\/2350\/revisions\/10398"}],"wp:attachment":[{"href":"https:\/\/www.hamburg-fuer-die-elbe.de\/index.php?rest_route=%2Fwp%2Fv2%2Fmedia&parent=2350"}],"wp:term":[{"taxonomy":"category","embeddable":true,"href":"https:\/\/www.hamburg-fuer-die-elbe.de\/index.php?rest_route=%2Fwp%2Fv2%2Fcategories&post=2350"},{"taxonomy":"post_tag","embeddable":true,"href":"https:\/\/www.hamburg-fuer-die-elbe.de\/index.php?rest_route=%2Fwp%2Fv2%2Ftags&post=2350"}],"curies":[{"name":"wp","href":"https:\/\/api.w.org\/{rel}","templated":true}]}}