{"id":2450,"date":"2014-07-21T18:52:42","date_gmt":"2014-07-21T17:52:42","guid":{"rendered":"http:\/\/www.hamburg-fuer-die-elbe.de\/?p=2450"},"modified":"2015-12-24T12:21:55","modified_gmt":"2015-12-24T11:21:55","slug":"zwischenbericht-aus-leipzig","status":"publish","type":"post","link":"https:\/\/www.hamburg-fuer-die-elbe.de\/?p=2450","title":{"rendered":"Zwischenbericht aus Leipzig"},"content":{"rendered":"<p>Wir haben Ihnen bislang keine Medienkommentierungen zur der seit dem 15. Juli 2014 <a href=\"https:\/\/www.hamburg-fuer-die-elbe.de\/wordpress\/wp-content\/uploads\/2014\/07\/BVerwGLeipzig9.jpg\" target=\"_blank\"><img loading=\"lazy\" decoding=\"async\" class=\"alignright wp-image-4048 size-medium\" src=\"https:\/\/www.hamburg-fuer-die-elbe.de\/wordpress\/wp-content\/uploads\/2014\/07\/BVerwGLeipzig9-300x168.jpg\" alt=\"BVerwGLeipzig9\" width=\"300\" height=\"168\" srcset=\"https:\/\/www.hamburg-fuer-die-elbe.de\/wordpress\/wp-content\/uploads\/2014\/07\/BVerwGLeipzig9-300x168.jpg 300w, https:\/\/www.hamburg-fuer-die-elbe.de\/wordpress\/wp-content\/uploads\/2014\/07\/BVerwGLeipzig9.jpg 816w\" sizes=\"(max-width: 300px) 100vw, 300px\" \/><\/a>laufenden m\u00fcndlichen Verhandlung am Bundesverwaltungsgericht zur Elbvertiefung angeboten.<\/p>\n<p>Wir freuen uns daher ganz besonders, einen Bericht von einem mit der spezifischen juristischen Materie um Flussvertiefungen sehr gut vertrauten Juristen und Unterst\u00fctzer unserer B\u00fcrgerinitiative, Herrn Raphael Weyland, ver\u00f6ffentlichen zu d\u00fcrfen. Herr Weyland hat die ersten Verhandlungstage in Leipzig auf der Besucherbank pers\u00f6nlich mitverfolgt.<\/p>\n<p>Seinen Bericht zu den ersten Verhandlungstagen finden Sie <a href=\"https:\/\/www.hamburg-fuer-die-elbe.de\/?attachment_id=8790\" rel=\"attachment wp-att-8790\">Fachleute haben vor wenigen Tagen<\/a>.<\/p>\n<p>&nbsp;<\/p>\n<p>&nbsp;<\/p>\n","protected":false},"excerpt":{"rendered":"<p>Wir haben Ihnen bislang keine Medienkommentierungen zur der seit dem 15. Juli 2014 laufenden m\u00fcndlichen Verhandlung am Bundesverwaltungsgericht zur Elbvertiefung angeboten. Wir freuen uns daher ganz besonders, einen Bericht von einem mit der spezifischen juristischen Materie um Flussvertiefungen sehr gut vertrauten Juristen und Unterst\u00fctzer unserer B\u00fcrgerinitiative, Herrn Raphael Weyland, ver\u00f6ffentlichen zu d\u00fcrfen. Herr Weyland hat &hellip; <a href=\"https:\/\/www.hamburg-fuer-die-elbe.de\/?p=2450\" class=\"more-link\"><span class=\"screen-reader-text\">Zwischenbericht aus Leipzig<\/span> weiterlesen <span class=\"meta-nav\">&rarr;<\/span><\/a><\/p>\n","protected":false},"author":2,"featured_media":0,"comment_status":"closed","ping_status":"closed","sticky":false,"template":"","format":"standard","meta":{"footnotes":""},"categories":[1,138],"tags":[44],"_links":{"self":[{"href":"https:\/\/www.hamburg-fuer-die-elbe.de\/index.php?rest_route=\/wp\/v2\/posts\/2450"}],"collection":[{"href":"https:\/\/www.hamburg-fuer-die-elbe.de\/index.php?rest_route=\/wp\/v2\/posts"}],"about":[{"href":"https:\/\/www.hamburg-fuer-die-elbe.de\/index.php?rest_route=\/wp\/v2\/types\/post"}],"author":[{"embeddable":true,"href":"https:\/\/www.hamburg-fuer-die-elbe.de\/index.php?rest_route=\/wp\/v2\/users\/2"}],"replies":[{"embeddable":true,"href":"https:\/\/www.hamburg-fuer-die-elbe.de\/index.php?rest_route=%2Fwp%2Fv2%2Fcomments&post=2450"}],"version-history":[{"count":5,"href":"https:\/\/www.hamburg-fuer-die-elbe.de\/index.php?rest_route=\/wp\/v2\/posts\/2450\/revisions"}],"predecessor-version":[{"id":8791,"href":"https:\/\/www.hamburg-fuer-die-elbe.de\/index.php?rest_route=\/wp\/v2\/posts\/2450\/revisions\/8791"}],"wp:attachment":[{"href":"https:\/\/www.hamburg-fuer-die-elbe.de\/index.php?rest_route=%2Fwp%2Fv2%2Fmedia&parent=2450"}],"wp:term":[{"taxonomy":"category","embeddable":true,"href":"https:\/\/www.hamburg-fuer-die-elbe.de\/index.php?rest_route=%2Fwp%2Fv2%2Fcategories&post=2450"},{"taxonomy":"post_tag","embeddable":true,"href":"https:\/\/www.hamburg-fuer-die-elbe.de\/index.php?rest_route=%2Fwp%2Fv2%2Ftags&post=2450"}],"curies":[{"name":"wp","href":"https:\/\/api.w.org\/{rel}","templated":true}]}}