{"id":2483,"date":"2014-07-24T19:16:10","date_gmt":"2014-07-24T18:16:10","guid":{"rendered":"http:\/\/www.hamburg-fuer-die-elbe.de\/?p=2483"},"modified":"2015-12-24T15:18:26","modified_gmt":"2015-12-24T14:18:26","slug":"weiterer-bericht-aus-leipzig","status":"publish","type":"post","link":"https:\/\/www.hamburg-fuer-die-elbe.de\/?p=2483","title":{"rendered":"Weiterer Bericht aus Leipzig"},"content":{"rendered":"<p>Die zweite Woche der m\u00fcndlichen Verhandlung zur Elbvertiefung vor dem Bundesverwaltungsgericht ist in Leipzig mit einigen Besonderheiten und auch Paukenschl\u00e4gen beendet worden.<\/p>\n<p>Wir freuen uns erneut, Ihnen einen weiteren Bericht von der zweiten Woche in Leipzig pr\u00e4sentieren zu d\u00fcrfen. Herr Raphael Weyland, ein Unterst\u00fctzer unserer B\u00fcrgerinitiative und mit Verwaltungsgerichtsverfahren um Flussvertiefungen sehr gut vertrauter Jurist zeigt in seinem Bericht auf, was diese Woche in Leipzig so alles passiert ist.<\/p>\n<p>Seinen zweiten Bericht finden Sie <a href=\"https:\/\/www.hamburg-fuer-die-elbe.de\/?attachment_id=8794\" rel=\"attachment wp-att-8794\">Protokoll von Herrn Weyland<\/a>.<\/p>\n","protected":false},"excerpt":{"rendered":"<p>Die zweite Woche der m\u00fcndlichen Verhandlung zur Elbvertiefung vor dem Bundesverwaltungsgericht ist in Leipzig mit einigen Besonderheiten und auch Paukenschl\u00e4gen beendet worden. Wir freuen uns erneut, Ihnen einen weiteren Bericht von der zweiten Woche in Leipzig pr\u00e4sentieren zu d\u00fcrfen. Herr Raphael Weyland, ein Unterst\u00fctzer unserer B\u00fcrgerinitiative und mit Verwaltungsgerichtsverfahren um Flussvertiefungen sehr gut vertrauter Jurist &hellip; <a href=\"https:\/\/www.hamburg-fuer-die-elbe.de\/?p=2483\" class=\"more-link\"><span class=\"screen-reader-text\">Weiterer Bericht aus Leipzig<\/span> weiterlesen <span class=\"meta-nav\">&rarr;<\/span><\/a><\/p>\n","protected":false},"author":2,"featured_media":0,"comment_status":"closed","ping_status":"closed","sticky":false,"template":"","format":"standard","meta":{"footnotes":""},"categories":[1,138],"tags":[44],"_links":{"self":[{"href":"https:\/\/www.hamburg-fuer-die-elbe.de\/index.php?rest_route=\/wp\/v2\/posts\/2483"}],"collection":[{"href":"https:\/\/www.hamburg-fuer-die-elbe.de\/index.php?rest_route=\/wp\/v2\/posts"}],"about":[{"href":"https:\/\/www.hamburg-fuer-die-elbe.de\/index.php?rest_route=\/wp\/v2\/types\/post"}],"author":[{"embeddable":true,"href":"https:\/\/www.hamburg-fuer-die-elbe.de\/index.php?rest_route=\/wp\/v2\/users\/2"}],"replies":[{"embeddable":true,"href":"https:\/\/www.hamburg-fuer-die-elbe.de\/index.php?rest_route=%2Fwp%2Fv2%2Fcomments&post=2483"}],"version-history":[{"count":3,"href":"https:\/\/www.hamburg-fuer-die-elbe.de\/index.php?rest_route=\/wp\/v2\/posts\/2483\/revisions"}],"predecessor-version":[{"id":8797,"href":"https:\/\/www.hamburg-fuer-die-elbe.de\/index.php?rest_route=\/wp\/v2\/posts\/2483\/revisions\/8797"}],"wp:attachment":[{"href":"https:\/\/www.hamburg-fuer-die-elbe.de\/index.php?rest_route=%2Fwp%2Fv2%2Fmedia&parent=2483"}],"wp:term":[{"taxonomy":"category","embeddable":true,"href":"https:\/\/www.hamburg-fuer-die-elbe.de\/index.php?rest_route=%2Fwp%2Fv2%2Fcategories&post=2483"},{"taxonomy":"post_tag","embeddable":true,"href":"https:\/\/www.hamburg-fuer-die-elbe.de\/index.php?rest_route=%2Fwp%2Fv2%2Ftags&post=2483"}],"curies":[{"name":"wp","href":"https:\/\/api.w.org\/{rel}","templated":true}]}}