{"id":2703,"date":"2014-08-13T18:42:43","date_gmt":"2014-08-13T17:42:43","guid":{"rendered":"http:\/\/www.hamburg-fuer-die-elbe.de\/?p=2703"},"modified":"2014-11-16T19:33:22","modified_gmt":"2014-11-16T18:33:22","slug":"weitere-stauzuschlaege","status":"publish","type":"post","link":"https:\/\/www.hamburg-fuer-die-elbe.de\/?p=2703","title":{"rendered":"Weitere Stauzuschl\u00e4ge"},"content":{"rendered":"<p><a href=\"https:\/\/www.hamburg-fuer-die-elbe.de\/wordpress\/wp-content\/uploads\/2014\/08\/Maersk3.jpg\" target=\"_blank\"><img loading=\"lazy\" decoding=\"async\" class=\"alignright wp-image-3999 size-medium\" src=\"https:\/\/www.hamburg-fuer-die-elbe.de\/wordpress\/wp-content\/uploads\/2014\/08\/Maersk3-300x225.jpg\" alt=\"Maersk3\" width=\"300\" height=\"225\" srcset=\"https:\/\/www.hamburg-fuer-die-elbe.de\/wordpress\/wp-content\/uploads\/2014\/08\/Maersk3-300x225.jpg 300w, https:\/\/www.hamburg-fuer-die-elbe.de\/wordpress\/wp-content\/uploads\/2014\/08\/Maersk3-1024x768.jpg 1024w, https:\/\/www.hamburg-fuer-die-elbe.de\/wordpress\/wp-content\/uploads\/2014\/08\/Maersk3-900x675.jpg 900w, https:\/\/www.hamburg-fuer-die-elbe.de\/wordpress\/wp-content\/uploads\/2014\/08\/Maersk3.jpg 1210w\" sizes=\"(max-width: 300px) 100vw, 300px\" \/><\/a>Nachdem Hapag-Lloyd und ihre Partnerreedereien der G6-Allianz f\u00fcr Containerbewegungen im Hamburger Hafen per Juli 2014 einen Stauzuschlag eingef\u00fchrt hatte, scheint die Maersk-Line per heute einen \u00e4hnlichen Zuschlag eingef\u00fchrt \u00a0zu haben.<\/p>\n<p>So meldet\u00a0 das Fruchtportal mit dem Titel &#8220;<a href=\"http:\/\/www.google.de\/url?sa=t&amp;rct=j&amp;q=&amp;esrc=s&amp;source=web&amp;cd=1&amp;ved=0CCAQFjAA&amp;url=http%3A%2F%2Fwww.fruchtportal.de%2Fnews%2Fartikel%2F009051%2Fmaersk-line-veranschlagt-gebuhr-wegen-uberlastung-in-hamburg&amp;ei=vY7rU4yjN9Db4QTmroGABA&amp;usg=AFQjCNEAzJvJPEdVkfjhNfEyeky6bwL4yg\" target=\"_blank\">Maersk Line veranschlagt Geb\u00fchr wegen \u00dcberlastung in Hamburg<\/a>&#8221; folgende Meldung: &#8220;Der Verkehr und die \u00dcberlastung an dem Hafen von Hamburg f\u00fchrten zu langen LKW-Wartezeiten und \u201eMaersk Line\u201c gab infolgedessen eine \u00dcberlastungsgeb\u00fchr f\u00fcr Container Richtung Hamburger Hafen bekannt. Die Geb\u00fchr, die am 14. August in Kraft treten wird, kommt durch die \u201eschweren Verkehrsst\u00f6rungen\u201c, wie \u201eMaersk\u201c es nannte, welche heftige Auswirkungen auf die Wartezeiten haben. Die Geb\u00fchr von 80 EUR pro Container wird f\u00fcr alle direkten LKW-Frachten auf den\u00a0 Transportlieferungen des Transporteurs zu und von dem Hafen von Hamburg gelten.&#8221;<\/p>\n<p>Wir erinnern uns an das Klagen der Reedereien \u00fcber den Ratenverfall, den <a title=\"HL weiter mit roten Zahlen\" href=\"https:\/\/www.hamburg-fuer-die-elbe.de\/?p=2694\" target=\"_blank\">zuletzt Hapag-Lloyd in seiner gestrigen Halbjahresbilanz<\/a> mit\u00a0einem Durchschnittswert von 98 US$ auf 1.424 US$ je Standardcontainer (TEU) angegeben hatte. Wenn wir jetzt die 98 US-Dollar in Euro umrechnen, sind wir bei rund 80 Euro, was den o.a. Stauzuschl\u00e4gen von Maersk und Hapag-Lloyd bzw. der G6-Allianz entspricht.<\/p>\n<p>Die Reedereien versuchen sich also \u00fcber die Stauzuschl\u00e4ge an ihre Transportkunden schadlos zu halten. Die Transportkunden werden die Stauzuschl\u00e4ge an die Endabnehmer weiterleiten &#8211; das ist Marktwirtschaft. Wir Endabnehmer d\u00fcrfen dann die f\u00fcr die verfehlte Verkehrspolitik unserer Politiker ein\u00a0weiteres Mal bezahlen. Ein\u00a0weiters .Mal? Na klar, f\u00fcr<\/p>\n<ul>\n<li>die Milliarden in die Hinterlandanbindungen und die Elbvertiefung,<\/li>\n<li>f\u00fcr die Stauzuschl\u00e4ge und<\/li>\n<li>f\u00fcr den &#8220;Billigplunder&#8221;, Obst und Gem\u00fcse aus Fernost und \u00dcbersee, was wir &#8220;damals&#8221;\u00a0&#8211; so lange ist es noch nicht her &#8211; \u00a0in guter Qualit\u00e4t ausreichend selber produziert haben,..<\/li>\n<li>&#8230; Ihnen fallen sicher noch mehr Beispiele ein!<\/li>\n<\/ul>\n","protected":false},"excerpt":{"rendered":"<p>Nachdem Hapag-Lloyd und ihre Partnerreedereien der G6-Allianz f\u00fcr Containerbewegungen im Hamburger Hafen per Juli 2014 einen Stauzuschlag eingef\u00fchrt hatte, scheint die Maersk-Line per heute einen \u00e4hnlichen Zuschlag eingef\u00fchrt \u00a0zu haben. So meldet\u00a0 das Fruchtportal mit dem Titel &#8220;Maersk Line veranschlagt Geb\u00fchr wegen \u00dcberlastung in Hamburg&#8221; folgende Meldung: &#8220;Der Verkehr und die \u00dcberlastung an dem Hafen &hellip; <a href=\"https:\/\/www.hamburg-fuer-die-elbe.de\/?p=2703\" class=\"more-link\"><span class=\"screen-reader-text\">Weitere Stauzuschl\u00e4ge<\/span> weiterlesen <span class=\"meta-nav\">&rarr;<\/span><\/a><\/p>\n","protected":false},"author":2,"featured_media":0,"comment_status":"closed","ping_status":"closed","sticky":false,"template":"","format":"standard","meta":{"footnotes":""},"categories":[1],"tags":[],"_links":{"self":[{"href":"https:\/\/www.hamburg-fuer-die-elbe.de\/index.php?rest_route=\/wp\/v2\/posts\/2703"}],"collection":[{"href":"https:\/\/www.hamburg-fuer-die-elbe.de\/index.php?rest_route=\/wp\/v2\/posts"}],"about":[{"href":"https:\/\/www.hamburg-fuer-die-elbe.de\/index.php?rest_route=\/wp\/v2\/types\/post"}],"author":[{"embeddable":true,"href":"https:\/\/www.hamburg-fuer-die-elbe.de\/index.php?rest_route=\/wp\/v2\/users\/2"}],"replies":[{"embeddable":true,"href":"https:\/\/www.hamburg-fuer-die-elbe.de\/index.php?rest_route=%2Fwp%2Fv2%2Fcomments&post=2703"}],"version-history":[{"count":9,"href":"https:\/\/www.hamburg-fuer-die-elbe.de\/index.php?rest_route=\/wp\/v2\/posts\/2703\/revisions"}],"predecessor-version":[{"id":4001,"href":"https:\/\/www.hamburg-fuer-die-elbe.de\/index.php?rest_route=\/wp\/v2\/posts\/2703\/revisions\/4001"}],"wp:attachment":[{"href":"https:\/\/www.hamburg-fuer-die-elbe.de\/index.php?rest_route=%2Fwp%2Fv2%2Fmedia&parent=2703"}],"wp:term":[{"taxonomy":"category","embeddable":true,"href":"https:\/\/www.hamburg-fuer-die-elbe.de\/index.php?rest_route=%2Fwp%2Fv2%2Fcategories&post=2703"},{"taxonomy":"post_tag","embeddable":true,"href":"https:\/\/www.hamburg-fuer-die-elbe.de\/index.php?rest_route=%2Fwp%2Fv2%2Ftags&post=2703"}],"curies":[{"name":"wp","href":"https:\/\/api.w.org\/{rel}","templated":true}]}}