{"id":2731,"date":"2014-08-16T10:25:39","date_gmt":"2014-08-16T09:25:39","guid":{"rendered":"http:\/\/www.hamburg-fuer-die-elbe.de\/?p=2731"},"modified":"2015-04-04T18:30:15","modified_gmt":"2015-04-04T17:30:15","slug":"zwischenlager-hafen","status":"publish","type":"post","link":"https:\/\/www.hamburg-fuer-die-elbe.de\/?p=2731","title":{"rendered":"Zwischenlager Hafen"},"content":{"rendered":"<p>In Sachen Atomm\u00fcll- und Transporte \u00fcber den Hamburger Hafen\u00a0hatten wir im Mai 2014 von einem <a href=\"https:\/\/www.hamburg-fuer-die-elbe.de\/?p=1940\" target=\"_blank\">neuen Gesch\u00e4ftsmodell f\u00fcr Hamburg<\/a> berichtet. Es war im Mai bekannt geworden, dass u.a. 9 Container mit &#8220;Yellow Cake&#8221; im Hamburger Hafen zum Weitertransport nach Narbonne in Frankreich angelandet worden waren. In einer weiteren <a href=\"http:\/\/www.buergerschaft-hh.de\/ParlDok\/dokument\/45760\/atom-drehscheibe-hamburg-die-serie-von-sicherheitsm%C3%A4ngeln-bei-atomtransporten-rei%C3%9Ft-nicht-ab.pdf\">schriftlichen kleinen Anfrage aus dem Juli 2014 <\/a>wird bekannt, dass\u00a0mit dem bekannten Atomfrachter &#8220;Sheksna&#8221;\u00a0weitere Fracht im Hamburger Hafen angeliefert und zwischengelagert wurde. In\u00a0der Antwort des Senates zu Frage 7 wird ausdr\u00fccklich angegeben, dass vier Container mit radioaktiver Fracht nur kurze Zeit zwischengelagert und <strong>zum n\u00e4chstm\u00f6glichen Termin mit der Bahn abtransportiert wurden<\/strong>.<\/p>\n<p>Das <a href=\"http:\/\/www.google.de\/url?sa=t&amp;rct=j&amp;q=&amp;esrc=s&amp;source=web&amp;cd=1&amp;cad=rja&amp;uact=8&amp;ved=0CCMQFjAA&amp;url=http%3A%2F%2Fwww.abendblatt.de%2Fhamburg%2Fkommunales%2Farticle131278215%2FSenat-raeumt-Fehler-bei-Atomtransport-im-Hafen-ein.html&amp;ei=o-lJVOrPNIq_PLCegLAP&amp;usg=AFQjCNF2U1ovvtGpgbDg0qCUhW1tw6NVWQ&amp;bvm=bv.77880786,d.ZWU\" target=\"_blank\">Abendblatt berichtet heute von Bemerkenswertem<\/a>. So sind die Container doch nicht abtransportiert worden und werden weiterhin im Hafen am S\u00fcdwest-Terminal zwischengelagert. &#8220;Im Hafen habe der zust\u00e4ndige Mitarbeiter kurzfristig umdisponiert und die Container dabehalten.&#8221;, zitiert das Abendblatt.<\/p>\n<p>Prima denken wir uns. Das Gesch\u00e4ftsmodell &#8220;Atom-Zwischenlager&#8221; ist mittlerweile so ausgereift, das Mitarbeiter dieses im Rahmen ihrer Zust\u00e4ndigkeiten locker entscheiden k\u00f6nnen. Ebenso, wie bei mit Bananen oder Spielzeug bef\u00fcllten Containern.<\/p>\n","protected":false},"excerpt":{"rendered":"<p>In Sachen Atomm\u00fcll- und Transporte \u00fcber den Hamburger Hafen\u00a0hatten wir im Mai 2014 von einem neuen Gesch\u00e4ftsmodell f\u00fcr Hamburg berichtet. Es war im Mai bekannt geworden, dass u.a. 9 Container mit &#8220;Yellow Cake&#8221; im Hamburger Hafen zum Weitertransport nach Narbonne in Frankreich angelandet worden waren. In einer weiteren schriftlichen kleinen Anfrage aus dem Juli 2014 &hellip; <a href=\"https:\/\/www.hamburg-fuer-die-elbe.de\/?p=2731\" class=\"more-link\"><span class=\"screen-reader-text\">Zwischenlager Hafen<\/span> weiterlesen <span class=\"meta-nav\">&rarr;<\/span><\/a><\/p>\n","protected":false},"author":2,"featured_media":0,"comment_status":"closed","ping_status":"closed","sticky":false,"template":"","format":"standard","meta":{"footnotes":""},"categories":[1,152],"tags":[76,75,81,60,178],"_links":{"self":[{"href":"https:\/\/www.hamburg-fuer-die-elbe.de\/index.php?rest_route=\/wp\/v2\/posts\/2731"}],"collection":[{"href":"https:\/\/www.hamburg-fuer-die-elbe.de\/index.php?rest_route=\/wp\/v2\/posts"}],"about":[{"href":"https:\/\/www.hamburg-fuer-die-elbe.de\/index.php?rest_route=\/wp\/v2\/types\/post"}],"author":[{"embeddable":true,"href":"https:\/\/www.hamburg-fuer-die-elbe.de\/index.php?rest_route=\/wp\/v2\/users\/2"}],"replies":[{"embeddable":true,"href":"https:\/\/www.hamburg-fuer-die-elbe.de\/index.php?rest_route=%2Fwp%2Fv2%2Fcomments&post=2731"}],"version-history":[{"count":3,"href":"https:\/\/www.hamburg-fuer-die-elbe.de\/index.php?rest_route=\/wp\/v2\/posts\/2731\/revisions"}],"predecessor-version":[{"id":6012,"href":"https:\/\/www.hamburg-fuer-die-elbe.de\/index.php?rest_route=\/wp\/v2\/posts\/2731\/revisions\/6012"}],"wp:attachment":[{"href":"https:\/\/www.hamburg-fuer-die-elbe.de\/index.php?rest_route=%2Fwp%2Fv2%2Fmedia&parent=2731"}],"wp:term":[{"taxonomy":"category","embeddable":true,"href":"https:\/\/www.hamburg-fuer-die-elbe.de\/index.php?rest_route=%2Fwp%2Fv2%2Fcategories&post=2731"},{"taxonomy":"post_tag","embeddable":true,"href":"https:\/\/www.hamburg-fuer-die-elbe.de\/index.php?rest_route=%2Fwp%2Fv2%2Ftags&post=2731"}],"curies":[{"name":"wp","href":"https:\/\/api.w.org\/{rel}","templated":true}]}}