{"id":2778,"date":"2014-08-29T17:56:00","date_gmt":"2014-08-29T16:56:00","guid":{"rendered":"http:\/\/www.hamburg-fuer-die-elbe.de\/?p=2778"},"modified":"2015-08-31T22:38:26","modified_gmt":"2015-08-31T21:38:26","slug":"kassensturz","status":"publish","type":"post","link":"https:\/\/www.hamburg-fuer-die-elbe.de\/?p=2778","title":{"rendered":"Kassensturz?"},"content":{"rendered":"<p>Wie NDR 90,3 und das <a href=\"http:\/\/www.google.de\/url?sa=t&amp;rct=j&amp;q=&amp;esrc=s&amp;source=web&amp;cd=1&amp;cad=rja&amp;uact=8&amp;ved=0CCUQqQIwAA&amp;url=http%3A%2F%2Fwww.abendblatt.de%2Fhamburg%2Farticle131708112%2FNoch-fehlen-300-Millionen-Euro-fuer-die-Elbvertiefung.html&amp;ei=urYAVLulFNHP4QS1mYHwCw&amp;usg=AFQjCNH6Rqh__Y-nZOleFLeLVYCyobILRQ&amp;bvm=bv.74115972,d.bGE\" target=\"_blank\">Hamburger Abendblatt<\/a> gemeinsam berichten, scheint es im Bundeshaushalt kein Budget f\u00fcr die 9. Elbvertiefung zu geben. Der<a href=\"https:\/\/www.hamburg-fuer-die-elbe.de\/wordpress\/wp-content\/uploads\/2014\/08\/HamburgS\u00fcd1.jpg\" target=\"_blank\"><img loading=\"lazy\" decoding=\"async\" class=\"alignright wp-image-4045 size-medium\" src=\"https:\/\/www.hamburg-fuer-die-elbe.de\/wordpress\/wp-content\/uploads\/2014\/08\/HamburgS\u00fcd1-300x93.jpg\" alt=\"HamburgS\u00fcd\" width=\"300\" height=\"93\" srcset=\"https:\/\/www.hamburg-fuer-die-elbe.de\/wordpress\/wp-content\/uploads\/2014\/08\/HamburgS\u00fcd1-300x93.jpg 300w, https:\/\/www.hamburg-fuer-die-elbe.de\/wordpress\/wp-content\/uploads\/2014\/08\/HamburgS\u00fcd1-1024x320.jpg 1024w, https:\/\/www.hamburg-fuer-die-elbe.de\/wordpress\/wp-content\/uploads\/2014\/08\/HamburgS\u00fcd1-900x281.jpg 900w, https:\/\/www.hamburg-fuer-die-elbe.de\/wordpress\/wp-content\/uploads\/2014\/08\/HamburgS\u00fcd1.jpg 1045w\" sizes=\"(max-width: 300px) 100vw, 300px\" \/><\/a> Hamburger Bundestagsabgeordnete Johannes Kahrs, der zugleich Mitglied des Haushaltsausschusses ist, relativiert diese Aussage im NDR-Gespr\u00e4ch: in 2015 w\u00fcrden aufgrund der Fristen f\u00fcr die\u00a0 europaweite Ausschreibung der Bauauftr\u00e4ge nur geringe Bundesmittel erforderlich sein. Ein Baubeginn w\u00fcrde somit erst im Herbst 2015 m\u00f6glich sein.<\/p>\n<p><strong>Wir fragen uns, was dieser Aufmacher &#8220;Elbvertiefung: Ein Gro\u00dfprojekt ohne Budget&#8221; dieser beiden Medien soll?!<\/strong> Au\u00dferdem wird weder von NDR 90,3 noch vom Abendblatt bemerkt, dass der bislang angegebene Bundesanteil f\u00fcr die Elbvertiefung von 248 Mio. Euro um \u00fcber 50 Mio. Euro auf 300 Mio. Euro angestiegen ist. Noch befremdlicher ist, dass <a href=\"http:\/\/www.ndr.de\/der_ndr\/presse\/mitteilungen\/Hamburg-muss-mit-deutlich-hoeheren-Kosten-fuer-die-geplante-Elbvertiefung-rechnen-als-bislang-angenommen,pressemeldunghh1276.html\" target=\"_blank\">NDR 90,3<\/a> und das <a href=\"http:\/\/www.google.de\/url?sa=t&amp;rct=j&amp;q=&amp;esrc=s&amp;source=web&amp;cd=1&amp;ved=0CCQQqQIwAA&amp;url=http%3A%2F%2Fwww.abendblatt.de%2Fhamburg%2Farticle129731089%2FDie-Elbvertiefung-wird-deutlich-teurer-als-geplant.html&amp;ei=Sqm1U-bHMoyqOriogagK&amp;usg=AFQjCNGEB_39wfIA6_8Ve3UHH8hjLPv2pg&amp;bvm=bv.70138588,d.ZWU&amp;cad=rja\" target=\"_blank\">Abendblatt<\/a>, die die Hamburger Vertiefungskosten noch Anfang Juli 2014 aus einem Interview mit Wirtschaftssenator Horch zwischen 250 bis 300 Mio. Euro sowie die Gesamtkosten mit bis zu 900 Mio. Euro beziffert hatten, jetzt unhinterfragt den Gesamtbetrag von 500 Mio. Euro \u00fcbernehmen.<\/p>\n<p>Den Bogen f\u00fcr diese unsinnigen Beitr\u00e4ge bekommt man, wenn man das Ergebnis des &#8220;<em>gemeinsamen Rechercheprojektes<\/em>&#8221; zwischen Hamburger Abendblatt und NDR 90,3 mit dem Titel &#8220;<a href=\"http:\/\/www.google.de\/url?sa=t&amp;rct=j&amp;q=&amp;esrc=s&amp;source=web&amp;cd=1&amp;cad=rja&amp;uact=8&amp;ved=0CCUQqQIwAA&amp;url=http%3A%2F%2Fwww.abendblatt.de%2Fhamburg%2Farticle131708235%2FWas-der-Hamburger-Hafen-fuer-ganz-Deutschland-leistet.html&amp;ei=TbcAVO_uC6Gm4gSfj4GoBg&amp;usg=AFQjCNHQvvUNfFATG8Bnu2UBy_QePhsInA&amp;bvm=bv.74115972,d.bGE\" target=\"_blank\">Was der Hamburger Hafen f\u00fcr ganz Deutschland leistet<\/a>&#8221; nachliest. F\u00fcr den Bundesverkehrswegeplan 2015 wird in diesen Tagen und Wochen von den Landespolitikern um die Verteilung der Bundesmilliarden gerungen. Die Hamburgischen Interessen sollen nach vorne gebracht werden &#8211; auch wenn Stuttgart und D\u00fcsseldorf doch deutlich n\u00e4her an den ZARA-H\u00e4fen (Zeebrugge, Antwerpen, Rotterdam, Amsterdam) liegen.<\/p>\n<p>Die angef\u00fchrten <a href=\"http:\/\/www.google.de\/url?sa=t&amp;rct=j&amp;q=&amp;esrc=s&amp;source=web&amp;cd=1&amp;ved=0CCMQFjAA&amp;url=http%3A%2F%2Frolf-beu.de%2Fnew%2Fwp-content%2Fuploads%2F2013%2F06%2FHinterlandverkehr_LAG_NRW_WEB.pdf&amp;ei=Q6sAVO-AEazP4QSP1IHYAQ&amp;usg=AFQjCNGKmsMIwTmxk15Gog6DZu4s_UDTWw&amp;bvm=bv.74115972,d.bGE&amp;cad=rja\" target=\"_blank\">NRW-Gr\u00fcnen haben aber f\u00fcr ihr Bundesland gute Argumente<\/a>, die sich inhaltlich nur wenig von den hamburgischen Argumenten unterscheiden. Wie w\u00e4re es denn mit einem europ\u00e4ischen Hafenkonzept?<\/p>\n","protected":false},"excerpt":{"rendered":"<p>Wie NDR 90,3 und das Hamburger Abendblatt gemeinsam berichten, scheint es im Bundeshaushalt kein Budget f\u00fcr die 9. Elbvertiefung zu geben. Der Hamburger Bundestagsabgeordnete Johannes Kahrs, der zugleich Mitglied des Haushaltsausschusses ist, relativiert diese Aussage im NDR-Gespr\u00e4ch: in 2015 w\u00fcrden aufgrund der Fristen f\u00fcr die\u00a0 europaweite Ausschreibung der Bauauftr\u00e4ge nur geringe Bundesmittel erforderlich sein. Ein &hellip; <a href=\"https:\/\/www.hamburg-fuer-die-elbe.de\/?p=2778\" class=\"more-link\"><span class=\"screen-reader-text\">Kassensturz?<\/span> weiterlesen <span class=\"meta-nav\">&rarr;<\/span><\/a><\/p>\n","protected":false},"author":2,"featured_media":0,"comment_status":"closed","ping_status":"closed","sticky":false,"template":"","format":"standard","meta":{"footnotes":""},"categories":[1],"tags":[154,181,54],"_links":{"self":[{"href":"https:\/\/www.hamburg-fuer-die-elbe.de\/index.php?rest_route=\/wp\/v2\/posts\/2778"}],"collection":[{"href":"https:\/\/www.hamburg-fuer-die-elbe.de\/index.php?rest_route=\/wp\/v2\/posts"}],"about":[{"href":"https:\/\/www.hamburg-fuer-die-elbe.de\/index.php?rest_route=\/wp\/v2\/types\/post"}],"author":[{"embeddable":true,"href":"https:\/\/www.hamburg-fuer-die-elbe.de\/index.php?rest_route=\/wp\/v2\/users\/2"}],"replies":[{"embeddable":true,"href":"https:\/\/www.hamburg-fuer-die-elbe.de\/index.php?rest_route=%2Fwp%2Fv2%2Fcomments&post=2778"}],"version-history":[{"count":10,"href":"https:\/\/www.hamburg-fuer-die-elbe.de\/index.php?rest_route=\/wp\/v2\/posts\/2778\/revisions"}],"predecessor-version":[{"id":7510,"href":"https:\/\/www.hamburg-fuer-die-elbe.de\/index.php?rest_route=\/wp\/v2\/posts\/2778\/revisions\/7510"}],"wp:attachment":[{"href":"https:\/\/www.hamburg-fuer-die-elbe.de\/index.php?rest_route=%2Fwp%2Fv2%2Fmedia&parent=2778"}],"wp:term":[{"taxonomy":"category","embeddable":true,"href":"https:\/\/www.hamburg-fuer-die-elbe.de\/index.php?rest_route=%2Fwp%2Fv2%2Fcategories&post=2778"},{"taxonomy":"post_tag","embeddable":true,"href":"https:\/\/www.hamburg-fuer-die-elbe.de\/index.php?rest_route=%2Fwp%2Fv2%2Ftags&post=2778"}],"curies":[{"name":"wp","href":"https:\/\/api.w.org\/{rel}","templated":true}]}}