{"id":2815,"date":"2014-09-03T19:56:15","date_gmt":"2014-09-03T18:56:15","guid":{"rendered":"http:\/\/www.hamburg-fuer-die-elbe.de\/?p=2815"},"modified":"2014-11-17T08:02:37","modified_gmt":"2014-11-17T07:02:37","slug":"2m-startet-bei-us-kartellbehoerde","status":"publish","type":"post","link":"https:\/\/www.hamburg-fuer-die-elbe.de\/?p=2815","title":{"rendered":"2M startet bei US-Kartellbeh\u00f6rde"},"content":{"rendered":"<p>Die <a href=\"http:\/\/www.google.de\/url?sa=t&amp;rct=j&amp;q=&amp;esrc=s&amp;source=web&amp;cd=2&amp;cad=rja&amp;uact=8&amp;ved=0CCkQFjAB&amp;url=http%3A%2F%2Fwww.dvz.de%2Frubriken%2Fseefracht%2Fsingle-view%2Fnachricht%2Fmaersk-und-msc-melden-2m-allianz-bei-der-fmc-an.html&amp;ei=7WUHVJOxDKLmyQP794KoDg&amp;usg=AFQjCNFylz5QGkK_mPL2rGmybm4A1DUSzA&amp;bvm=bv.74115972,d.bGQ\" target=\"_blank\">DVZ meldet in einer d\u00fcrren Kurzinfo<\/a>, dass Maersk und MSC bei der FMC ihre <a title=\"Aus P3 wird 2M\" href=\"https:\/\/www.hamburg-fuer-die-elbe.de\/?p=2328\" target=\"_blank\">2M-Allianz<\/a> bei der US-amerikanischen Wettbewerbsbeh\u00f6rde FMC angemeldet haben. Beachtlich ist in <a href=\"https:\/\/www.hamburg-fuer-die-elbe.de\/wordpress\/wp-content\/uploads\/2014\/09\/Maersk1.jpg\" target=\"_blank\"><img loading=\"lazy\" decoding=\"async\" class=\"alignright wp-image-4018 size-medium\" src=\"https:\/\/www.hamburg-fuer-die-elbe.de\/wordpress\/wp-content\/uploads\/2014\/09\/Maersk1-300x277.jpg\" alt=\"Maersk\" width=\"300\" height=\"277\" srcset=\"https:\/\/www.hamburg-fuer-die-elbe.de\/wordpress\/wp-content\/uploads\/2014\/09\/Maersk1-300x277.jpg 300w, https:\/\/www.hamburg-fuer-die-elbe.de\/wordpress\/wp-content\/uploads\/2014\/09\/Maersk1.jpg 789w\" sizes=\"(max-width: 300px) 100vw, 300px\" \/><\/a>dieser Kurzinfo die Aussage des Maersk CEO Andersen, dass f\u00fcr die neue 2M-Allianz die Kartellbeh\u00f6rden in China und Europa nicht zustimmen m\u00fcssten. Auf der <a href=\"http:\/\/www.fmc.gov\/\" target=\"_blank\">FMC-Internetseite <\/a>ist \u00fcber das neue Antragsverfahren bislang nichts zu finden.<\/p>\n<p>In der <a href=\"http:\/\/www.google.de\/url?sa=t&amp;rct=j&amp;q=&amp;esrc=s&amp;source=web&amp;cd=1&amp;cad=rja&amp;uact=8&amp;ved=0CCgQqQIwAA&amp;url=http%3A%2F%2Fonline.wsj.com%2Farticles%2Fu-s-to-consult-chinese-regulators-on-maersk-and-msc-alliance-1409675435&amp;ei=S2YHVLvEJcThywPGh4HIDQ&amp;usg=AFQjCNF_PNFQbGbSifJyQyf6QH4Nt9Wqig&amp;bvm=bv.74115972,d.bGQ\" target=\"_blank\">englischsprachigen WSJ \u00e4u\u00dfert sich FMC-Commissioner Doyle<\/a> zu dem Fortgang des Verfahrens. Er scheint eine enge Abstimmung mit den chinesischen Kartellbeh\u00f6rden anzustreben. Die n\u00e4chsten 45 Tage bis zur FMC-Entscheidung scheinen &#8211; auch f\u00fcr Hamburg &#8211; spannend zu werden.<\/p>\n","protected":false},"excerpt":{"rendered":"<p>Die DVZ meldet in einer d\u00fcrren Kurzinfo, dass Maersk und MSC bei der FMC ihre 2M-Allianz bei der US-amerikanischen Wettbewerbsbeh\u00f6rde FMC angemeldet haben. Beachtlich ist in dieser Kurzinfo die Aussage des Maersk CEO Andersen, dass f\u00fcr die neue 2M-Allianz die Kartellbeh\u00f6rden in China und Europa nicht zustimmen m\u00fcssten. Auf der FMC-Internetseite ist \u00fcber das neue &hellip; <a href=\"https:\/\/www.hamburg-fuer-die-elbe.de\/?p=2815\" class=\"more-link\"><span class=\"screen-reader-text\">2M startet bei US-Kartellbeh\u00f6rde<\/span> weiterlesen <span class=\"meta-nav\">&rarr;<\/span><\/a><\/p>\n","protected":false},"author":2,"featured_media":0,"comment_status":"closed","ping_status":"closed","sticky":false,"template":"","format":"standard","meta":{"footnotes":""},"categories":[1],"tags":[157,72,59,140],"_links":{"self":[{"href":"https:\/\/www.hamburg-fuer-die-elbe.de\/index.php?rest_route=\/wp\/v2\/posts\/2815"}],"collection":[{"href":"https:\/\/www.hamburg-fuer-die-elbe.de\/index.php?rest_route=\/wp\/v2\/posts"}],"about":[{"href":"https:\/\/www.hamburg-fuer-die-elbe.de\/index.php?rest_route=\/wp\/v2\/types\/post"}],"author":[{"embeddable":true,"href":"https:\/\/www.hamburg-fuer-die-elbe.de\/index.php?rest_route=\/wp\/v2\/users\/2"}],"replies":[{"embeddable":true,"href":"https:\/\/www.hamburg-fuer-die-elbe.de\/index.php?rest_route=%2Fwp%2Fv2%2Fcomments&post=2815"}],"version-history":[{"count":6,"href":"https:\/\/www.hamburg-fuer-die-elbe.de\/index.php?rest_route=\/wp\/v2\/posts\/2815\/revisions"}],"predecessor-version":[{"id":4019,"href":"https:\/\/www.hamburg-fuer-die-elbe.de\/index.php?rest_route=\/wp\/v2\/posts\/2815\/revisions\/4019"}],"wp:attachment":[{"href":"https:\/\/www.hamburg-fuer-die-elbe.de\/index.php?rest_route=%2Fwp%2Fv2%2Fmedia&parent=2815"}],"wp:term":[{"taxonomy":"category","embeddable":true,"href":"https:\/\/www.hamburg-fuer-die-elbe.de\/index.php?rest_route=%2Fwp%2Fv2%2Fcategories&post=2815"},{"taxonomy":"post_tag","embeddable":true,"href":"https:\/\/www.hamburg-fuer-die-elbe.de\/index.php?rest_route=%2Fwp%2Fv2%2Ftags&post=2815"}],"curies":[{"name":"wp","href":"https:\/\/api.w.org\/{rel}","templated":true}]}}