{"id":2945,"date":"2014-09-13T15:19:10","date_gmt":"2014-09-13T14:19:10","guid":{"rendered":"http:\/\/www.hamburg-fuer-die-elbe.de\/?p=2945"},"modified":"2016-12-23T10:22:41","modified_gmt":"2016-12-23T08:22:41","slug":"eu-kommission-zu-hapag-lloydcsav","status":"publish","type":"post","link":"https:\/\/www.hamburg-fuer-die-elbe.de\/?p=2945","title":{"rendered":"EU-Kommission zu Hapag-Lloyd\/CSAV"},"content":{"rendered":"<p>Die EU-Kommission hat ihre Entscheidung zur geplanten Fusion von Hapag-Lloyd und CSAV ver\u00f6ffentlicht. Die <a href=\"http:\/\/europa.eu\/rapid\/press-release_IP-14-998_de.pdf\" target=\"_blank\">Pressemitteilung der EU-Kommission s<\/a><a href=\"https:\/\/www.hamburg-fuer-die-elbe.de\/wordpress\/wp-content\/uploads\/2014\/09\/CSAV.jpg\"><img loading=\"lazy\" decoding=\"async\" class=\"size-medium wp-image-2952 alignright\" alt=\"CSAV\" src=\"https:\/\/www.hamburg-fuer-die-elbe.de\/wordpress\/wp-content\/uploads\/2014\/09\/CSAV-300x166.jpg\" width=\"300\" height=\"166\" srcset=\"https:\/\/www.hamburg-fuer-die-elbe.de\/wordpress\/wp-content\/uploads\/2014\/09\/CSAV-300x166.jpg 300w, https:\/\/www.hamburg-fuer-die-elbe.de\/wordpress\/wp-content\/uploads\/2014\/09\/CSAV-1024x567.jpg 1024w, https:\/\/www.hamburg-fuer-die-elbe.de\/wordpress\/wp-content\/uploads\/2014\/09\/CSAV-900x498.jpg 900w, https:\/\/www.hamburg-fuer-die-elbe.de\/wordpress\/wp-content\/uploads\/2014\/09\/CSAV.jpg 2003w\" sizes=\"(max-width: 300px) 100vw, 300px\" \/><\/a><a href=\"http:\/\/europa.eu\/rapid\/press-release_IP-14-998_de.pdf\" target=\"_blank\">amt der Auflagen <\/a>enth\u00e4lt f\u00fcr den Laien gute Erkl\u00e4rungen zur Arbeit von Reedereiallianzen bzw. Konsortien. Man wird \u00fcberrascht, mit welchen bekannten anderen Reedereien Hapag-Lloyd und CSAV bislang auf bestimmten Routen zusammengearbeitet haben.<\/p>\n<p>Die <a href=\"https:\/\/www.hapag-lloyd.de\/downloads\/press_and_media\/press_releases\/Press_Release_2014_09_11_de.pdf\" target=\"_blank\">Pressemitteilung von Hapag-Lloyd<\/a> begr\u00fc\u00dft die Entscheidung der EU-Kommission und verliert kein Wort zu den Auswirkungen der Auflagen der EU-Kommission.<\/p>\n<p>Unterdessen berichtet <a href=\"http:\/\/www.google.de\/url?sa=t&amp;rct=j&amp;q=&amp;esrc=s&amp;source=web&amp;cd=1&amp;ved=0CCMQFjAA&amp;url=http%3A%2F%2Fwww.wsj.de%2Farticle%2FSB10001424052970204398304580147484027663008.html&amp;ei=yU8UVOaJFKiCzAOHvIHoDQ&amp;usg=AFQjCNE0Ee0aatS-L43mNKH_abkTVMsjyg&amp;bvm=bv.75097201,d.bGQ&amp;cad=rja\" target=\"_blank\">WSJ, dass Maersk und MSC in Gespr\u00e4che mit der FMC<\/a> eingetreten sind, um die Gr\u00fcndung der geplanten 2M-Allianz zu beschleunigen. &#8220;Ich kann nicht sehen, wie die FMC die 2M-Allianz ablehnen kann, weil sie kleiner ist als P3&#8221;, sagte Lars Jensen, CEO der in Kopenhagen ans\u00e4ssigen Marktforschers SeaIntel Maritime Analysis. &#8220;Aber nach der Ablehnung durch die Chinesen werden diejenigen bei der FMC mehr geh\u00f6rt, die auf den zweiten Blick Bedenken wegen dieser Allianzen haben und 2M will reinen Tisch machen&#8221;.<\/p>\n","protected":false},"excerpt":{"rendered":"<p>Die EU-Kommission hat ihre Entscheidung zur geplanten Fusion von Hapag-Lloyd und CSAV ver\u00f6ffentlicht. Die Pressemitteilung der EU-Kommission samt der Auflagen enth\u00e4lt f\u00fcr den Laien gute Erkl\u00e4rungen zur Arbeit von Reedereiallianzen bzw. Konsortien. Man wird \u00fcberrascht, mit welchen bekannten anderen Reedereien Hapag-Lloyd und CSAV bislang auf bestimmten Routen zusammengearbeitet haben. Die Pressemitteilung von Hapag-Lloyd begr\u00fc\u00dft die &hellip; <a href=\"https:\/\/www.hamburg-fuer-die-elbe.de\/?p=2945\" class=\"more-link\"><span class=\"screen-reader-text\">EU-Kommission zu Hapag-Lloyd\/CSAV<\/span> weiterlesen <span class=\"meta-nav\">&rarr;<\/span><\/a><\/p>\n","protected":false},"author":2,"featured_media":0,"comment_status":"closed","ping_status":"closed","sticky":false,"template":"","format":"standard","meta":{"footnotes":""},"categories":[1,129],"tags":[63,27],"_links":{"self":[{"href":"https:\/\/www.hamburg-fuer-die-elbe.de\/index.php?rest_route=\/wp\/v2\/posts\/2945"}],"collection":[{"href":"https:\/\/www.hamburg-fuer-die-elbe.de\/index.php?rest_route=\/wp\/v2\/posts"}],"about":[{"href":"https:\/\/www.hamburg-fuer-die-elbe.de\/index.php?rest_route=\/wp\/v2\/types\/post"}],"author":[{"embeddable":true,"href":"https:\/\/www.hamburg-fuer-die-elbe.de\/index.php?rest_route=\/wp\/v2\/users\/2"}],"replies":[{"embeddable":true,"href":"https:\/\/www.hamburg-fuer-die-elbe.de\/index.php?rest_route=%2Fwp%2Fv2%2Fcomments&post=2945"}],"version-history":[{"count":4,"href":"https:\/\/www.hamburg-fuer-die-elbe.de\/index.php?rest_route=\/wp\/v2\/posts\/2945\/revisions"}],"predecessor-version":[{"id":11032,"href":"https:\/\/www.hamburg-fuer-die-elbe.de\/index.php?rest_route=\/wp\/v2\/posts\/2945\/revisions\/11032"}],"wp:attachment":[{"href":"https:\/\/www.hamburg-fuer-die-elbe.de\/index.php?rest_route=%2Fwp%2Fv2%2Fmedia&parent=2945"}],"wp:term":[{"taxonomy":"category","embeddable":true,"href":"https:\/\/www.hamburg-fuer-die-elbe.de\/index.php?rest_route=%2Fwp%2Fv2%2Fcategories&post=2945"},{"taxonomy":"post_tag","embeddable":true,"href":"https:\/\/www.hamburg-fuer-die-elbe.de\/index.php?rest_route=%2Fwp%2Fv2%2Ftags&post=2945"}],"curies":[{"name":"wp","href":"https:\/\/api.w.org\/{rel}","templated":true}]}}