{"id":3171,"date":"2014-09-25T20:13:17","date_gmt":"2014-09-25T19:13:17","guid":{"rendered":"http:\/\/www.hamburg-fuer-die-elbe.de\/?p=3171"},"modified":"2015-04-04T18:28:20","modified_gmt":"2015-04-04T17:28:20","slug":"hpa-beihilfen-und-eu-fragen","status":"publish","type":"post","link":"https:\/\/www.hamburg-fuer-die-elbe.de\/?p=3171","title":{"rendered":"HPA-Beihilfen und EU-Fragen"},"content":{"rendered":"<p>Ende August wurde in der B\u00fcrgerschaft eine Gro\u00dfe Anfrage zu den EU-Fragen bez\u00fcglich der HPA-Beihilfen gestellt &#8211; <a href=\"https:\/\/www.hamburg-fuer-die-elbe.de\/?p=2764\" target=\"_blank\">wir berichteten<\/a>.<\/p>\n<p>Nun sind die <a href=\"https:\/\/www.buergerschaft-hh.de\/ParlDok\/dokument\/46137\/eu-beihilfen-%E2%80%93-fragen-der-eu-kommission-zur-hpa.pdf\" target=\"_blank\" class=\"broken_link\">Antworten nach einem Monat<\/a> ver\u00f6ffentlicht worden. Sie <a href=\"https:\/\/www.hamburg-fuer-die-elbe.de\/wordpress\/wp-content\/uploads\/2014\/08\/HPA.jpg\" target=\"_blank\"><img loading=\"lazy\" decoding=\"async\" class=\"size-medium wp-image-2765 alignleft\" src=\"https:\/\/www.hamburg-fuer-die-elbe.de\/wordpress\/wp-content\/uploads\/2014\/08\/HPA-300x71.jpg\" alt=\"HPA\" width=\"300\" height=\"71\" srcset=\"https:\/\/www.hamburg-fuer-die-elbe.de\/wordpress\/wp-content\/uploads\/2014\/08\/HPA-300x71.jpg 300w, https:\/\/www.hamburg-fuer-die-elbe.de\/wordpress\/wp-content\/uploads\/2014\/08\/HPA-1024x245.jpg 1024w, https:\/\/www.hamburg-fuer-die-elbe.de\/wordpress\/wp-content\/uploads\/2014\/08\/HPA-900x215.jpg 900w, https:\/\/www.hamburg-fuer-die-elbe.de\/wordpress\/wp-content\/uploads\/2014\/08\/HPA.jpg 1305w\" sizes=\"(max-width: 300px) 100vw, 300px\" \/><\/a>\u00fcbertreffen unsere Erwartungen. Dass der Senat f\u00fcrs &#8220;Nichtssagen&#8221; einen Monat braucht, ist bereits befremdlich. Viel schwerer wiegt jedoch der Aspekt, dass er mit seinen sp\u00e4rlichsten Antworten das schwerwiegende parlamentarische und demokratische Instrument der Gro\u00dfen Anfrage praktisch deklassiert &#8211; au\u00dfer Kraft setzt.<\/p>\n<p>Wenn der Senat derart antwortet, dann muss an dem <a href=\"https:\/\/www.hamburg-fuer-die-elbe.de\/?p=1470\" target=\"_blank\">EU-Beihilfeverfahren <\/a>zur H\u00e4fen-Beihilfen-Thematik f\u00fcr Hamburg richtig was dran sein. Bei einer derartigen Antwort erwarten wir wahre Abgr\u00fcnde.<\/p>\n","protected":false},"excerpt":{"rendered":"<p>Ende August wurde in der B\u00fcrgerschaft eine Gro\u00dfe Anfrage zu den EU-Fragen bez\u00fcglich der HPA-Beihilfen gestellt &#8211; wir berichteten. Nun sind die Antworten nach einem Monat ver\u00f6ffentlicht worden. Sie \u00fcbertreffen unsere Erwartungen. Dass der Senat f\u00fcrs &#8220;Nichtssagen&#8221; einen Monat braucht, ist bereits befremdlich. Viel schwerer wiegt jedoch der Aspekt, dass er mit seinen sp\u00e4rlichsten Antworten &hellip; <a href=\"https:\/\/www.hamburg-fuer-die-elbe.de\/?p=3171\" class=\"more-link\"><span class=\"screen-reader-text\">HPA-Beihilfen und EU-Fragen<\/span> weiterlesen <span class=\"meta-nav\">&rarr;<\/span><\/a><\/p>\n","protected":false},"author":2,"featured_media":0,"comment_status":"closed","ping_status":"closed","sticky":false,"template":"","format":"standard","meta":{"footnotes":""},"categories":[1,10],"tags":[192,64,13],"_links":{"self":[{"href":"https:\/\/www.hamburg-fuer-die-elbe.de\/index.php?rest_route=\/wp\/v2\/posts\/3171"}],"collection":[{"href":"https:\/\/www.hamburg-fuer-die-elbe.de\/index.php?rest_route=\/wp\/v2\/posts"}],"about":[{"href":"https:\/\/www.hamburg-fuer-die-elbe.de\/index.php?rest_route=\/wp\/v2\/types\/post"}],"author":[{"embeddable":true,"href":"https:\/\/www.hamburg-fuer-die-elbe.de\/index.php?rest_route=\/wp\/v2\/users\/2"}],"replies":[{"embeddable":true,"href":"https:\/\/www.hamburg-fuer-die-elbe.de\/index.php?rest_route=%2Fwp%2Fv2%2Fcomments&post=3171"}],"version-history":[{"count":6,"href":"https:\/\/www.hamburg-fuer-die-elbe.de\/index.php?rest_route=\/wp\/v2\/posts\/3171\/revisions"}],"predecessor-version":[{"id":6010,"href":"https:\/\/www.hamburg-fuer-die-elbe.de\/index.php?rest_route=\/wp\/v2\/posts\/3171\/revisions\/6010"}],"wp:attachment":[{"href":"https:\/\/www.hamburg-fuer-die-elbe.de\/index.php?rest_route=%2Fwp%2Fv2%2Fmedia&parent=3171"}],"wp:term":[{"taxonomy":"category","embeddable":true,"href":"https:\/\/www.hamburg-fuer-die-elbe.de\/index.php?rest_route=%2Fwp%2Fv2%2Fcategories&post=3171"},{"taxonomy":"post_tag","embeddable":true,"href":"https:\/\/www.hamburg-fuer-die-elbe.de\/index.php?rest_route=%2Fwp%2Fv2%2Ftags&post=3171"}],"curies":[{"name":"wp","href":"https:\/\/api.w.org\/{rel}","templated":true}]}}