{"id":3220,"date":"2014-10-04T20:06:57","date_gmt":"2014-10-04T19:06:57","guid":{"rendered":"http:\/\/www.hamburg-fuer-die-elbe.de\/?p=3220"},"modified":"2016-09-14T08:05:44","modified_gmt":"2016-09-14T07:05:44","slug":"nachlese-zum-aussetzungsbeschluss","status":"publish","type":"post","link":"https:\/\/www.hamburg-fuer-die-elbe.de\/?p=3220","title":{"rendered":"Erste Nachlese zu Leipzig"},"content":{"rendered":"<p><a href=\"https:\/\/www.hamburg-fuer-die-elbe.de\/wordpress\/wp-content\/uploads\/2014\/10\/BVerwGLeipzig5.jpg\" target=\"_blank\"><img loading=\"lazy\" decoding=\"async\" class=\"alignright wp-image-3912 size-medium\" src=\"https:\/\/www.hamburg-fuer-die-elbe.de\/wordpress\/wp-content\/uploads\/2014\/10\/BVerwGLeipzig5-300x225.jpg\" alt=\"BVerwGLeipzig5\" width=\"300\" height=\"225\" srcset=\"https:\/\/www.hamburg-fuer-die-elbe.de\/wordpress\/wp-content\/uploads\/2014\/10\/BVerwGLeipzig5-300x225.jpg 300w, https:\/\/www.hamburg-fuer-die-elbe.de\/wordpress\/wp-content\/uploads\/2014\/10\/BVerwGLeipzig5-1024x768.jpg 1024w, https:\/\/www.hamburg-fuer-die-elbe.de\/wordpress\/wp-content\/uploads\/2014\/10\/BVerwGLeipzig5-900x675.jpg 900w\" sizes=\"(max-width: 300px) 100vw, 300px\" \/><\/a>Nach der Entscheidung des Bundesverwaltungsgerichtes in Leipzig vom 02.10.2014, das Verfahren zur Elbvertiefung bis zur Entscheidung des EuGH in Luxemburg in Sachen WRRL zur Weservertiefung auszusetzen, liegen nun viele Berichte, Kommentare der Medien und Pressemitteilungen der Politik, B\u00fcrgerinitiativen und Verb\u00e4nde vor. Im Folgenden haben wir Ihnen eine \u00dcbersicht von frei zug\u00e4nglichen Artikeln und Pressemitteilungen bereitgestellt, die wir mit kurzen inhaltlichen Kommentierungen versehen haben. Im Anschluss an die Medienberichte stellen wir Ihnen einige Pressenmitteilung zur Verf\u00fcgung.<\/p>\n<p><strong>Medienberichte<\/strong><\/p>\n<ul>\n<li>Die Welt, &#8220;<a href=\"https:\/\/www.welt.de\/regionales\/hamburg\/article132848666\/Bundesverwaltungsgericht-vertagt-Entscheidung-ueber-Elbvertiefung.html\" target=\"_blank\">Bundesverwaltungsgericht vertagt Entscheidung \u00fcber Elbvertiefung<\/a>&#8221; &#8211; eine der ersten Nachrichten zur Entscheidung.<\/li>\n<li>Hamburger Abendblatt,&#8221;<a href=\"http:\/\/www.abendblatt.de\/wirtschaft\/article132837141\/Elbvertiefung-der-Tag-der-Entscheidung.html\" target=\"_blank\">Elbvertiefung-der Tag der Entscheidung<\/a>&#8220;, hier kann man lesen, mit welchem Ergebnis die Bef\u00fcrworter der Vertiefung gerechnet haben. Noch am Morgen vor dem Gerichtstermin titelte das Abendblatt von einer &#8220;<a href=\"http:\/\/www.abendblatt.de\/themen\/elbvertiefung\/\" target=\"_blank\">Jahrhundertentscheidung<\/a>&#8220;,<br \/>\n&#8220;<a href=\"http:\/\/www.google.de\/url?sa=t&amp;rct=j&amp;q=&amp;esrc=s&amp;source=web&amp;cd=3&amp;ved=0CDMQqQIwAg&amp;url=http%3A%2F%2Fwww.abendblatt.de%2Fwirtschaft%2Farticle132866809%2FHamburger-Senat-enttaeuscht-ueber-Beschluss-zur-Elbvertiefung.html&amp;ei=1T4wVNLYCcHUOaD-gJAB&amp;usg=AFQjCNHfeuvqmHmoOz1FSMsGUTgdHY1S-Q&amp;bvm=bv.76802529,d.ZWU&amp;cad=rja\" target=\"_blank\">Reaktionen: Richterspruch setzt Hamburger Senat unter Druck<\/a>&#8221; mit den Reaktionen von Hamburg B\u00fcrgermeister Olaf Scholz und Wirtschaftssenator Frank Horch.<br \/>\n&#8220;<a href=\"http:\/\/www.abendblatt.de\/wirtschaft\/article132854014\/Das-ist-ein-schwarzer-Tag-fuer-Hamburg.html\" target=\"_blank\">Das ist ein schwarzer Tag f\u00fcr Hamburg<\/a>&#8221; und &#8220;<a href=\"http:\/\/www.google.de\/url?sa=t&amp;rct=j&amp;q=&amp;esrc=s&amp;source=web&amp;cd=1&amp;cad=rja&amp;uact=8&amp;ved=0CCUQqQIwAA&amp;url=http%3A%2F%2Fwww.abendblatt.de%2Fhamburg%2Farticle132904285%2FWas-wird-aus-dem-Hamburger-Hafen.html&amp;ei=xUYwVImBJsjNOJm8gDg&amp;usg=AFQjCNFleor49OKWG5TMioZkUcISqngP7Q&amp;bvm=bv.76802529,d.ZWU\" target=\"_blank\">Was wird aus dem Hamburger Hafen?<\/a>&#8221; zwei deutliche Kommentierungen zur\u00a0Hamburger Arroganz und den Pfuschereien der Planer der Elbvertiefung.<\/li>\n<li>TAZ, 02.10.2014, &#8220;<a href=\"http:\/\/www.taz.de\/Bundesverwaltungsgerichts-Beschluss\/!5031914\/\" target=\"_blank\">Elbvertiefung muss warten<\/a>&#8220;, eine kurze Zusammenfassung der Hintergr\u00fcnde zum Gerichtsentscheid.<\/li>\n<li>NDR-Info, Kommentar &#8220;Die H\u00e4fen im Norden m\u00fcssen kooperieren&#8221;, ein knackiger Kommentar mit Schlussfolgerungen f\u00fcr eine Hafenkooperation.<\/li>\n<li>Gerne verweisen wir auf die Kolumne der Niederelbe-Zeitung &#8220;Hamburg sollte die Wartezeit gut nutzen&#8221; von Ulrich Rohde und den Kommentar &#8220;Die Leipziger Ohrfeige&#8221; von Wolfgang Stephan, die wir Ihnen leider nicht Online bereits stellen k\u00f6nnen.<\/li>\n<\/ul>\n<p><strong>Pressemitteilungen<\/strong><\/p>\n<ul>\n<li>Hamburger Beh\u00f6rde f\u00fcr Wirtschaft, Verkehr und Innovation, &#8220;<a href=\"http:\/\/www.hamburg.de\/pressearchiv-fhh\/4383016\/2014-10-02-urteil-elbvertiefung\/\" target=\"_blank\">Gericht will Entscheidung des EuGH zur Wasserrahmenrichtlinie im Verfahren \u00fcber den Ausbau der Weser abwarten<\/a>&#8220;<\/li>\n<li><a href=\"http:\/\/bund-hamburg.bund.net\/nc\/presse\/pressemitteilungen_hamburg\/detail\/artikel\/gericht-beanstandet-elbvertiefung\/?tx_ttnews[backPid]=4655&amp;cHash=35bdba3eba9fc58bd69453f2d7ef06bd\" target=\"_blank\" class=\"broken_link\">BUND Hamburg<\/a> und NABU Hamburg, mit jeweils der gleichen Pressemitteilung &#8220;<a href=\"https:\/\/hamburg.nabu.de\/umwelt-und-ressourcen\/elbvertiefung\/aktuelles.html\" target=\"_blank\">Gericht beanstandet Elbvertiefung<\/a>&#8220;<\/li>\n<li>Regionales B\u00fcndnis gegen die Elbvertiefung, &#8220;<a href=\"https:\/\/www.hamburg-fuer-die-elbe.de\/?attachment_id=8808\" rel=\"attachment wp-att-8808\">Krokodilstr\u00e4nen in Hamburg<\/a>&#8220;<\/li>\n<li>Hafen Hamburg Marketing e.V., &#8220;<a href=\"https:\/\/www.hafen-hamburg.de\/de\/news\/entscheidung-zur-fahrrinnenanpassung-der-unter-und-aussenelbe-verzoegert-sich---31814\" target=\"_blank\">Statements der Hafen Hamburg Marketing Vorst\u00e4nde Axel Mattern und Ingo Egloff zur heutigen Entscheidung des Bundesverwaltungsgerichts<\/a>&#8220;<\/li>\n<li>Nieders\u00e4chsisches Umweltministerium, &#8220;<a href=\"https:\/\/www.google.de\/url?sa=t&amp;rct=j&amp;q=&amp;esrc=s&amp;source=web&amp;cd=1&amp;cad=rja&amp;uact=8&amp;ved=0ahUKEwjfz-eYqerLAhUIng4KHceQBoMQFggkMAA&amp;url=http%3A%2F%2Fwww.landtag-niedersachsen.de%2Fdrucksachen%2Fdrucksachen_16_2500%2F1001-1500%2F16-1180.pdf&amp;usg=AFQjCNH6x9fN9AeAdrXQwfEKg1NlUXywZA\" target=\"_blank\">Elbvertiefung &#8211; Chance auf Entscheidung im Sinne von Umwelt und Naturschutz steigt<\/a>&#8220;<\/li>\n<li>SPD Hamburg, &#8220;<a href=\"http:\/\/www.spd-hamburg.de\/124134\/elbvertiefung.html\" target=\"_blank\">Bundesverwaltungsgericht hebt Planfeststellungsbeschluss zur Elbvertiefung nicht auf<\/a>&#8220;. Bei dieser Pressemitteilung von dem SPD-Fraktionschef, Herrn Andreas Dressel, m\u00f6chten wir auf einen neuen Beitrag bei ZEIT-Online von Herrn Frank Drieschner hinweisen: &#8220;Warten auf die Weser&#8221;. Frank Drieschner? Ja, das war die Konifere, die so <a title=\"Entladen von Ignoranz\" href=\"https:\/\/www.hamburg-fuer-die-elbe.de\/?p=3182\" target=\"_blank\">kompetent auf die fehlende Umweltkompetenz<\/a> der Umweltverb\u00e4nde hingewiesen hatte. Vergleichen Sie doch mal den letzten Satz der SPD-Pressemitteilung mit Herrn Drieschners Artikel.<\/li>\n<li>CDU Hamburg, &#8220;<a href=\"http:\/\/www.cdu-hamburg.de\/presse\/pressemitteilungen\/detail\/artikel\/gestoppte-elbvertiefung-ist-schwerer-schlag-fuer-hamburg-olaf-scholz-ist-den-eigenen-massstaeben.html\" target=\"_blank\">Gestoppte Elbvertiefung ist schwerer Schlag f\u00fcr Hamburg \u2013 Olaf Scholz ist den eigenen Ma\u00dfst\u00e4ben nicht gerecht geworden<\/a>&#8220;<\/li>\n<\/ul>\n","protected":false},"excerpt":{"rendered":"<p>Nach der Entscheidung des Bundesverwaltungsgerichtes in Leipzig vom 02.10.2014, das Verfahren zur Elbvertiefung bis zur Entscheidung des EuGH in Luxemburg in Sachen WRRL zur Weservertiefung auszusetzen, liegen nun viele Berichte, Kommentare der Medien und Pressemitteilungen der Politik, B\u00fcrgerinitiativen und Verb\u00e4nde vor. Im Folgenden haben wir Ihnen eine \u00dcbersicht von frei zug\u00e4nglichen Artikeln und Pressemitteilungen bereitgestellt, &hellip; <a href=\"https:\/\/www.hamburg-fuer-die-elbe.de\/?p=3220\" class=\"more-link\"><span class=\"screen-reader-text\">Erste Nachlese zu Leipzig<\/span> weiterlesen <span class=\"meta-nav\">&rarr;<\/span><\/a><\/p>\n","protected":false},"author":2,"featured_media":0,"comment_status":"closed","ping_status":"closed","sticky":false,"template":"","format":"standard","meta":{"footnotes":""},"categories":[1,138],"tags":[44],"_links":{"self":[{"href":"https:\/\/www.hamburg-fuer-die-elbe.de\/index.php?rest_route=\/wp\/v2\/posts\/3220"}],"collection":[{"href":"https:\/\/www.hamburg-fuer-die-elbe.de\/index.php?rest_route=\/wp\/v2\/posts"}],"about":[{"href":"https:\/\/www.hamburg-fuer-die-elbe.de\/index.php?rest_route=\/wp\/v2\/types\/post"}],"author":[{"embeddable":true,"href":"https:\/\/www.hamburg-fuer-die-elbe.de\/index.php?rest_route=\/wp\/v2\/users\/2"}],"replies":[{"embeddable":true,"href":"https:\/\/www.hamburg-fuer-die-elbe.de\/index.php?rest_route=%2Fwp%2Fv2%2Fcomments&post=3220"}],"version-history":[{"count":26,"href":"https:\/\/www.hamburg-fuer-die-elbe.de\/index.php?rest_route=\/wp\/v2\/posts\/3220\/revisions"}],"predecessor-version":[{"id":10412,"href":"https:\/\/www.hamburg-fuer-die-elbe.de\/index.php?rest_route=\/wp\/v2\/posts\/3220\/revisions\/10412"}],"wp:attachment":[{"href":"https:\/\/www.hamburg-fuer-die-elbe.de\/index.php?rest_route=%2Fwp%2Fv2%2Fmedia&parent=3220"}],"wp:term":[{"taxonomy":"category","embeddable":true,"href":"https:\/\/www.hamburg-fuer-die-elbe.de\/index.php?rest_route=%2Fwp%2Fv2%2Fcategories&post=3220"},{"taxonomy":"post_tag","embeddable":true,"href":"https:\/\/www.hamburg-fuer-die-elbe.de\/index.php?rest_route=%2Fwp%2Fv2%2Ftags&post=3220"}],"curies":[{"name":"wp","href":"https:\/\/api.w.org\/{rel}","templated":true}]}}