{"id":3284,"date":"2014-10-08T20:16:40","date_gmt":"2014-10-08T19:16:40","guid":{"rendered":"http:\/\/www.hamburg-fuer-die-elbe.de\/?p=3284"},"modified":"2015-12-12T10:46:26","modified_gmt":"2015-12-12T09:46:26","slug":"regierungserklaerung","status":"publish","type":"post","link":"https:\/\/www.hamburg-fuer-die-elbe.de\/?p=3284","title":{"rendered":"Regierungserkl\u00e4rung"},"content":{"rendered":"<p>Heute Nachmittag hat der Erste B\u00fcrgermeister der Freien und Hansestadt Hamburg, <a href=\"http:\/\/www.hamburg.de\/contentblob\/4385606\/data\/2014-10-08-regierungserklaerung.pdf\" target=\"_blank\">Herr <\/a><a href=\"https:\/\/www.hamburg-fuer-die-elbe.de\/wordpress\/wp-content\/uploads\/2014\/10\/Rathaus1.jpg\" target=\"_blank\"><img loading=\"lazy\" decoding=\"async\" class=\"alignright size-medium wp-image-3285\" alt=\"Rathaus1\" src=\"https:\/\/www.hamburg-fuer-die-elbe.de\/wordpress\/wp-content\/uploads\/2014\/10\/Rathaus1-196x300.jpg\" width=\"196\" height=\"300\" srcset=\"https:\/\/www.hamburg-fuer-die-elbe.de\/wordpress\/wp-content\/uploads\/2014\/10\/Rathaus1-196x300.jpg 196w, https:\/\/www.hamburg-fuer-die-elbe.de\/wordpress\/wp-content\/uploads\/2014\/10\/Rathaus1-670x1024.jpg 670w, https:\/\/www.hamburg-fuer-die-elbe.de\/wordpress\/wp-content\/uploads\/2014\/10\/Rathaus1-900x1375.jpg 900w, https:\/\/www.hamburg-fuer-die-elbe.de\/wordpress\/wp-content\/uploads\/2014\/10\/Rathaus1.jpg 1032w\" sizes=\"(max-width: 196px) 100vw, 196px\" \/><\/a><a href=\"http:\/\/www.hamburg.de\/contentblob\/4385606\/data\/2014-10-08-regierungserklaerung.pdf\" target=\"_blank\">Olaf Scholz, vor der B\u00fcrgerschaft eine Regierungserkl\u00e4rung<\/a> zum Aussetzungsentscheid des Bundesverwaltungsgerichtes abgegeben. In den Zeitungen sind neben den Berichten auch die Antworten der Oppositionsfraktionen zu finden. So in der <a href=\"http:\/\/www.mopo.de\/hamburg\/redeschlacht-um-elbvertiefung-olaf-scholz--es-geht-um-hamburgs-schicksal-390204\" target=\"_blank\">Hamburger Morge<\/a><a href=\"http:\/\/www.mopo.de\/hamburg\/redeschlacht-um-elbvertiefung-olaf-scholz--es-geht-um-hamburgs-schicksal-390204\" target=\"_blank\">npost<\/a>, der <a href=\"http:\/\/www.taz.de\/Regierungserklaerung-zur-Elbvertiefung\/!5031507\/\" target=\"_blank\">Tageszeitung TAZ<\/a> und im <a href=\"http:\/\/www.google.de\/url?sa=t&amp;rct=j&amp;q=&amp;esrc=s&amp;source=web&amp;cd=1&amp;ved=0CCUQqQIwAA&amp;url=http%3A%2F%2Fwww.abendblatt.de%2Fhamburg%2Farticle133059482%2FScholz-Elbvertiefung-ist-Schicksalsfrage-fuer-Hamburg.html&amp;ei=6XE1VNDVNIuqOuTkgCA&amp;usg=AFQjCNHwd3BPCSDyCYWNbSopqIptfENkBQ&amp;bvm=bv.76943099,d.ZWU&amp;cad=rja\" target=\"_blank\">Abendblatt<\/a>.<\/p>\n<p>Der Erste B\u00fcrgermeister scheint seine kompromisslose Politik in Sachen Elbvertiefung und damit die Politik seiner Vorg\u00e4nger nahezu nahtlos fortzusetzen:<\/p>\n<ul>\n<li>Die Leistungen der Planer und Verantwortlichen werden hervorgehoben, obwohl diese doch Entscheidendes &#8220;vergessen&#8221; haben. Warum sind denn die angeblich &#8220;sechs&#8221; M\u00e4ngel mit nur &#8220;100 Seiten&#8221; in den 6.600 Planungsseiten nicht gleich vorab beseitigt worden?<\/li>\n<li>Das Gericht wird von ihm da zitiert, wo es passt &#8211; was am Entscheid unbequem ist, wird weggelassen. Wir erinnern aus der Rede des Richters noch weitere 130 von der Elbvertiefung bedrohte Pflanzenarten, die nicht mit einem Wort im Planfeststellungsverfahren angef\u00fchrt worden sind.<\/li>\n<li>Europa ist nach seiner Meinung ganz gut, aber bei selbstdefinierten Schicksalsfragen mit Umweltt\u00fcdel\u00fcd entscheiden wir das in Hamburgs Rathaus doch lieber selber. Das gew\u00e4hlte Beispiel aus Frankreich und der Satz &#8220;Vielleicht m\u00fcssen wir hin und wieder gemeinsam in Europa und mit der Bundesregierung \u00fcberlegen, wie wir europ\u00e4ische Vorgaben jeweils national implementieren.&#8221; l\u00e4sst tief in ein sehr gering ausgepr\u00e4gtes europ\u00e4isches Bewusstsein unseres B\u00fcrgermeisters blicken.<\/li>\n<li>Fl\u00fcsse sind zum Transportieren dar. Und vor Jahren auch f\u00fcr &#8220;Tr\u00fcbes&#8221; sagt Herr Scholz&#8230; Wer hat denn aber daf\u00fcr Sorge getragen, dass unsere Unterelbe in den vergangenen Jahren nicht zum stinkenden Abwasserkanal verkommen ist? Etwa der Hamburger Senat? Nein, das mussten immer andere machen: z.B. bei der Cholera-Epidemie die Berliner Reichsregierung mittels Zwangsma\u00dfnahmen oder ab den Jahren um 1970 eine B\u00fcrgerbewegung vor dem Hamburger AKW-Brokdorf.<\/li>\n<\/ul>\n<p>Konnten Sie in der Rede von Herrn Scholz irgendein Wort zu einer norddeutschen Hafenkooperation lesen? Gab es ein Wort zu den Anliegen der norddeutschen Nachbarn in Schleswig-Holstein, Niedersachsen, Bremen oder Mecklenburg-Vorpommern? Worte zu &#8230;, &#8230;, &#8230;? Nein, es war wieder nur die ber\u00fchmte hanseatische Arroganz zu lesen, schade.<\/p>\n","protected":false},"excerpt":{"rendered":"<p>Heute Nachmittag hat der Erste B\u00fcrgermeister der Freien und Hansestadt Hamburg, Herr Olaf Scholz, vor der B\u00fcrgerschaft eine Regierungserkl\u00e4rung zum Aussetzungsentscheid des Bundesverwaltungsgerichtes abgegeben. In den Zeitungen sind neben den Berichten auch die Antworten der Oppositionsfraktionen zu finden. So in der Hamburger Morgenpost, der Tageszeitung TAZ und im Abendblatt. Der Erste B\u00fcrgermeister scheint seine kompromisslose &hellip; <a href=\"https:\/\/www.hamburg-fuer-die-elbe.de\/?p=3284\" class=\"more-link\"><span class=\"screen-reader-text\">Regierungserkl\u00e4rung<\/span> weiterlesen <span class=\"meta-nav\">&rarr;<\/span><\/a><\/p>\n","protected":false},"author":2,"featured_media":0,"comment_status":"closed","ping_status":"closed","sticky":false,"template":"","format":"standard","meta":{"footnotes":""},"categories":[1,138,10],"tags":[60,197],"_links":{"self":[{"href":"https:\/\/www.hamburg-fuer-die-elbe.de\/index.php?rest_route=\/wp\/v2\/posts\/3284"}],"collection":[{"href":"https:\/\/www.hamburg-fuer-die-elbe.de\/index.php?rest_route=\/wp\/v2\/posts"}],"about":[{"href":"https:\/\/www.hamburg-fuer-die-elbe.de\/index.php?rest_route=\/wp\/v2\/types\/post"}],"author":[{"embeddable":true,"href":"https:\/\/www.hamburg-fuer-die-elbe.de\/index.php?rest_route=\/wp\/v2\/users\/2"}],"replies":[{"embeddable":true,"href":"https:\/\/www.hamburg-fuer-die-elbe.de\/index.php?rest_route=%2Fwp%2Fv2%2Fcomments&post=3284"}],"version-history":[{"count":9,"href":"https:\/\/www.hamburg-fuer-die-elbe.de\/index.php?rest_route=\/wp\/v2\/posts\/3284\/revisions"}],"predecessor-version":[{"id":8500,"href":"https:\/\/www.hamburg-fuer-die-elbe.de\/index.php?rest_route=\/wp\/v2\/posts\/3284\/revisions\/8500"}],"wp:attachment":[{"href":"https:\/\/www.hamburg-fuer-die-elbe.de\/index.php?rest_route=%2Fwp%2Fv2%2Fmedia&parent=3284"}],"wp:term":[{"taxonomy":"category","embeddable":true,"href":"https:\/\/www.hamburg-fuer-die-elbe.de\/index.php?rest_route=%2Fwp%2Fv2%2Fcategories&post=3284"},{"taxonomy":"post_tag","embeddable":true,"href":"https:\/\/www.hamburg-fuer-die-elbe.de\/index.php?rest_route=%2Fwp%2Fv2%2Ftags&post=3284"}],"curies":[{"name":"wp","href":"https:\/\/api.w.org\/{rel}","templated":true}]}}