{"id":3304,"date":"2014-10-10T15:47:16","date_gmt":"2014-10-10T14:47:16","guid":{"rendered":"http:\/\/www.hamburg-fuer-die-elbe.de\/?p=3304"},"modified":"2015-01-31T11:20:37","modified_gmt":"2015-01-31T10:20:37","slug":"2m-erhaelt-go-von-fmc","status":"publish","type":"post","link":"https:\/\/www.hamburg-fuer-die-elbe.de\/?p=3304","title":{"rendered":"2M erh\u00e4lt &#8220;Go&#8221; von FMC"},"content":{"rendered":"<p>Die amerikanische Wettbewerbsbeh\u00f6rde FMC hat keine Einwendungen gegen die <a href=\"https:\/\/www.hamburg-fuer-die-elbe.de\/wordpress\/wp-content\/uploads\/2014\/11\/Maersk2.jpg\" target=\"_blank\"><img loading=\"lazy\" decoding=\"async\" class=\"alignright wp-image-3890 size-medium\" src=\"https:\/\/www.hamburg-fuer-die-elbe.de\/wordpress\/wp-content\/uploads\/2014\/11\/Maersk2-287x300.jpg\" alt=\"Maersk2\" width=\"287\" height=\"300\" srcset=\"https:\/\/www.hamburg-fuer-die-elbe.de\/wordpress\/wp-content\/uploads\/2014\/11\/Maersk2-287x300.jpg 287w, https:\/\/www.hamburg-fuer-die-elbe.de\/wordpress\/wp-content\/uploads\/2014\/11\/Maersk2-900x939.jpg 900w, https:\/\/www.hamburg-fuer-die-elbe.de\/wordpress\/wp-content\/uploads\/2014\/11\/Maersk2.jpg 905w\" sizes=\"(max-width: 287px) 100vw, 287px\" \/><\/a>Zusammenarbeit der beiden weltweit gr\u00f6\u00dften Containerreedereien Maersk und MSC in der 2M-Allianz. Der <a href=\"http:\/\/www.fmc.gov\/NR14-12\/\" target=\"_blank\">FMC-Pressemitteilung vom 09.10.2014 <\/a>sind die Gr\u00fcnde zu entnehmen.<\/p>\n<p><a href=\"http:\/\/www.google.de\/url?sa=t&amp;rct=j&amp;q=&amp;esrc=s&amp;source=web&amp;cd=11&amp;ved=0CGcQFjAK&amp;url=http%3A%2F%2Fwww.wsj.de%2Fnachrichten%2FSB11035627169406564433404580203772374393274&amp;ei=2-o3VNjZFMvVPL_hgZgG&amp;usg=AFQjCNE1iavwr0b6COMKzDV240izTj9KuA&amp;bvm=bv.77161500,d.ZWU&amp;cad=rja\" target=\"_blank\">Das WSJ<\/a> hatte kurz zuvor diese Meldung als noch unbest\u00e4tigt ver\u00f6ffentlicht. <a href=\"http:\/\/www.maersk.com\/en\/the-maersk-group\/press-room\/press-release-archive\/2014\/10\/vessel-sharing-agreement-to-be-implemented-as-planned\" target=\"_blank\">Maersk hatte parallel eine Presseinformation<\/a> herausgegeben.<\/p>\n<p>Die <a href=\"https:\/\/www.msc.com\/deu\/press\/press-releases\/2014-october\/fmc-approval-green-lights-2m-implementation\" target=\"_blank\" class=\"broken_link\">heutige Presseinformation von MSC <\/a>erl\u00e4utert, dass noch Gespr\u00e4che mit weiteren Wettbewerbsbeh\u00f6rden stattfinden werden. Die Zustimmung der amerikanischen FMC w\u00e4re jedoch die einzige Zustimmung gewesen, die das Potenzial f\u00fcr einen Abbruch oder eine Verz\u00f6gerung bei der Umsetzung von 2M gehabt h\u00e4tte. Optimistisch geht MSC von einem Start der Zusammenarbeit mit Maersk f\u00fcr Beginn des kommenden Jahres aus.<\/p>\n<p>Das <a href=\"http:\/\/www.google.de\/url?sa=t&amp;rct=j&amp;q=&amp;esrc=s&amp;source=web&amp;cd=1&amp;ved=0CCUQqQIwAA&amp;url=http%3A%2F%2Fwww.abendblatt.de%2Fregion%2Fniedersachsen%2Farticle133141511%2FMaersk-will-JadeWeserPort-oefter-mit-Containerriesen-anlaufen.html&amp;ei=kfI3VK_MC4TyPI20gUA&amp;usg=AFQjCNH0oKALSB_u-fvu-RV_kj1iwyk3FA&amp;bvm=bv.77161500,d.ZWU&amp;cad=rja\" target=\"_blank\">Abendblatt zeigt erste Perspektiven f\u00fcr Wilhelmshaven<\/a> auf.<\/p>\n","protected":false},"excerpt":{"rendered":"<p>Die amerikanische Wettbewerbsbeh\u00f6rde FMC hat keine Einwendungen gegen die Zusammenarbeit der beiden weltweit gr\u00f6\u00dften Containerreedereien Maersk und MSC in der 2M-Allianz. Der FMC-Pressemitteilung vom 09.10.2014 sind die Gr\u00fcnde zu entnehmen. Das WSJ hatte kurz zuvor diese Meldung als noch unbest\u00e4tigt ver\u00f6ffentlicht. Maersk hatte parallel eine Presseinformation herausgegeben. Die heutige Presseinformation von MSC erl\u00e4utert, dass noch &hellip; <a href=\"https:\/\/www.hamburg-fuer-die-elbe.de\/?p=3304\" class=\"more-link\"><span class=\"screen-reader-text\">2M erh\u00e4lt &#8220;Go&#8221; von FMC<\/span> weiterlesen <span class=\"meta-nav\">&rarr;<\/span><\/a><\/p>\n","protected":false},"author":2,"featured_media":0,"comment_status":"closed","ping_status":"closed","sticky":false,"template":"","format":"standard","meta":{"footnotes":""},"categories":[1,188],"tags":[157,72],"_links":{"self":[{"href":"https:\/\/www.hamburg-fuer-die-elbe.de\/index.php?rest_route=\/wp\/v2\/posts\/3304"}],"collection":[{"href":"https:\/\/www.hamburg-fuer-die-elbe.de\/index.php?rest_route=\/wp\/v2\/posts"}],"about":[{"href":"https:\/\/www.hamburg-fuer-die-elbe.de\/index.php?rest_route=\/wp\/v2\/types\/post"}],"author":[{"embeddable":true,"href":"https:\/\/www.hamburg-fuer-die-elbe.de\/index.php?rest_route=\/wp\/v2\/users\/2"}],"replies":[{"embeddable":true,"href":"https:\/\/www.hamburg-fuer-die-elbe.de\/index.php?rest_route=%2Fwp%2Fv2%2Fcomments&post=3304"}],"version-history":[{"count":8,"href":"https:\/\/www.hamburg-fuer-die-elbe.de\/index.php?rest_route=\/wp\/v2\/posts\/3304\/revisions"}],"predecessor-version":[{"id":4989,"href":"https:\/\/www.hamburg-fuer-die-elbe.de\/index.php?rest_route=\/wp\/v2\/posts\/3304\/revisions\/4989"}],"wp:attachment":[{"href":"https:\/\/www.hamburg-fuer-die-elbe.de\/index.php?rest_route=%2Fwp%2Fv2%2Fmedia&parent=3304"}],"wp:term":[{"taxonomy":"category","embeddable":true,"href":"https:\/\/www.hamburg-fuer-die-elbe.de\/index.php?rest_route=%2Fwp%2Fv2%2Fcategories&post=3304"},{"taxonomy":"post_tag","embeddable":true,"href":"https:\/\/www.hamburg-fuer-die-elbe.de\/index.php?rest_route=%2Fwp%2Fv2%2Ftags&post=3304"}],"curies":[{"name":"wp","href":"https:\/\/api.w.org\/{rel}","templated":true}]}}