{"id":3384,"date":"2014-10-17T07:29:30","date_gmt":"2014-10-17T06:29:30","guid":{"rendered":"http:\/\/www.hamburg-fuer-die-elbe.de\/?p=3384"},"modified":"2016-11-16T16:28:13","modified_gmt":"2016-11-16T14:28:13","slug":"spendenaufruf-zur-elbvertiefungsklage","status":"publish","type":"post","link":"https:\/\/www.hamburg-fuer-die-elbe.de\/?p=3384","title":{"rendered":"Spendenaufruf zur Elbvertiefungsklage"},"content":{"rendered":"<blockquote><p><strong>Liebe Leserinnen und Leser unserer Internetseite,<\/strong><\/p><\/blockquote>\n<p>unmittelbar vor dem Beginn der Anh\u00f6rung vor dem Bundesverwaltungsgerichtes am 15.07.2014 in Leipzig in Sachen Klageverfahren zur aktuellen neunten Elbvertiefung haben wir <strong>Ihre<\/strong> \u00fcber unsere Internetseite und auf Papierlisten gesammelten <a href=\"https:\/\/www.hamburg-fuer-die-elbe.de\/?p=2350\" target=\"_blank\">Petitions-Unterschriften an die klagenden Verb\u00e4nde<\/a> \u00fcbergeben: <a href=\"https:\/\/de.wikipedia.org\/wiki\/Hubert_Weiger\" target=\"_blank\">Dr. Hubert Weiger<\/a>, Vorsitzender des BUND\u00a0Deutschland nahm in Anwesenheit von <a href=\"https:\/\/www.welt.de\/regionales\/hamburg\/article114051299\/Der-heimliche-Oppositionsfuehrer.html\" target=\"_blank\">Manfred Braasch<\/a>, Gesch\u00e4ftsf\u00fchrer BUND Hamburg, und <a href=\"https:\/\/de.wikipedia.org\/wiki\/Alexander_Porschke\" target=\"_blank\">Alexander Porschke<\/a>, Vorsitzender NABU Hamburg, <strong>Ihre<\/strong> Unterschrift mit unseren gemeinsamen besten Erfolgsw\u00fcnschen f\u00fcr das Klageverfahren entgegen.<a href=\"https:\/\/www.hamburg-fuer-die-elbe.de\/wordpress\/wp-content\/uploads\/2014\/10\/BVerwGLeipzig11.jpg\" target=\"_blank\"><img loading=\"lazy\" decoding=\"async\" class=\"alignright wp-image-3977 size-medium\" src=\"https:\/\/www.hamburg-fuer-die-elbe.de\/wordpress\/wp-content\/uploads\/2014\/10\/BVerwGLeipzig11-300x211.jpg\" alt=\"BVerwGLeipzig1\" width=\"300\" height=\"211\" srcset=\"https:\/\/www.hamburg-fuer-die-elbe.de\/wordpress\/wp-content\/uploads\/2014\/10\/BVerwGLeipzig11-300x211.jpg 300w, https:\/\/www.hamburg-fuer-die-elbe.de\/wordpress\/wp-content\/uploads\/2014\/10\/BVerwGLeipzig11-900x633.jpg 900w, https:\/\/www.hamburg-fuer-die-elbe.de\/wordpress\/wp-content\/uploads\/2014\/10\/BVerwGLeipzig11.jpg 945w\" sizes=\"(max-width: 300px) 100vw, 300px\" \/><\/a><\/p>\n<p>Mitglieder unserer Initiative durften den Beginn der mehrt\u00e4gigen Anh\u00f6rung am 15.07.2014 und die Verk\u00fcndung des Aussetzungsentscheides am 02.10.2014 im Gerichtssaal in Leipzig miterleben. Wie Sie sicherlich den Medien entnehmen konnten, hat die Kompetenz des Gerichtes nicht nur bei uns einen enormen Eindruck hinterlassen. F\u00fcr uns ist in dieser Berichterstattung aber die Kompetenz der Verb\u00e4nde samt der beauftragten Juristen viel zu kurz gekommen. Nicht umsonst ist das Bundesverwaltungsgericht den Weg des Aussetzungsentscheides samt Nachbesserungsforderungen gegangen.<\/p>\n<p>Zudem ist das pers\u00f6nliche Engagement der Verb\u00e4nde beeindruckend. W\u00e4hrend unser <a href=\"https:\/\/www.hamburg-fuer-die-elbe.de\/wordpress\/wp-content\/uploads\/2014\/10\/BVerwGLeipzig21.jpg\" target=\"_blank\"><img loading=\"lazy\" decoding=\"async\" class=\"alignleft wp-image-3978 size-medium\" src=\"https:\/\/www.hamburg-fuer-die-elbe.de\/wordpress\/wp-content\/uploads\/2014\/10\/BVerwGLeipzig21-300x184.jpg\" alt=\"BVerwGLeipzig2\" width=\"300\" height=\"184\" srcset=\"https:\/\/www.hamburg-fuer-die-elbe.de\/wordpress\/wp-content\/uploads\/2014\/10\/BVerwGLeipzig21-300x184.jpg 300w, https:\/\/www.hamburg-fuer-die-elbe.de\/wordpress\/wp-content\/uploads\/2014\/10\/BVerwGLeipzig21-1024x628.jpg 1024w, https:\/\/www.hamburg-fuer-die-elbe.de\/wordpress\/wp-content\/uploads\/2014\/10\/BVerwGLeipzig21-900x552.jpg 900w, https:\/\/www.hamburg-fuer-die-elbe.de\/wordpress\/wp-content\/uploads\/2014\/10\/BVerwGLeipzig21.jpg 1267w\" sizes=\"(max-width: 300px) 100vw, 300px\" \/><\/a>Senator, Herr Frank Horch, es am 02.10.2014 f\u00fcr nicht n\u00f6tig erachtete pers\u00f6nlich vor Gericht zu erscheinen, waren die klagenden Verb\u00e4nde vollst\u00e4ndig mit den Herren Manfred Braasch und Alexander Porschke sowie Frau Beatrice Claus vertreten. Abends war Herr Braasch dann mit dem in Hamburg gebliebenen Herrn\u00a0 Horch gemeinsam zum Streitgespr\u00e4ch im NDR-Fernsehen zu sehen.<\/p>\n<p>Wir m\u00f6chten dieses kompetente, viel Geld kostende Engagement im Sinne unserer Elbvertiefungs-Petition mit Ihnen gemeinsam weiterhin unterst\u00fctzen. Im regen Gedankenaustausch unserer B\u00fcrgerinitiative mit Herrn Manfred Braasch, letztmalig anl\u00e4sslich der TTIP-Demo in Hamburg, haben wir uns einstimmig entschlossen, Sie \u00fcber unsere Internetseiten zu einer Geldspende f\u00fcr die Arbeit des BUND Hamburg in Sachen Elbvertiefung zu bitten.<a href=\"https:\/\/www.hamburg-fuer-die-elbe.de\/wordpress\/wp-content\/uploads\/2014\/10\/Troianer1.jpg\"><img loading=\"lazy\" decoding=\"async\" class=\"alignright size-medium wp-image-3979\" src=\"https:\/\/www.hamburg-fuer-die-elbe.de\/wordpress\/wp-content\/uploads\/2014\/10\/Troianer1-300x239.jpg\" alt=\"Troianer\" width=\"300\" height=\"239\" srcset=\"https:\/\/www.hamburg-fuer-die-elbe.de\/wordpress\/wp-content\/uploads\/2014\/10\/Troianer1-300x239.jpg 300w, https:\/\/www.hamburg-fuer-die-elbe.de\/wordpress\/wp-content\/uploads\/2014\/10\/Troianer1-900x719.jpg 900w, https:\/\/www.hamburg-fuer-die-elbe.de\/wordpress\/wp-content\/uploads\/2014\/10\/Troianer1.jpg 946w\" sizes=\"(max-width: 300px) 100vw, 300px\" \/><\/a><\/p>\n<p>Nutzen Sie f\u00fcr Ihre Spende das <a href=\"http:\/\/bund-hamburg.bund.net\/spenden\/\" target=\"_blank\" class=\"broken_link\">Onlineformular des BUND-Landesverbandes Hamburg<\/a> oder direkt das Spendenkonto des BUND Hamburg. F\u00fcr die Bindung der Spende an das Klageverfahren gegen die Elbvertiefung geben Sie bitte bei Ihrer \u00dcberweisung den Verwendungszweck &#8220;<strong>Klage Elbvertiefung<\/strong>&#8221; an.<\/p>\n<p>Spendenkonto: Nr. 1230 122 226<br \/>\nHamburger Sparkasse, BLZ 200 505 50<br \/>\nKontoverbindung nach dem europ\u00e4ischen SEPA-Format:<br \/>\nIBAN: DE 2120 0505 5012 3012 2226 \u25cf BIC: HASPDEHHXXX<\/p>\n<p>F\u00fcr gr\u00f6\u00dfere Zuwendungen bitten wir Sie gerne direkt Kontakt zu Manfred<br \/>\nBraasch, dem Landesgesch\u00e4ftsf\u00fchrer des BUND Hamburg aufzunehmen. (Tel. 040-600<br \/>\n387 11).<\/p>\n<p>Vielen herzlichen Dank f\u00fcr Ihre Spende sagt Ihre B\u00fcrgerinitiative &#8220;Hamburg f\u00fcr die Elbe&#8221;!<\/p>\n","protected":false},"excerpt":{"rendered":"<p>Liebe Leserinnen und Leser unserer Internetseite, unmittelbar vor dem Beginn der Anh\u00f6rung vor dem Bundesverwaltungsgerichtes am 15.07.2014 in Leipzig in Sachen Klageverfahren zur aktuellen neunten Elbvertiefung haben wir Ihre \u00fcber unsere Internetseite und auf Papierlisten gesammelten Petitions-Unterschriften an die klagenden Verb\u00e4nde \u00fcbergeben: Dr. Hubert Weiger, Vorsitzender des BUND\u00a0Deutschland nahm in Anwesenheit von Manfred Braasch, Gesch\u00e4ftsf\u00fchrer &hellip; <a href=\"https:\/\/www.hamburg-fuer-die-elbe.de\/?p=3384\" class=\"more-link\"><span class=\"screen-reader-text\">Spendenaufruf zur Elbvertiefungsklage<\/span> weiterlesen <span class=\"meta-nav\">&rarr;<\/span><\/a><\/p>\n","protected":false},"author":2,"featured_media":0,"comment_status":"closed","ping_status":"closed","sticky":false,"template":"","format":"standard","meta":{"footnotes":""},"categories":[1],"tags":[240,168,239],"_links":{"self":[{"href":"https:\/\/www.hamburg-fuer-die-elbe.de\/index.php?rest_route=\/wp\/v2\/posts\/3384"}],"collection":[{"href":"https:\/\/www.hamburg-fuer-die-elbe.de\/index.php?rest_route=\/wp\/v2\/posts"}],"about":[{"href":"https:\/\/www.hamburg-fuer-die-elbe.de\/index.php?rest_route=\/wp\/v2\/types\/post"}],"author":[{"embeddable":true,"href":"https:\/\/www.hamburg-fuer-die-elbe.de\/index.php?rest_route=\/wp\/v2\/users\/2"}],"replies":[{"embeddable":true,"href":"https:\/\/www.hamburg-fuer-die-elbe.de\/index.php?rest_route=%2Fwp%2Fv2%2Fcomments&post=3384"}],"version-history":[{"count":15,"href":"https:\/\/www.hamburg-fuer-die-elbe.de\/index.php?rest_route=\/wp\/v2\/posts\/3384\/revisions"}],"predecessor-version":[{"id":10815,"href":"https:\/\/www.hamburg-fuer-die-elbe.de\/index.php?rest_route=\/wp\/v2\/posts\/3384\/revisions\/10815"}],"wp:attachment":[{"href":"https:\/\/www.hamburg-fuer-die-elbe.de\/index.php?rest_route=%2Fwp%2Fv2%2Fmedia&parent=3384"}],"wp:term":[{"taxonomy":"category","embeddable":true,"href":"https:\/\/www.hamburg-fuer-die-elbe.de\/index.php?rest_route=%2Fwp%2Fv2%2Fcategories&post=3384"},{"taxonomy":"post_tag","embeddable":true,"href":"https:\/\/www.hamburg-fuer-die-elbe.de\/index.php?rest_route=%2Fwp%2Fv2%2Ftags&post=3384"}],"curies":[{"name":"wp","href":"https:\/\/api.w.org\/{rel}","templated":true}]}}