{"id":3605,"date":"2014-10-25T17:21:16","date_gmt":"2014-10-25T16:21:16","guid":{"rendered":"http:\/\/www.hamburg-fuer-die-elbe.de\/?p=3605"},"modified":"2014-10-25T17:21:16","modified_gmt":"2014-10-25T16:21:16","slug":"elbvertiefung-schifft-hamburg-ab","status":"publish","type":"post","link":"https:\/\/www.hamburg-fuer-die-elbe.de\/?p=3605","title":{"rendered":"Elbvertiefung: Schifft Hamburg ab?"},"content":{"rendered":"<p>Uns erreichte die Einladung zu einem neuen <a href=\"http:\/\/www.dreiundsiebzig.de\/events\/2014\/10\/30\/taz-salon-elbvertiefung-schifft-hamburg-ab\" target=\"_blank\">TAZ-Salon<\/a> mit dem Titel, die wir gerne an Sie weiterleiten:<\/p>\n<h3>Elbvertiefung: Schifft Hamburg ab?<\/h3>\n<p>F\u00fcr Hamburgs Ersten B\u00fcrgermeister Olaf Scholz (SPD) und die Hafenwirtschaft ist die Elbvertiefung eine &#8220;Schicksalsfrage&#8221;. Die Umweltverb\u00e4nde halten sie f\u00fcr &#8220;\u00f6kologisch unverantwortlich&#8221; und fordern eine Kooperation der gro\u00dfen H\u00e4fen Hamburg, Bremerhaven und Wilhelmshaven. Die Entscheidung treffen nun der Europ\u00e4ische Gerichtshof und das Bundesverwaltungsgericht. Der politische Streit um gro\u00dfe Schiffe und viele Container, um \u00d6konomie und \u00d6kologie, geht indes weiter &#8211; auch in der taz.<\/p>\n<p>Wir diskutieren mit:<br \/>\nGunther Bonz, Pr\u00e4sident Unternehmensverband Hafen Hamburg<br \/>\nBen Lodemann, \u00c4ltermann Hamburger Elblotsen<br \/>\nAlexander Porschke, Vorsitzender Naturschutzbund Hamburg<br \/>\nAnjes Tjarks, Hafenexperte der gr\u00fcnen B\u00fcrgerschaftsfraktion<\/p>\n<p>Moderation:<br \/>\nSven-Michael Veit, Politischer Korrespondent der taz.nord<\/p>\n<p>Donnerstag, 30. Oktober, 19.30 Uhr<br \/>\nKulturhaus 73, 20357 Hamburg, Schulterblatt 73<br \/>\nEintritt frei<\/p>\n","protected":false},"excerpt":{"rendered":"<p>Uns erreichte die Einladung zu einem neuen TAZ-Salon mit dem Titel, die wir gerne an Sie weiterleiten: Elbvertiefung: Schifft Hamburg ab? F\u00fcr Hamburgs Ersten B\u00fcrgermeister Olaf Scholz (SPD) und die Hafenwirtschaft ist die Elbvertiefung eine &#8220;Schicksalsfrage&#8221;. Die Umweltverb\u00e4nde halten sie f\u00fcr &#8220;\u00f6kologisch unverantwortlich&#8221; und fordern eine Kooperation der gro\u00dfen H\u00e4fen Hamburg, Bremerhaven und Wilhelmshaven. Die &hellip; <a href=\"https:\/\/www.hamburg-fuer-die-elbe.de\/?p=3605\" class=\"more-link\"><span class=\"screen-reader-text\">Elbvertiefung: Schifft Hamburg ab?<\/span> weiterlesen <span class=\"meta-nav\">&rarr;<\/span><\/a><\/p>\n","protected":false},"author":2,"featured_media":0,"comment_status":"closed","ping_status":"closed","sticky":false,"template":"","format":"standard","meta":{"footnotes":""},"categories":[1,9],"tags":[212],"_links":{"self":[{"href":"https:\/\/www.hamburg-fuer-die-elbe.de\/index.php?rest_route=\/wp\/v2\/posts\/3605"}],"collection":[{"href":"https:\/\/www.hamburg-fuer-die-elbe.de\/index.php?rest_route=\/wp\/v2\/posts"}],"about":[{"href":"https:\/\/www.hamburg-fuer-die-elbe.de\/index.php?rest_route=\/wp\/v2\/types\/post"}],"author":[{"embeddable":true,"href":"https:\/\/www.hamburg-fuer-die-elbe.de\/index.php?rest_route=\/wp\/v2\/users\/2"}],"replies":[{"embeddable":true,"href":"https:\/\/www.hamburg-fuer-die-elbe.de\/index.php?rest_route=%2Fwp%2Fv2%2Fcomments&post=3605"}],"version-history":[{"count":1,"href":"https:\/\/www.hamburg-fuer-die-elbe.de\/index.php?rest_route=\/wp\/v2\/posts\/3605\/revisions"}],"predecessor-version":[{"id":3606,"href":"https:\/\/www.hamburg-fuer-die-elbe.de\/index.php?rest_route=\/wp\/v2\/posts\/3605\/revisions\/3606"}],"wp:attachment":[{"href":"https:\/\/www.hamburg-fuer-die-elbe.de\/index.php?rest_route=%2Fwp%2Fv2%2Fmedia&parent=3605"}],"wp:term":[{"taxonomy":"category","embeddable":true,"href":"https:\/\/www.hamburg-fuer-die-elbe.de\/index.php?rest_route=%2Fwp%2Fv2%2Fcategories&post=3605"},{"taxonomy":"post_tag","embeddable":true,"href":"https:\/\/www.hamburg-fuer-die-elbe.de\/index.php?rest_route=%2Fwp%2Fv2%2Ftags&post=3605"}],"curies":[{"name":"wp","href":"https:\/\/api.w.org\/{rel}","templated":true}]}}