{"id":3630,"date":"2014-10-28T00:01:43","date_gmt":"2014-10-27T23:01:43","guid":{"rendered":"http:\/\/www.hamburg-fuer-die-elbe.de\/?p=3630"},"modified":"2015-12-27T13:01:00","modified_gmt":"2015-12-27T12:01:00","slug":"europaeische-nachlese-zu-leipzig","status":"publish","type":"post","link":"https:\/\/www.hamburg-fuer-die-elbe.de\/?p=3630","title":{"rendered":"Europa-Nachlese zu Leipzig"},"content":{"rendered":"<p>Nachdem das <a title=\"Erste Nachlese zu Leipzig\" href=\"https:\/\/www.hamburg-fuer-die-elbe.de\/?p=3220\" target=\"_blank\">Leipziger Bundesverwaltungsgericht am 02.10.2014<\/a> seinen europ\u00e4ischen Vertagungsbeschluss f\u00fcr die Elbvertiefung und der <a title=\"EuGH C-461\/13, BVerwG 7A14.12\" href=\"https:\/\/www.hamburg-fuer-die-elbe.de\/?p=3520\" target=\"_blank\">Generalanwalt am Europ\u00e4ischen Gerichtshof<\/a> sein auch f\u00fcr die Elbe relevantes WRRL-Gutachten zur Weservertiefung abgeben hat, sind alle Vertiefungsentscheidungen zu den norddeutschen Fl\u00fcssen Weser und Elbe endg\u00fcltig in Europa angekommen. Was bedeutet das?<a href=\"https:\/\/www.hamburg-fuer-die-elbe.de\/wordpress\/wp-content\/uploads\/2014\/10\/BVerwGLeipzig5.jpg\"><img loading=\"lazy\" decoding=\"async\" class=\"alignright size-medium wp-image-3912\" src=\"https:\/\/www.hamburg-fuer-die-elbe.de\/wordpress\/wp-content\/uploads\/2014\/10\/BVerwGLeipzig5-300x225.jpg\" alt=\"BVerwGLeipzig5\" width=\"300\" height=\"225\" srcset=\"https:\/\/www.hamburg-fuer-die-elbe.de\/wordpress\/wp-content\/uploads\/2014\/10\/BVerwGLeipzig5-300x225.jpg 300w, https:\/\/www.hamburg-fuer-die-elbe.de\/wordpress\/wp-content\/uploads\/2014\/10\/BVerwGLeipzig5-1024x768.jpg 1024w, https:\/\/www.hamburg-fuer-die-elbe.de\/wordpress\/wp-content\/uploads\/2014\/10\/BVerwGLeipzig5-900x675.jpg 900w\" sizes=\"(max-width: 300px) 100vw, 300px\" \/><\/a><\/p>\n<p>Wir freuen uns, Ihnen mit einem neuen Beitrag von Herr Raphael Weyland, einem Unterst\u00fctzer unserer B\u00fcrgerinitiative und mit Verwaltungsgerichtsverfahren um Flussvertiefungen sehr gut vertrauten Juristen, einen \u00dcberblick in dieser komplexe Materie, d.h. des Leipziger Beschlusses sowie des Gutachtens des Generalwaltes am EuGH verschaffen zu d\u00fcrfen.<\/p>\n<p>Herr Weyland zeigt diesen bedeutenden gesamteurop\u00e4ischen Zusammenhang der vor dem Europ\u00e4ischen Gerichtshof verhandelten Wasserrahmenrichtlinie WRRL zun\u00e4chst \u00fcber die peinliche anmutende Hamburgische Lobbyarbeit des <a title=\"WRRL \u2013 EU-Gerichtshof in Beratung\" href=\"https:\/\/www.hamburg-fuer-die-elbe.de\/?p=2163\" target=\"_blank\">Hamburgischen Abgeordneten im Europaparlament, Herrn Knut Fleckenstein<\/a> auf.<\/p>\n<p><a href=\"https:\/\/www.hamburg-fuer-die-elbe.de\/wordpress\/wp-content\/uploads\/2014\/10\/weyland20141027.pdf\">Lesen Sie den Beitrag von Herrn Weyland hier.<\/a><\/p>\n","protected":false},"excerpt":{"rendered":"<p>Nachdem das Leipziger Bundesverwaltungsgericht am 02.10.2014 seinen europ\u00e4ischen Vertagungsbeschluss f\u00fcr die Elbvertiefung und der Generalanwalt am Europ\u00e4ischen Gerichtshof sein auch f\u00fcr die Elbe relevantes WRRL-Gutachten zur Weservertiefung abgeben hat, sind alle Vertiefungsentscheidungen zu den norddeutschen Fl\u00fcssen Weser und Elbe endg\u00fcltig in Europa angekommen. Was bedeutet das? Wir freuen uns, Ihnen mit einem neuen Beitrag von &hellip; <a href=\"https:\/\/www.hamburg-fuer-die-elbe.de\/?p=3630\" class=\"more-link\"><span class=\"screen-reader-text\">Europa-Nachlese zu Leipzig<\/span> weiterlesen <span class=\"meta-nav\">&rarr;<\/span><\/a><\/p>\n","protected":false},"author":2,"featured_media":0,"comment_status":"closed","ping_status":"closed","sticky":false,"template":"","format":"standard","meta":{"footnotes":""},"categories":[1,138],"tags":[44,46,47,214],"_links":{"self":[{"href":"https:\/\/www.hamburg-fuer-die-elbe.de\/index.php?rest_route=\/wp\/v2\/posts\/3630"}],"collection":[{"href":"https:\/\/www.hamburg-fuer-die-elbe.de\/index.php?rest_route=\/wp\/v2\/posts"}],"about":[{"href":"https:\/\/www.hamburg-fuer-die-elbe.de\/index.php?rest_route=\/wp\/v2\/types\/post"}],"author":[{"embeddable":true,"href":"https:\/\/www.hamburg-fuer-die-elbe.de\/index.php?rest_route=\/wp\/v2\/users\/2"}],"replies":[{"embeddable":true,"href":"https:\/\/www.hamburg-fuer-die-elbe.de\/index.php?rest_route=%2Fwp%2Fv2%2Fcomments&post=3630"}],"version-history":[{"count":12,"href":"https:\/\/www.hamburg-fuer-die-elbe.de\/index.php?rest_route=\/wp\/v2\/posts\/3630\/revisions"}],"predecessor-version":[{"id":8954,"href":"https:\/\/www.hamburg-fuer-die-elbe.de\/index.php?rest_route=\/wp\/v2\/posts\/3630\/revisions\/8954"}],"wp:attachment":[{"href":"https:\/\/www.hamburg-fuer-die-elbe.de\/index.php?rest_route=%2Fwp%2Fv2%2Fmedia&parent=3630"}],"wp:term":[{"taxonomy":"category","embeddable":true,"href":"https:\/\/www.hamburg-fuer-die-elbe.de\/index.php?rest_route=%2Fwp%2Fv2%2Fcategories&post=3630"},{"taxonomy":"post_tag","embeddable":true,"href":"https:\/\/www.hamburg-fuer-die-elbe.de\/index.php?rest_route=%2Fwp%2Fv2%2Ftags&post=3630"}],"curies":[{"name":"wp","href":"https:\/\/api.w.org\/{rel}","templated":true}]}}