{"id":3713,"date":"2014-11-10T22:22:41","date_gmt":"2014-11-10T21:22:41","guid":{"rendered":"http:\/\/www.hamburg-fuer-die-elbe.de\/?p=3713"},"modified":"2015-04-04T10:44:14","modified_gmt":"2015-04-04T09:44:14","slug":"hafenquerspange","status":"publish","type":"post","link":"https:\/\/www.hamburg-fuer-die-elbe.de\/?p=3713","title":{"rendered":"Hafenquerspange"},"content":{"rendered":"<p>Im Rahmen des Ernennungsverfahrens des neuen EU-Kommissionspr\u00e4sidenten <a href=\"https:\/\/www.hamburg-fuer-die-elbe.de\/wordpress\/wp-content\/uploads\/2014\/11\/HamburgBug1.jpg\" target=\"_blank\"><img loading=\"lazy\" decoding=\"async\" class=\"alignright wp-image-3925 size-medium\" src=\"https:\/\/www.hamburg-fuer-die-elbe.de\/wordpress\/wp-content\/uploads\/2014\/11\/HamburgBug1-300x297.jpg\" alt=\"HamburgBug\" width=\"300\" height=\"297\" srcset=\"https:\/\/www.hamburg-fuer-die-elbe.de\/wordpress\/wp-content\/uploads\/2014\/11\/HamburgBug1-300x297.jpg 300w, https:\/\/www.hamburg-fuer-die-elbe.de\/wordpress\/wp-content\/uploads\/2014\/11\/HamburgBug1-150x150.jpg 150w, https:\/\/www.hamburg-fuer-die-elbe.de\/wordpress\/wp-content\/uploads\/2014\/11\/HamburgBug1-144x144.jpg 144w, https:\/\/www.hamburg-fuer-die-elbe.de\/wordpress\/wp-content\/uploads\/2014\/11\/HamburgBug1.jpg 869w\" sizes=\"(max-width: 300px) 100vw, 300px\" \/><\/a>Jean-Claude Juncker wurde von diesem immer wieder ein 300 Milliarden Euro Investitionspaket, benannt dessen genauen Inhalte er noch vor Weihnachten 2014 bekannt geben wolle.<\/p>\n<p>P\u00fcnktlich zum Amtsantritt von Herrn Juncker uird in der Hamburger B\u00fcrgerschaft eine <a href=\"https:\/\/www.buergerschaft-hh.de\/ParlDok\/dokument\/46809\/300-milliarden-euro-schweres-investitionspaket-der-eu-kommission-%E2%80%93-wie-profitiert-hamburgs-hafeninfrastruktur-davon-.pdf\" target=\"_blank\" class=\"broken_link\">kleine Anfrage gestellt, ob Hamburg von diesem Investitionsprogramm<\/a> profitieren k\u00f6nne und wie weit man im Senat auf dieses Programm vorbereitet ist.<\/p>\n<p>Interessanterweise ist die kleine Anfrage des erfahrenen Parlamentariers nur auf den Bau der Hafenquerspange bzw. A26-Ost begrenzt. Warum? Die Antworten auf die kleine Anfrage lassen Schl\u00fcsse auf die weiteren Planungen zur Hafenquerspange zu&#8230;<\/p>\n<p>&nbsp;<\/p>\n","protected":false},"excerpt":{"rendered":"<p>Im Rahmen des Ernennungsverfahrens des neuen EU-Kommissionspr\u00e4sidenten Jean-Claude Juncker wurde von diesem immer wieder ein 300 Milliarden Euro Investitionspaket, benannt dessen genauen Inhalte er noch vor Weihnachten 2014 bekannt geben wolle. P\u00fcnktlich zum Amtsantritt von Herrn Juncker uird in der Hamburger B\u00fcrgerschaft eine kleine Anfrage gestellt, ob Hamburg von diesem Investitionsprogramm profitieren k\u00f6nne und wie &hellip; <a href=\"https:\/\/www.hamburg-fuer-die-elbe.de\/?p=3713\" class=\"more-link\"><span class=\"screen-reader-text\">Hafenquerspange<\/span> weiterlesen <span class=\"meta-nav\">&rarr;<\/span><\/a><\/p>\n","protected":false},"author":2,"featured_media":0,"comment_status":"closed","ping_status":"closed","sticky":false,"template":"","format":"standard","meta":{"footnotes":""},"categories":[1],"tags":[64,67],"_links":{"self":[{"href":"https:\/\/www.hamburg-fuer-die-elbe.de\/index.php?rest_route=\/wp\/v2\/posts\/3713"}],"collection":[{"href":"https:\/\/www.hamburg-fuer-die-elbe.de\/index.php?rest_route=\/wp\/v2\/posts"}],"about":[{"href":"https:\/\/www.hamburg-fuer-die-elbe.de\/index.php?rest_route=\/wp\/v2\/types\/post"}],"author":[{"embeddable":true,"href":"https:\/\/www.hamburg-fuer-die-elbe.de\/index.php?rest_route=\/wp\/v2\/users\/2"}],"replies":[{"embeddable":true,"href":"https:\/\/www.hamburg-fuer-die-elbe.de\/index.php?rest_route=%2Fwp%2Fv2%2Fcomments&post=3713"}],"version-history":[{"count":7,"href":"https:\/\/www.hamburg-fuer-die-elbe.de\/index.php?rest_route=\/wp\/v2\/posts\/3713\/revisions"}],"predecessor-version":[{"id":5961,"href":"https:\/\/www.hamburg-fuer-die-elbe.de\/index.php?rest_route=\/wp\/v2\/posts\/3713\/revisions\/5961"}],"wp:attachment":[{"href":"https:\/\/www.hamburg-fuer-die-elbe.de\/index.php?rest_route=%2Fwp%2Fv2%2Fmedia&parent=3713"}],"wp:term":[{"taxonomy":"category","embeddable":true,"href":"https:\/\/www.hamburg-fuer-die-elbe.de\/index.php?rest_route=%2Fwp%2Fv2%2Fcategories&post=3713"},{"taxonomy":"post_tag","embeddable":true,"href":"https:\/\/www.hamburg-fuer-die-elbe.de\/index.php?rest_route=%2Fwp%2Fv2%2Ftags&post=3713"}],"curies":[{"name":"wp","href":"https:\/\/api.w.org\/{rel}","templated":true}]}}