{"id":3715,"date":"2014-11-02T18:52:59","date_gmt":"2014-11-02T17:52:59","guid":{"rendered":"http:\/\/www.hamburg-fuer-die-elbe.de\/?p=3715"},"modified":"2014-11-02T18:55:35","modified_gmt":"2014-11-02T17:55:35","slug":"gabriel-und-elbvertiefung","status":"publish","type":"post","link":"https:\/\/www.hamburg-fuer-die-elbe.de\/?p=3715","title":{"rendered":"Gabriel und die Elbe"},"content":{"rendered":"<p>Am 30.03.2001 war es soweit: In einer &#8220;<a href=\"http:\/\/www.senatspressestelle.bremen.de\/sixcms\/detail.php?gsid=bremen146.c.7086.de&amp;asl=bremen146.c.25714.de\" target=\"_blank\">Erkl\u00e4rung von Ministerpr\u00e4sident Gabriel, <\/a><a href=\"https:\/\/www.hamburg-fuer-die-elbe.de\/wordpress\/wp-content\/uploads\/2014\/11\/NiedersachsenPorts.jpg\"><img loading=\"lazy\" decoding=\"async\" class=\"alignright size-medium wp-image-3722\" src=\"https:\/\/www.hamburg-fuer-die-elbe.de\/wordpress\/wp-content\/uploads\/2014\/11\/NiedersachsenPorts-178x300.jpg\" alt=\"NiedersachsenPorts\" width=\"178\" height=\"300\" srcset=\"https:\/\/www.hamburg-fuer-die-elbe.de\/wordpress\/wp-content\/uploads\/2014\/11\/NiedersachsenPorts-178x300.jpg 178w, https:\/\/www.hamburg-fuer-die-elbe.de\/wordpress\/wp-content\/uploads\/2014\/11\/NiedersachsenPorts-609x1024.jpg 609w, https:\/\/www.hamburg-fuer-die-elbe.de\/wordpress\/wp-content\/uploads\/2014\/11\/NiedersachsenPorts.jpg 784w\" sizes=\"(max-width: 178px) 100vw, 178px\" \/><\/a><a href=\"http:\/\/www.senatspressestelle.bremen.de\/sixcms\/detail.php?gsid=bremen146.c.7086.de&amp;asl=bremen146.c.25714.de\" target=\"_blank\">B\u00fcrgermeister Runde und B\u00fcrgermeister Scherf zur norddeutschen Hafenpolitik<\/a>&#8221; wird der Jade-Weser-Port in Wilhelmshaven aus der Taufe gehoben! Vehement verteidigt der damalige Ministerpr\u00e4sident des Landes Niedersachsen die mit obiger Erkl\u00e4rung gegr\u00fcndete Hafenkooperation: &#8220;<em><a href=\"http:\/\/www.google.de\/url?sa=t&amp;rct=j&amp;q=&amp;esrc=s&amp;source=web&amp;cd=10&amp;ved=0CE0QFjAJ&amp;url=http%3A%2F%2Fwww.noz.de%2Farchiv%2Fvermischtes%2Fartikel%2F35320%2Fwilhelmshaven-bekommt-zuschlag-fur-riesenprojekt&amp;ei=pWFWVLy1O43gOKikgfgO&amp;usg=AFQjCNGXdOOrqAjxkGFrQHVvcnTkkziqtg&amp;bvm=bv.78677474,d.ZWU&amp;cad=rja\" target=\"_blank\">Nach 1000 Jahren Hafenkonkurrenz ist jetzt endlich eine Kooperation in Gang gesetzt worden.<\/a><\/em>&#8221; und &#8220;<em>So sei absehbar, dass Hamburg und Bremen \u00fcber jetzt noch anstehende Erweiterungen hinaus keine Entwicklungsperspektiven im Containerbereich mehr h\u00e4tten. Schiffe der neuen Generation mit 10 000 Containern Ladekapazit\u00e4t k\u00f6nnten die H\u00e4fen dieser Hansest\u00e4dte selbst dann nicht mehr anlaufen, wenn die Elbe und die Weser noch einmal vertieft w\u00fcrden.&#8221;<\/em> erkl\u00e4rt er der Neuen OZ.<\/p>\n<p>K\u00f6nnen Sie sich vorstellen, dass dieser ehemalige Ministerpr\u00e4sident und Umweltminister, jetziger Wirtschaftsminister und SPD-Vorsitzender dieses alles vergessen hat? Auch Sie antworten jetzt mit einem klaren &#8220;Ja&#8221;?<\/p>\n<p>Heute ist unser Wirtschaftsminister mit viel \u00fcberfl\u00fcssiger Energie bei einer Matinee in Hamburg aufgelaufen. In Sachen Europ\u00e4ische Union \u00fcberwog dann diese Energie zu Lasten des wirtschaftlichen Sachverstandes : Er finde es &#8220;<a href=\"http:\/\/www.google.de\/url?sa=t&amp;rct=j&amp;q=&amp;esrc=s&amp;source=web&amp;cd=1&amp;cad=rja&amp;uact=8&amp;ved=0CCUQqQIwAA&amp;url=http%3A%2F%2Fwww.abendblatt.de%2Fhamburg%2Fhamburg-mitte%2Farticle133904909%2FSPD-Chef-Gabriel-warnt-vor-Scheitern-der-Elbvertiefung.html&amp;ei=ZmZWVJTJHsTZPYPPgLgN&amp;usg=AFQjCNF08N6HVKMKHdAU4rZQQ8ird15X4g&amp;bvm=bv.78677474,d.ZWU\" target=\"_blank\">einigerma\u00dfen skandal\u00f6s, wie schwierig es ist heutzutage, mit Europa eine Elbvertiefung durchzusetzen.<\/a>&#8221;<\/p>\n<p>WRRL? Bundesumweltminister? Was interessiert mich <a href=\"http:\/\/www.google.de\/url?sa=t&amp;rct=j&amp;q=&amp;esrc=s&amp;source=web&amp;cd=2&amp;ved=0CCkQFjAB&amp;url=http%3A%2F%2Fwww.thb.info%2Fnews%2Fsingle-view%2Fid%2Felbeausbau-nicht-sinnvoll.html%3Fsword_list%255B%255D%3Delbe%26no_cache%3D1&amp;ei=FmtWVMr8PIfiO57JgMAB&amp;usg=AFQjCNGHYecKLaQjfWwwyEM3QgJcijURVQ&amp;bvm=bv.78677474,d.ZWU&amp;cad=rja\" target=\"_blank\">mein Geschw\u00e4tz von gestern<\/a>? Erinnert eh keiner mehr, scheint der <a href=\"http:\/\/www.google.de\/url?sa=t&amp;rct=j&amp;q=&amp;esrc=s&amp;source=web&amp;cd=29&amp;ved=0CE4QFjAIOBQ&amp;url=http%3A%2F%2Fdipbt.bundestag.de%2Fdip21%2Fbtd%2F16%2F086%2F1608619.pdf&amp;ei=gmxWVISGKMOsPPfTgPAG&amp;usg=AFQjCNFTcz8_z65UUeVbipDeAYqd1Tvxdg&amp;bvm=bv.78677474,d.ZWU&amp;cad=rja\" target=\"_blank\">Herr Gabriel zu denken<\/a>.<\/p>\n<p>Wir denken, dass man als Hamburger seine Wahl-Kreuzchen z.B. am 15.02.2015 auch woanders setzen kann. Wo? Ja, das werden wir in den n\u00e4chsten Monaten mit Sicherheit in Erfahrung bringen k\u00f6nnen!<\/p>\n","protected":false},"excerpt":{"rendered":"<p>Am 30.03.2001 war es soweit: In einer &#8220;Erkl\u00e4rung von Ministerpr\u00e4sident Gabriel, B\u00fcrgermeister Runde und B\u00fcrgermeister Scherf zur norddeutschen Hafenpolitik&#8221; wird der Jade-Weser-Port in Wilhelmshaven aus der Taufe gehoben! Vehement verteidigt der damalige Ministerpr\u00e4sident des Landes Niedersachsen die mit obiger Erkl\u00e4rung gegr\u00fcndete Hafenkooperation: &#8220;Nach 1000 Jahren Hafenkonkurrenz ist jetzt endlich eine Kooperation in Gang gesetzt worden.&#8221; &hellip; <a href=\"https:\/\/www.hamburg-fuer-die-elbe.de\/?p=3715\" class=\"more-link\"><span class=\"screen-reader-text\">Gabriel und die Elbe<\/span> weiterlesen <span class=\"meta-nav\">&rarr;<\/span><\/a><\/p>\n","protected":false},"author":2,"featured_media":0,"comment_status":"closed","ping_status":"closed","sticky":false,"template":"","format":"standard","meta":{"footnotes":""},"categories":[1],"tags":[221],"_links":{"self":[{"href":"https:\/\/www.hamburg-fuer-die-elbe.de\/index.php?rest_route=\/wp\/v2\/posts\/3715"}],"collection":[{"href":"https:\/\/www.hamburg-fuer-die-elbe.de\/index.php?rest_route=\/wp\/v2\/posts"}],"about":[{"href":"https:\/\/www.hamburg-fuer-die-elbe.de\/index.php?rest_route=\/wp\/v2\/types\/post"}],"author":[{"embeddable":true,"href":"https:\/\/www.hamburg-fuer-die-elbe.de\/index.php?rest_route=\/wp\/v2\/users\/2"}],"replies":[{"embeddable":true,"href":"https:\/\/www.hamburg-fuer-die-elbe.de\/index.php?rest_route=%2Fwp%2Fv2%2Fcomments&post=3715"}],"version-history":[{"count":7,"href":"https:\/\/www.hamburg-fuer-die-elbe.de\/index.php?rest_route=\/wp\/v2\/posts\/3715\/revisions"}],"predecessor-version":[{"id":3727,"href":"https:\/\/www.hamburg-fuer-die-elbe.de\/index.php?rest_route=\/wp\/v2\/posts\/3715\/revisions\/3727"}],"wp:attachment":[{"href":"https:\/\/www.hamburg-fuer-die-elbe.de\/index.php?rest_route=%2Fwp%2Fv2%2Fmedia&parent=3715"}],"wp:term":[{"taxonomy":"category","embeddable":true,"href":"https:\/\/www.hamburg-fuer-die-elbe.de\/index.php?rest_route=%2Fwp%2Fv2%2Fcategories&post=3715"},{"taxonomy":"post_tag","embeddable":true,"href":"https:\/\/www.hamburg-fuer-die-elbe.de\/index.php?rest_route=%2Fwp%2Fv2%2Ftags&post=3715"}],"curies":[{"name":"wp","href":"https:\/\/api.w.org\/{rel}","templated":true}]}}