{"id":3774,"date":"2014-11-08T00:02:02","date_gmt":"2014-11-07T23:02:02","guid":{"rendered":"http:\/\/www.hamburg-fuer-die-elbe.de\/?p=3774"},"modified":"2015-11-11T08:06:58","modified_gmt":"2015-11-11T07:06:58","slug":"bahnstreik","status":"publish","type":"post","link":"https:\/\/www.hamburg-fuer-die-elbe.de\/?p=3774","title":{"rendered":"Bahnstreik"},"content":{"rendered":"<p>Es ist Lokf\u00fchrerstreik und in Deutschland schlagen die Wogen politisch hoch. W\u00e4hrend die Auswirkungen des Bahnstreiks im Personenverkehr von jedem B\u00fcrger selbst erlebt werden k\u00f6nnen, erschlie\u00dfen sich einem die Streikausf\u00e4lle im G\u00fcterverkehr nur wenig. Eigentlich <a href=\"https:\/\/www.hamburg-fuer-die-elbe.de\/wordpress\/wp-content\/uploads\/2014\/11\/Bremerhaven21.jpg\" target=\"_blank\"><img loading=\"lazy\" decoding=\"async\" class=\"alignright wp-image-3923 size-medium\" src=\"https:\/\/www.hamburg-fuer-die-elbe.de\/wordpress\/wp-content\/uploads\/2014\/11\/Bremerhaven21-300x169.jpg\" alt=\"Bremerhaven2\" width=\"300\" height=\"169\" srcset=\"https:\/\/www.hamburg-fuer-die-elbe.de\/wordpress\/wp-content\/uploads\/2014\/11\/Bremerhaven21-300x169.jpg 300w, https:\/\/www.hamburg-fuer-die-elbe.de\/wordpress\/wp-content\/uploads\/2014\/11\/Bremerhaven21-1024x577.jpg 1024w, https:\/\/www.hamburg-fuer-die-elbe.de\/wordpress\/wp-content\/uploads\/2014\/11\/Bremerhaven21-900x507.jpg 900w, https:\/\/www.hamburg-fuer-die-elbe.de\/wordpress\/wp-content\/uploads\/2014\/11\/Bremerhaven21.jpg 1303w\" sizes=\"(max-width: 300px) 100vw, 300px\" \/><\/a>m\u00fcsste der Bahnstreik doch auch Auswirkungen auf den Containerumschlag haben &#8211; schlie\u00dflich wirbt <a href=\"http:\/\/www.hamburg-port-authority.de\/de\/der-hafen-hamburg\/zahlen-und-fakten\/Seiten\/default.aspx\" target=\"_blank\">Hamburgs Hafen mit der Bahn<\/a>: &#8220;<em>mehr als <strong>200 G\u00fcterz\u00fcge <\/strong>mit <strong>5000 Waggons <\/strong>t\u00e4glich machen Hamburg zum gr\u00f6\u00dften Eisenbahnhafen Europas und zum zweitgr\u00f6\u00dften der Welt.<\/em>&#8221;<\/p>\n<p>In der <a href=\"http:\/\/www.google.de\/url?sa=t&amp;rct=j&amp;q=&amp;esrc=s&amp;source=web&amp;cd=1&amp;ved=0CCMQFjAA&amp;url=http%3A%2F%2Fwww.verkehrsrundschau.de%2Fbahnstreik-betrifft-seehaefen-1560730.html&amp;ei=H_9cVOqoBc7ePcTfgPgB&amp;usg=AFQjCNEzJ7T32KTJyHDQO5NlCLTWRNiSaw&amp;bvm=bv.79189006,d.ZWU&amp;cad=rja\" target=\"_blank\">Verkehrsrundschau<\/a> ist nicht viel \u00fcber die Auswirkungen zu lesen. Im <a href=\"http:\/\/www.google.de\/url?sa=t&amp;rct=j&amp;q=&amp;esrc=s&amp;source=web&amp;cd=1&amp;cad=rja&amp;uact=8&amp;ved=0CC8QFjAA&amp;url=http%3A%2F%2Fwww.abendblatt.de%2Fwirtschaft%2Farticle134032289%2FBahnstreik-verunsichert-norddeutsche-Haefen.html&amp;ei=9v1cVI77CcXyPK37gcgK&amp;usg=AFQjCNE8cigHc0wE4q2tTn9ILZdbFtrsxw&amp;bvm=bv.79189006,d.ZWU\" target=\"_blank\">Abendblatt liest man hierzu<\/a>: &#8220;<em>Hamburg ist der gr\u00f6\u00dfte Eisenbahnhafen in Europa, und auch die bremischen H\u00e4fen sind angewiesen auf die Bahn. Der Streik k\u00f6nnte den Ruf der H\u00e4fen im Ausland dauerhaft sch\u00e4digen, bef\u00fcrchten Experten.<\/em>&#8221; Ach ja, die bekannte <a href=\"http:\/\/www.google.de\/url?sa=t&amp;rct=j&amp;q=&amp;esrc=s&amp;source=web&amp;cd=1&amp;cad=rja&amp;uact=8&amp;ved=0CCMQqQIwAA&amp;url=http%3A%2F%2Fwww.abendblatt.de%2Fwirtschaft%2Farticle134040748%2FSpediteure-schicken-mehr-Laster-auf-die-Strassen.html&amp;ei=qRRdVLO3BMLLO5rVgeAN&amp;usg=AFQjCNH5NfkICPPrOmAiZSV4H1ZXwM60-Q&amp;bvm=bv.79189006,d.ZWU\" target=\"_blank\">hanseatische Pfeffersack-Angst<\/a>: Wahrscheinlich laufen die Reedereien wegen des Bahnstreiks und der fehlenden Elb- und Weservertiefung bald gar keinen deutschen Hafen mehr an.<\/p>\n<p>\u00dcber Radio Bremen werden wir nun etwas schlauer: &#8220;G\u00fcterverkehr im Hafen l\u00e4uft weiter&#8221; (Beitrag von RB gel\u00f6scht). Im Gegensatz zu Hamburg gibt es in Bremen sogar vom Senat \u00fcber <a href=\"http:\/\/www.bremenports.de\/standort\/bremische-hafeneisenbahn\/unternehmen\" target=\"_blank\">Herrn Iven Kr\u00e4mer<\/a> eine Auskunft zur Situation und zu den Gr\u00fcnden. Auch bei der Bremischen Hafeneisenbahn sind neben der bestreikten Deutschen Bahn private Eisenbahnunternehmen zugelassen, die nicht bestreikt werden. Und: &#8220;<em>Im Hafengebiet sind vor allem Rangierlokf\u00fchrer im Einsatz. Sie streiken nicht. Und sie stellen die Verbindung zwischen den Terminals und dem Netz der Deutschen Bahn her. Deshalb l\u00e4uft der Verkehr in Bremerhaven. Denn das ist der Hafen in Europa, der anteilig die meisten G\u00fcter oder Autos auf der Schiene transportiert. &#8220;Mehr als die Containerh\u00e4fen in Hamburg oder Rotterdam&#8221;, stellt Kr\u00e4mer klar.<\/em>&#8221;<\/p>\n<p>Da merken wir Hamburger doch auf und zucken: unser Hamburger Hafen ist doch der gr\u00f6\u00dfte Eisenbahnhafen Europas? Ja, und dann war doch auch noch etwas mit CO2&#8230;? Hatte unser erster B\u00fcrgermeister, Herr Olaf Scholz, in seiner <a href=\"https:\/\/www.hamburg-fuer-die-elbe.de\/?p=3284\" target=\"_blank\">Regierungserkl\u00e4rung<\/a> nicht festgestellt, dass &#8220;<em>angesichts der G\u00fctertransporte auf der Stra\u00dfe (&#8230;) der Ausbau der Wasserwege auch eine wichtige \u00f6kologische Funktion<\/em>&#8221; h\u00e4tte? Um dann zu argumentieren, dass eine ausbleibende Elbvertiefung und eine damit verbundene\u00a0 Verlagerung auf andere <a href=\"https:\/\/www.hamburg-fuer-die-elbe.de\/wordpress\/wp-content\/uploads\/2014\/11\/Metrans1.jpg\" target=\"_blank\"><img loading=\"lazy\" decoding=\"async\" class=\"alignleft wp-image-3922 size-medium\" src=\"https:\/\/www.hamburg-fuer-die-elbe.de\/wordpress\/wp-content\/uploads\/2014\/11\/Metrans1-300x204.jpg\" alt=\"Metrans\" width=\"300\" height=\"204\" srcset=\"https:\/\/www.hamburg-fuer-die-elbe.de\/wordpress\/wp-content\/uploads\/2014\/11\/Metrans1-300x204.jpg 300w, https:\/\/www.hamburg-fuer-die-elbe.de\/wordpress\/wp-content\/uploads\/2014\/11\/Metrans1-1024x698.jpg 1024w, https:\/\/www.hamburg-fuer-die-elbe.de\/wordpress\/wp-content\/uploads\/2014\/11\/Metrans1-900x613.jpg 900w, https:\/\/www.hamburg-fuer-die-elbe.de\/wordpress\/wp-content\/uploads\/2014\/11\/Metrans1.jpg 1154w\" sizes=\"(max-width: 300px) 100vw, 300px\" \/><\/a>H\u00e4fen (z.B. Bremen und Rotterdam) zu vermehrtem Lkw-Verkehr f\u00fchren w\u00fcrde? Es sei &#8220;<em>eine beeindruckende Vorstellung\u00a0 \u2013 und keine angenehme \u2013, dass Bayern, \u00d6sterreich und die Tschechische Republik von ihren guten Schienenverbindungen nach Hamburg abweichen m\u00fcssten<\/em>&#8220;.<\/p>\n<p>Wenn wir uns nun noch vorstellen, dass die Bahntrassen von Bremen, Hamburg und Wilhelmshaven Richtung Bayern, \u00d6sterreich und Tschechische Republik nahezu identisch sind, verstehen wir unseren ersten B\u00fcrgermeister nicht mehr. Warum sagt er so etwas, warum stellt er derartig unsinnige Szenarien auf?<\/p>\n<p>Wer jetzt noch Interesse an anderen Informationen zum Bahnstreik hat, dem sei ein Beitrag\u00a0 auf den <a href=\"http:\/\/www.nachdenkseiten.de\/?p=23873\" target=\"_blank\">Nachdenkseiten<\/a> empfohlen.<\/p>\n","protected":false},"excerpt":{"rendered":"<p>Es ist Lokf\u00fchrerstreik und in Deutschland schlagen die Wogen politisch hoch. W\u00e4hrend die Auswirkungen des Bahnstreiks im Personenverkehr von jedem B\u00fcrger selbst erlebt werden k\u00f6nnen, erschlie\u00dfen sich einem die Streikausf\u00e4lle im G\u00fcterverkehr nur wenig. Eigentlich m\u00fcsste der Bahnstreik doch auch Auswirkungen auf den Containerumschlag haben &#8211; schlie\u00dflich wirbt Hamburgs Hafen mit der Bahn: &#8220;mehr als &hellip; <a href=\"https:\/\/www.hamburg-fuer-die-elbe.de\/?p=3774\" class=\"more-link\"><span class=\"screen-reader-text\">Bahnstreik<\/span> weiterlesen <span class=\"meta-nav\">&rarr;<\/span><\/a><\/p>\n","protected":false},"author":2,"featured_media":0,"comment_status":"closed","ping_status":"closed","sticky":false,"template":"","format":"standard","meta":{"footnotes":""},"categories":[1,152],"tags":[226,54],"_links":{"self":[{"href":"https:\/\/www.hamburg-fuer-die-elbe.de\/index.php?rest_route=\/wp\/v2\/posts\/3774"}],"collection":[{"href":"https:\/\/www.hamburg-fuer-die-elbe.de\/index.php?rest_route=\/wp\/v2\/posts"}],"about":[{"href":"https:\/\/www.hamburg-fuer-die-elbe.de\/index.php?rest_route=\/wp\/v2\/types\/post"}],"author":[{"embeddable":true,"href":"https:\/\/www.hamburg-fuer-die-elbe.de\/index.php?rest_route=\/wp\/v2\/users\/2"}],"replies":[{"embeddable":true,"href":"https:\/\/www.hamburg-fuer-die-elbe.de\/index.php?rest_route=%2Fwp%2Fv2%2Fcomments&post=3774"}],"version-history":[{"count":9,"href":"https:\/\/www.hamburg-fuer-die-elbe.de\/index.php?rest_route=\/wp\/v2\/posts\/3774\/revisions"}],"predecessor-version":[{"id":8220,"href":"https:\/\/www.hamburg-fuer-die-elbe.de\/index.php?rest_route=\/wp\/v2\/posts\/3774\/revisions\/8220"}],"wp:attachment":[{"href":"https:\/\/www.hamburg-fuer-die-elbe.de\/index.php?rest_route=%2Fwp%2Fv2%2Fmedia&parent=3774"}],"wp:term":[{"taxonomy":"category","embeddable":true,"href":"https:\/\/www.hamburg-fuer-die-elbe.de\/index.php?rest_route=%2Fwp%2Fv2%2Fcategories&post=3774"},{"taxonomy":"post_tag","embeddable":true,"href":"https:\/\/www.hamburg-fuer-die-elbe.de\/index.php?rest_route=%2Fwp%2Fv2%2Ftags&post=3774"}],"curies":[{"name":"wp","href":"https:\/\/api.w.org\/{rel}","templated":true}]}}