{"id":3878,"date":"2014-11-16T18:14:23","date_gmt":"2014-11-16T17:14:23","guid":{"rendered":"http:\/\/www.hamburg-fuer-die-elbe.de\/?p=3878"},"modified":"2015-06-03T22:05:29","modified_gmt":"2015-06-03T21:05:29","slug":"mehr-macht","status":"publish","type":"post","link":"https:\/\/www.hamburg-fuer-die-elbe.de\/?p=3878","title":{"rendered":"Mehr Macht &#8230;"},"content":{"rendered":"<p>&#8230;f\u00fcr Umweltverb\u00e4nde w\u00fcnschen sich laut einer repr\u00e4sentativen Umfrage des Abendblattes die Hamburgerinnen und Hamburger. Die Ergebnisse der Umfrage wurden am 14.11.2014 sehr versteckt im Abendblatt ver\u00f6ffentlicht &#8211; gefunden haben wir die Umfrageergebnisse bei den Kollegen von <a href=\"http:\/\/umweltfairaendern.de\/2014\/11\/hamburgerinnen-wollen-das-fast-alle-macht-dem-bund\/\" target=\"_blank\">Umweltfairaendern.de<\/a>, die eine umfassende Kommentierung auch in Sachen Elbvertiefung abgegeben haben. Die &#8220;lesefreundlichen&#8221; Links finden Sie hier: zum <a href=\"http:\/\/www.google.de\/url?sa=t&amp;rct=j&amp;q=&amp;esrc=s&amp;source=web&amp;cd=1&amp;cad=rja&amp;uact=8&amp;ved=0CCQQqQIwAA&amp;url=http%3A%2F%2Fwww.abendblatt.de%2Fhamburg%2Farticle134327982%2FHamburger-wuenschen-sich-mehr-Macht-fuer-Umweltverbaende.html&amp;ei=pNNoVKbREIS5OPWwgZAF&amp;usg=AFQjCNG-Py5C9Vbyf7VsSocx8QYHZlit-g&amp;bvm=bv.79142246,d.ZWU\" target=\"_blank\">Artikel im Abendblatt<\/a> und zu den beiden angef\u00fchrten Kommentaren, <a href=\"http:\/\/www.google.de\/url?sa=t&amp;rct=j&amp;q=&amp;esrc=s&amp;source=web&amp;cd=1&amp;cad=rja&amp;uact=8&amp;ved=0CCQQqQIwAA&amp;url=http%3A%2F%2Fwww.abendblatt.de%2Fmeinung%2Farticle134329598%2FDie-Natur-braucht-einen-Anwalt.html&amp;ei=W9RoVOD2PMb1OKC7gKgD&amp;usg=AFQjCNHZdR-ndUgO_6oeo9k6MdldSWKlEw&amp;bvm=bv.79142246,d.ZWU\" target=\"_blank\">Pro von Herrn Jens Meyer-Wellman <\/a>und <a href=\"http:\/\/www.google.de\/url?sa=t&amp;rct=j&amp;q=&amp;esrc=s&amp;source=web&amp;cd=1&amp;cad=rja&amp;uact=8&amp;ved=0CCMQFjAA&amp;url=http%3A%2F%2Fwww.abendblatt.de%2Fmeinung%2Farticle134322157%2FUmweltverbaende-zu-maechtig.html&amp;ei=-9NoVITHJofJPYzsgMgH&amp;usg=AFQjCNEaZ0bbUyJaobWs2i5aYIjUI45pTg&amp;bvm=bv.79142246,d.ZWU\" target=\"_blank\">Contra von Herrn Matthias Iken. <\/a><\/p>\n<p>Damit die Naturschutzverb\u00e4nde, BUND und Nabu, ihre gesellschaftpolitische Arbeit fortsetzen k\u00f6nnen und beispielsweise ein Herr Manfred Braasch, Gesch\u00e4ftsf\u00fchrer des BUND Hamburg, dem uns\u00e4glichen &#8220;Druck von ZEITlosen Demagogen&#8221;<a href=\"https:\/\/www.hamburg-fuer-die-elbe.de\/wordpress\/wp-content\/uploads\/2014\/11\/ZEITHamburg.jpg\" target=\"_blank\"><img loading=\"lazy\" decoding=\"async\" class=\"alignright wp-image-3972\" src=\"https:\/\/www.hamburg-fuer-die-elbe.de\/wordpress\/wp-content\/uploads\/2014\/11\/ZEITHamburg-300x153.jpg\" alt=\"ZEITHamburg\" width=\"360\" height=\"184\" srcset=\"https:\/\/www.hamburg-fuer-die-elbe.de\/wordpress\/wp-content\/uploads\/2014\/11\/ZEITHamburg-300x153.jpg 300w, https:\/\/www.hamburg-fuer-die-elbe.de\/wordpress\/wp-content\/uploads\/2014\/11\/ZEITHamburg-1024x523.jpg 1024w, https:\/\/www.hamburg-fuer-die-elbe.de\/wordpress\/wp-content\/uploads\/2014\/11\/ZEITHamburg-900x459.jpg 900w, https:\/\/www.hamburg-fuer-die-elbe.de\/wordpress\/wp-content\/uploads\/2014\/11\/ZEITHamburg.jpg 1466w\" sizes=\"(max-width: 360px) 100vw, 360px\" \/><\/a> (anklicken zum Vergr\u00f6\u00dfern) standhalten und weiterhin machtvoll f\u00fcr unsere Elbe und gegen deren weitere Vertiefung arbeiten kann, ben\u00f6tigt der BUND <a title=\"Spendenaufruf zur Elbvertiefungsklage\" href=\"https:\/\/www.hamburg-fuer-die-elbe.de\/?p=3384\" target=\"_blank\">unsere finanzielle Unterst\u00fctzung<\/a>. St\u00e4rken Sie die klagenden Streiter mit einer Spende, wie wir es von Hamburg f\u00fcr die Elbe bereits gemacht haben. Wir danken Ihnen!<\/p>\n<p>F\u00fcr eine Bindung der Spende an das Klageverfahren gegen die Elbvertiefung geben Sie bitte bei Ihrer \u00dcberweisung den Verwendungszweck \u201c<strong>Klage Elbvertiefung<\/strong>\u201d an.<\/p>\n<p>Spendenkonto des BUND Hamburg: Nr. 1230 122 226<br \/>\nHamburger Sparkasse, BLZ 200 505 50<br \/>\nKontoverbindung nach dem europ\u00e4ischen SEPA-Format:<br \/>\nIBAN: DE 2120 0505 5012 3012 2226 \u25cf BIC: HASPDEHHXXX<\/p>\n<p>PS: der abgebildete ZEIT-Beitrag stammt von dem Redakteur, den unser <a href=\"https:\/\/www.hamburg-fuer-die-elbe.de\/?p=3284\" target=\"_blank\">Erster B\u00fcrgermeister, Herr Olaf Scholz<\/a> in seiner <a href=\"http:\/\/www.hamburg.de\/contentblob\/4385606\/data\/2014-10-08-regierungserklaerung.pdf\" target=\"_blank\">Regierungserkl\u00e4rung zum Aussetzungsentscheid des Bundesverwaltungsgerichtes\u00a0 <\/a>namentlich auf Seite 4, Mitte, zitiert hat!<\/p>\n<p>&nbsp;<\/p>\n","protected":false},"excerpt":{"rendered":"<p>&#8230;f\u00fcr Umweltverb\u00e4nde w\u00fcnschen sich laut einer repr\u00e4sentativen Umfrage des Abendblattes die Hamburgerinnen und Hamburger. Die Ergebnisse der Umfrage wurden am 14.11.2014 sehr versteckt im Abendblatt ver\u00f6ffentlicht &#8211; gefunden haben wir die Umfrageergebnisse bei den Kollegen von Umweltfairaendern.de, die eine umfassende Kommentierung auch in Sachen Elbvertiefung abgegeben haben. Die &#8220;lesefreundlichen&#8221; Links finden Sie hier: zum Artikel &hellip; <a href=\"https:\/\/www.hamburg-fuer-die-elbe.de\/?p=3878\" class=\"more-link\"><span class=\"screen-reader-text\">Mehr Macht &#8230;<\/span> weiterlesen <span class=\"meta-nav\">&rarr;<\/span><\/a><\/p>\n","protected":false},"author":2,"featured_media":0,"comment_status":"closed","ping_status":"closed","sticky":false,"template":"","format":"standard","meta":{"footnotes":""},"categories":[1,11],"tags":[168,239,238],"_links":{"self":[{"href":"https:\/\/www.hamburg-fuer-die-elbe.de\/index.php?rest_route=\/wp\/v2\/posts\/3878"}],"collection":[{"href":"https:\/\/www.hamburg-fuer-die-elbe.de\/index.php?rest_route=\/wp\/v2\/posts"}],"about":[{"href":"https:\/\/www.hamburg-fuer-die-elbe.de\/index.php?rest_route=\/wp\/v2\/types\/post"}],"author":[{"embeddable":true,"href":"https:\/\/www.hamburg-fuer-die-elbe.de\/index.php?rest_route=\/wp\/v2\/users\/2"}],"replies":[{"embeddable":true,"href":"https:\/\/www.hamburg-fuer-die-elbe.de\/index.php?rest_route=%2Fwp%2Fv2%2Fcomments&post=3878"}],"version-history":[{"count":9,"href":"https:\/\/www.hamburg-fuer-die-elbe.de\/index.php?rest_route=\/wp\/v2\/posts\/3878\/revisions"}],"predecessor-version":[{"id":6723,"href":"https:\/\/www.hamburg-fuer-die-elbe.de\/index.php?rest_route=\/wp\/v2\/posts\/3878\/revisions\/6723"}],"wp:attachment":[{"href":"https:\/\/www.hamburg-fuer-die-elbe.de\/index.php?rest_route=%2Fwp%2Fv2%2Fmedia&parent=3878"}],"wp:term":[{"taxonomy":"category","embeddable":true,"href":"https:\/\/www.hamburg-fuer-die-elbe.de\/index.php?rest_route=%2Fwp%2Fv2%2Fcategories&post=3878"},{"taxonomy":"post_tag","embeddable":true,"href":"https:\/\/www.hamburg-fuer-die-elbe.de\/index.php?rest_route=%2Fwp%2Fv2%2Ftags&post=3878"}],"curies":[{"name":"wp","href":"https:\/\/api.w.org\/{rel}","templated":true}]}}