{"id":4088,"date":"2014-11-22T10:43:21","date_gmt":"2014-11-22T09:43:21","guid":{"rendered":"http:\/\/www.hamburg-fuer-die-elbe.de\/?p=4088"},"modified":"2015-11-10T07:58:21","modified_gmt":"2015-11-10T06:58:21","slug":"greenport-hamburg","status":"publish","type":"post","link":"https:\/\/www.hamburg-fuer-die-elbe.de\/?p=4088","title":{"rendered":"Greenport Hamburg"},"content":{"rendered":"<p>Wenn sich unser Hamburg Hafen mit der Bezeichnung \u201eGreenport\u201c als besonders umweltfreundlicher Hafen ins Gespr\u00e4ch bringt, reicht es nicht eine Internetseite mit alten H\u00fcten auf www.hafen-hamburg.de (<em>Hinweise zu Greenport Hamburg zwischenzeitlich gel\u00f6scht<\/em>) zu betreiben, <a href=\"https:\/\/www.buergerschaft-hh.de\/ParlDok\/dokument\/46489\/das-tor-zur-welt-muss-noch-gr%C3%BCner-werden-%E2%80%93-nachhaltigkeitsbericht-der-hpa-auf-das-ganze-hafengebiet-ausdehnen.pdf\" target=\"_blank\" class=\"broken_link\">Staatsknete f\u00fcr die Erstellung von Nachhaltigkeitsberichten<\/a> zu fordern oder ein paar <a href=\"https:\/\/www.hamburg-fuer-die-elbe.de\/?p=3756\" target=\"_blank\">Windm\u00fchlen im Hamburger Hafen<\/a> <a href=\"https:\/\/www.hamburg-fuer-die-elbe.de\/wordpress\/wp-content\/uploads\/2014\/10\/Schlepper1.jpg\" target=\"_blank\"><img loading=\"lazy\" decoding=\"async\" class=\"alignright wp-image-3946\" src=\"https:\/\/www.hamburg-fuer-die-elbe.de\/wordpress\/wp-content\/uploads\/2014\/10\/Schlepper1-300x131.jpg\" alt=\"Schlepper\" width=\"328\" height=\"144\" srcset=\"https:\/\/www.hamburg-fuer-die-elbe.de\/wordpress\/wp-content\/uploads\/2014\/10\/Schlepper1-300x131.jpg 300w, https:\/\/www.hamburg-fuer-die-elbe.de\/wordpress\/wp-content\/uploads\/2014\/10\/Schlepper1-1024x449.jpg 1024w, https:\/\/www.hamburg-fuer-die-elbe.de\/wordpress\/wp-content\/uploads\/2014\/10\/Schlepper1-900x394.jpg 900w, https:\/\/www.hamburg-fuer-die-elbe.de\/wordpress\/wp-content\/uploads\/2014\/10\/Schlepper1.jpg 1258w\" sizes=\"(max-width: 328px) 100vw, 328px\" \/><\/a>aufzustellen. Von Politik und Wirtschaft erwarten wir einfach mehr: schlie\u00dflich sind sie verantwortlich f\u00fcr die Hamburger Bev\u00f6lkerung, deren Gesundheit durch die giftigen Schiffsabgase aus dem mitten im Herzen der Stadt liegenden Hafens belastet ist.<\/p>\n<p>Wie lange hat es gedauert, bis diese <a href=\"http:\/\/www.kloenschnack.de\/magazin\/regionales\/klimawandel-vom-szenario-zur-realitaet-2\/\" target=\"_blank\">Verantwortlichen zu der Realisierung einer Landstromversorgung f\u00fcr Kreuzfahrtschiffe<\/a> getragen oder zur <a href=\"http:\/\/www.google.de\/url?sa=t&amp;rct=j&amp;q=&amp;esrc=s&amp;source=web&amp;cd=1&amp;ved=0CCMQFjAA&amp;url=http%3A%2F%2Fwww.abendblatt.de%2Fhamburg%2Farticle133417334%2FNeue-Fluessiggas-Barge-hoert-auf-den-Namen-Hummel.html&amp;ei=1YFwVIqjJIK3PZ2RgeAC&amp;usg=AFQjCNGO1kOzvIkDcfgX1FXNtePztrkHVg&amp;bvm=bv.80185997,d.ZWU&amp;cad=rja\" target=\"_blank\">Anschaffung einer LNG-Barge<\/a> bewegt werden konnten? Nein, die Bereitschaft was zu \u00e4ndern, Feuerwerke an Ideen zur Verminderung von Schiffsabgasen samt deren z\u00fcgiger Umsetzung, sehen anders aus. Wo bleiben die Vorschl\u00e4ge aus Politik und Hafenwirtschaft?<\/p>\n<p>Wie \u201eengagiert\u201c unser Senat ist, zeigen die kleinen Anfragen zu den <a href=\"https:\/\/www.hamburg-fuer-die-elbe.de\/?p=3369\" target=\"_blank\">Schleppern und HADAG-F\u00e4hren<\/a>. So beantwortet der Senat, die Frage nach seiner Einsch\u00e4tzung, ob die \u201e<em>seit dem Jahr 2011 in den H\u00e4fen von Rotterdam und Amsterdam t\u00e4tigen Schleppertypen ASD 2810 Hybrid als Vorbild f\u00fcr den Einsatz von Schleppern im Hamburger Hafen dienen\u201c k\u00f6nnten? mit einem leidenschaftlichen:<br \/>\n<strong>\u201e<\/strong><\/em><strong><em>Mit diesen Fragestellungen hat sich der Senat bislang nicht befasst.<\/em><\/strong><strong>\u201c<\/strong><\/p>\n<p>So muss das Senatsinteresse wohl mit einer <a href=\"https:\/\/www.buergerschaft-hh.de\/ParlDok\/dokument\/47048\/umweltfreundlicher-einsatz-der-schlepper-im-hamburger-hafen-ii-.pdf\" target=\"_blank\" class=\"broken_link\">neuen kleinen Anfrage in der B\u00fcrgerschaft<\/a> angeregt werden. Wir wollen dem Senat auch helfen und liefern ihm eine <a href=\"http:\/\/products.damen.com\/~\/media\/nl\/Images\/News\/News%20Items\/2014\/06\/Iskes%20takes%20delivery%20of%20Damen%20first%20hybrid%20tug\/Damen_ASD_Tug_2810_Brochure.ashx\" target=\"_blank\">Produktbrosch\u00fcre des Hybridschleppers ASD2810<\/a> zur Unterst\u00fctzung.<\/p>\n","protected":false},"excerpt":{"rendered":"<p>Wenn sich unser Hamburg Hafen mit der Bezeichnung \u201eGreenport\u201c als besonders umweltfreundlicher Hafen ins Gespr\u00e4ch bringt, reicht es nicht eine Internetseite mit alten H\u00fcten auf www.hafen-hamburg.de (Hinweise zu Greenport Hamburg zwischenzeitlich gel\u00f6scht) zu betreiben, Staatsknete f\u00fcr die Erstellung von Nachhaltigkeitsberichten zu fordern oder ein paar Windm\u00fchlen im Hamburger Hafen aufzustellen. Von Politik und Wirtschaft erwarten &hellip; <a href=\"https:\/\/www.hamburg-fuer-die-elbe.de\/?p=4088\" class=\"more-link\"><span class=\"screen-reader-text\">Greenport Hamburg<\/span> weiterlesen <span class=\"meta-nav\">&rarr;<\/span><\/a><\/p>\n","protected":false},"author":2,"featured_media":0,"comment_status":"closed","ping_status":"closed","sticky":false,"template":"","format":"standard","meta":{"footnotes":""},"categories":[1,10],"tags":[245,246],"_links":{"self":[{"href":"https:\/\/www.hamburg-fuer-die-elbe.de\/index.php?rest_route=\/wp\/v2\/posts\/4088"}],"collection":[{"href":"https:\/\/www.hamburg-fuer-die-elbe.de\/index.php?rest_route=\/wp\/v2\/posts"}],"about":[{"href":"https:\/\/www.hamburg-fuer-die-elbe.de\/index.php?rest_route=\/wp\/v2\/types\/post"}],"author":[{"embeddable":true,"href":"https:\/\/www.hamburg-fuer-die-elbe.de\/index.php?rest_route=\/wp\/v2\/users\/2"}],"replies":[{"embeddable":true,"href":"https:\/\/www.hamburg-fuer-die-elbe.de\/index.php?rest_route=%2Fwp%2Fv2%2Fcomments&post=4088"}],"version-history":[{"count":14,"href":"https:\/\/www.hamburg-fuer-die-elbe.de\/index.php?rest_route=\/wp\/v2\/posts\/4088\/revisions"}],"predecessor-version":[{"id":8208,"href":"https:\/\/www.hamburg-fuer-die-elbe.de\/index.php?rest_route=\/wp\/v2\/posts\/4088\/revisions\/8208"}],"wp:attachment":[{"href":"https:\/\/www.hamburg-fuer-die-elbe.de\/index.php?rest_route=%2Fwp%2Fv2%2Fmedia&parent=4088"}],"wp:term":[{"taxonomy":"category","embeddable":true,"href":"https:\/\/www.hamburg-fuer-die-elbe.de\/index.php?rest_route=%2Fwp%2Fv2%2Fcategories&post=4088"},{"taxonomy":"post_tag","embeddable":true,"href":"https:\/\/www.hamburg-fuer-die-elbe.de\/index.php?rest_route=%2Fwp%2Fv2%2Ftags&post=4088"}],"curies":[{"name":"wp","href":"https:\/\/api.w.org\/{rel}","templated":true}]}}